{"id":343779,"date":"2026-01-16T10:04:08","date_gmt":"2026-01-16T10:04:08","guid":{"rendered":"https:\/\/www.europesays.com\/es\/343779\/"},"modified":"2026-01-16T10:04:08","modified_gmt":"2026-01-16T10:04:08","slug":"la-paradoja-de-valverde-as-com","status":"publish","type":"post","link":"https:\/\/www.europesays.com\/es\/343779\/","title":{"rendered":"La paradoja de Valverde &#8211; AS.com"},"content":{"rendered":"<p class=\"\">Valverde fue el m\u00e1s brillante del Madrid en la semifinal de Arabia. Fue decisivo, con y sin bal\u00f3n, ante el Atleti. Marc\u00f3 y asisti\u00f3, pero<b> como lateral derecho<\/b>. Contra el Bar\u00e7a jug\u00f3 m\u00e1s adelantado, en el centro del campo, pero <b>acostado en el <\/b><b>carril del dos <\/b>a la hora de defender. Y fue de menos a m\u00e1s. Rindi\u00f3. Contra el Albacete, Arbeloa le devolvi\u00f3 a la sala de m\u00e1quinas. <b>En el centro del campo estuvo activo, se ofreci\u00f3 (94 intervenciones, solo por detr\u00e1s de G\u00fcler y Huijsen), pero no mordi\u00f3, ni decidi\u00f3.<\/b> En su sitio y, a su vez, fuera de sitio. La paradoja de Valverde. <\/p>\n<p><a href=\"https:\/\/as.com\/resultados\/ficha\/equipo\/real_madrid\/1\/\" rel=\"nofollow noopener\" target=\"_blank\"><img decoding=\"async\" src=\"https:\/\/www.europesays.com\/es\/wp-content\/uploads\/2026\/01\/1768557848_829_1.png\" alt=\"La paradoja de Valverde\" height=\"80\" width=\"80\"  loading=\"lazy\" data-error-image=\"https:\/\/static.as.com\/dist\/resources\/images\/placeholder-team.png\"\/><\/a><\/p>\n<p class=\"\">Mientras que como dos tuvo, tiene, vuelo, <b>en el Carlos Belmonte fue un halc\u00f3n enjaulado.<\/b> El Madrid se estrell\u00f3 en la muralla manchega dise\u00f1ada por Alberto Gonz\u00e1lez. Porque en defensa hubo fragilidad, de ah\u00ed los tres goles, pero falt\u00f3 colmillo. Y, sobre todo, creatividad. Valverde lo intent\u00f3, pero tampoco la aport\u00f3. <\/p>\n<p class=\"\">Fue el segundo con m\u00e1s pases completados <b>(80, tras los 85 de Huijsen) y tuvo precisi\u00f3n (94%). <\/b>Tambi\u00e9n en largo (12 de 13). Pero sin percutir en tierra hostil. <b>Solo 28, el 35%, fue en el \u00faltimo tercio. <\/b>Y solo uno de ellos termin\u00f3 en un disparo de un compa\u00f1ero. Con Arbeloa, la idea es que Valverde abandone el lateral. Al menos, que no lo ocupe de manera tan habitual. Aunque, en el medio, necesita dar un paso al frente. Y es consciente.<\/p>\n<p>El 57%, en el 42%<\/p>\n<p class=\"\">Porque sus mejores d\u00edas del curso est\u00e1n siendo en el carril. Desde ah\u00ed ha llegado su \u00fanico tanto de la temporada: <b>el misil al Atleti a 108 km\/h<\/b>. Desde ah\u00ed han llegado 4 de sus 7 asistencias, el 57%. Cuando ha sido lateral en el 42% (11 de los partidos disputados). Lejos queda el d\u00eda de Almaty: \u201c<b>No nac\u00ed para jugar de lateral, no crec\u00ed jugando ah\u00ed.<\/b> Fue un momento de emergencia. Poder hacerlo bien me llen\u00f3 de orgullo. Pero siempre tuve la duda de si esos partidos pod\u00edan ser un poco de suerte, noches espont\u00e1neas\u201d. Pero m\u00e1s que suerte, es realidad. <b>No le gusta, pero funciona<\/b>. Y lo que le gusta, al menos de momento, no. As\u00ed son las paradojas.<\/p>\n<p>Noticias relacionadas<\/p>\n<p class=\"\"><b>\u00a1Tus opiniones importan!<\/b> Comenta en los art\u00edculos y suscr\u00edbete gratis a nuestra <a href=\"https:\/\/asfan.as.com\/newsletters\/\" target=\"_blank\" rel=\"nofollow noopener\" title=\"https:\/\/asfan.as.com\/newsletters\/\">newsletter<\/a> y a las alertas informativas en la <a href=\"https:\/\/as.com\/aplicacion-de-as-n\/\" target=\"_blank\" rel=\"nofollow noopener\" title=\"https:\/\/as.com\/aplicacion-de-as-n\/\">App<\/a> o el canal de <a href=\"https:\/\/www.whatsapp.com\/channel\/0029VaAasdA7j6g745nz9M10\" target=\"_blank\" rel=\"nofollow noopener\" title=\"https:\/\/www.whatsapp.com\/channel\/0029VaAasdA7j6g745nz9M10\">WhatsApp<\/a>. <\/p>\n<p class=\"\">\u00bfBuscas licenciar contenido? Haz clic <a href=\"https:\/\/profesional.elpais.com\/soluciones-sindicacion?utm_medium=interno&amp;utm_source=crosslinking&amp;utm_campaign=sindicacion_as_pie_articulos\" target=\"_blank\" rel=\"nofollow noopener\" title=\"https:\/\/profesional.elpais.com\/soluciones-sindicacion?utm_medium=interno&amp;utm_source=crosslinking&amp;utm_campaign=sindicacion_as_pie_articulos\">aqu\u00ed<\/a><\/p>\n","protected":false},"excerpt":{"rendered":"Valverde fue el m\u00e1s brillante del Madrid en la semifinal de Arabia. Fue decisivo, con y sin bal\u00f3n,&hellip;\n","protected":false},"author":2,"featured_media":343780,"comment_status":"","ping_status":"","sticky":false,"template":"","format":"standard","meta":{"footnotes":""},"categories":[268],"tags":[168,25,24,280,282,281,23,167],"class_list":{"0":"post-343779","1":"post","2":"type-post","3":"status-publish","4":"format-standard","5":"has-post-thumbnail","7":"category-futbol","8":"tag-deportes","9":"tag-es","10":"tag-espana","11":"tag-football","12":"tag-futbol","13":"tag-soccer","14":"tag-spain","15":"tag-sports"},"share_on_mastodon":{"url":"https:\/\/pubeurope.com\/@es\/115904215280471966","error":""},"_links":{"self":[{"href":"https:\/\/www.europesays.com\/es\/wp-json\/wp\/v2\/posts\/343779","targetHints":{"allow":["GET"]}}],"collection":[{"href":"https:\/\/www.europesays.com\/es\/wp-json\/wp\/v2\/posts"}],"about":[{"href":"https:\/\/www.europesays.com\/es\/wp-json\/wp\/v2\/types\/post"}],"author":[{"embeddable":true,"href":"https:\/\/www.europesays.com\/es\/wp-json\/wp\/v2\/users\/2"}],"replies":[{"embeddable":true,"href":"https:\/\/www.europesays.com\/es\/wp-json\/wp\/v2\/comments?post=343779"}],"version-history":[{"count":0,"href":"https:\/\/www.europesays.com\/es\/wp-json\/wp\/v2\/posts\/343779\/revisions"}],"wp:featuredmedia":[{"embeddable":true,"href":"https:\/\/www.europesays.com\/es\/wp-json\/wp\/v2\/media\/343780"}],"wp:attachment":[{"href":"https:\/\/www.europesays.com\/es\/wp-json\/wp\/v2\/media?parent=343779"}],"wp:term":[{"taxonomy":"category","embeddable":true,"href":"https:\/\/www.europesays.com\/es\/wp-json\/wp\/v2\/categories?post=343779"},{"taxonomy":"post_tag","embeddable":true,"href":"https:\/\/www.europesays.com\/es\/wp-json\/wp\/v2\/tags?post=343779"}],"curies":[{"name":"wp","href":"https:\/\/api.w.org\/{rel}","templated":true}]}}