{"id":343783,"date":"2026-01-16T10:08:08","date_gmt":"2026-01-16T10:08:08","guid":{"rendered":"https:\/\/www.europesays.com\/es\/343783\/"},"modified":"2026-01-16T10:08:08","modified_gmt":"2026-01-16T10:08:08","slug":"audiencias-tv-can-yaman-otorga-un-gran-16-a-el-hormiguero-y-lleva-a-la-revuelta-a-su-peor-marca-del-curso-con-antonia-dellatte-94","status":"publish","type":"post","link":"https:\/\/www.europesays.com\/es\/343783\/","title":{"rendered":"Audiencias TV | Can Yaman otorga un gran 16% a &#8216;El hormiguero&#8217; y lleva a &#8216;La revuelta&#8217; a su peor marca del curso con Antonia Dell\u2019Atte (9,4%)"},"content":{"rendered":"\n<p> <a href=\"https:\/\/www.elconfidencial.com\/tags\/personajes\/pablo-motos-298\/\" target=\"_blank\" rel=\"nofollow noopener\">Pablo Motos<\/a> y su equipo cerraron anoche su semana con un gran resultado. El actor Can Yaman dispar\u00f3 la audiencia de <a href=\"https:\/\/www.elconfidencial.com\/tags\/temas\/el-hormiguero-21295\/\" target=\"_blank\" rel=\"nofollow noopener\">El hormiguero<\/a> hasta el 16%. <strong>Casi 2,1 millones de espectadores (2.090.000) estuvieron pendientes de la visita del actor turco<\/strong>. El programa registr\u00f3 su entrega m\u00e1s vista de la semana, de hecho, no alcanzaba unos datos tan positivos desde la visita de Karlos Argui\u00f1ano a mediados del pasado mes de diciembre (17,9% y 2.159.000). <\/p>\n<p> Con respecto al pasado jueves (Roberto Leal: 16% y 1.987.000), el programa de Antena 3 igual\u00f3 su cuota, aunque aument\u00f3 su seguimiento en 103.000 espectadores. El hormiguero sum\u00f3 anoche una nueva victoria en el access, <strong>superando ampliamente a sus rivales<\/strong>. En la franja de coincidencia, entre las 21:55 y las 23:11 horas, Antena 3 promedi\u00f3 un 16% (2.090.000), mientras que La revuelta anot\u00f3 un 9,3% (1.217.000) y GH D\u00fao expr\u00e9s, un triste 6,4% (840.000). <\/p>\n<p> <strong>Semana 3 en <\/strong><strong>El hormiguero<\/strong> <\/p>\n<ul class=\"bodyList bodyList--unordered\">\n<li class=\"bodyList__item\">Lunes 12 (Chris Pratt): 12,8% y 1.648.000<\/li>\n<li class=\"bodyList__item\">Martes 13 (Joaqu\u00edn Reyes): 13,1% y 1.670.000<\/li>\n<li class=\"bodyList__item\">Mi\u00e9rcoles 14 (Antonio Banderas): 12,2% y 1.675.000<\/li>\n<li class=\"bodyList__item\">Jueves 15 (Can Yaman): 16% y 2.090.000<\/li>\n<\/ul>\n<blockquote class=\"twitter-tweet\">\n<p lang=\"es\" dir=\"ltr\">Can Yaman visita <a href=\"https:\/\/twitter.com\/El_Hormiguero?ref_src=twsrc%5Etfw\" rel=\"nofollow noopener\" target=\"_blank\">@El_Hormiguero<\/a> de <a href=\"https:\/\/twitter.com\/antena3com?ref_src=twsrc%5Etfw\" rel=\"nofollow noopener\" target=\"_blank\">@antena3com<\/a> LIDERANDO con un 16% de share y una media de 2.090.000 espectadores<\/p>\n<p>? +9.1% por encima de la media de la cadena<\/p>\n<p>? M\u00e1s de 4.5 millones de espectadores conectaron en alg\u00fan momento con el programa<a href=\"https:\/\/twitter.com\/hashtag\/QueVivaLaTele?src=hash&amp;ref_src=twsrc%5Etfw\" rel=\"nofollow noopener\" target=\"_blank\">#QueVivaLaTele<\/a> <a href=\"https:\/\/twitter.com\/hashtag\/Audiencias?src=hash&amp;ref_src=twsrc%5Etfw\" rel=\"nofollow noopener\" target=\"_blank\">#Audiencias<\/a> <a href=\"https:\/\/t.co\/QIgxyaS23j\" rel=\"nofollow\">pic.twitter.com\/QIgxyaS23j<\/a><\/p>\n<p>\u2014 Dos30&#8242; (@Dos30TV) <a href=\"https:\/\/twitter.com\/Dos30TV\/status\/2012059613017833948?ref_src=twsrc%5Etfw\" rel=\"nofollow noopener\" target=\"_blank\">January 16, 2026<\/a><\/p><\/blockquote>\n<p> A pesar del gran resultado de audiencia anotado por El hormiguero, la ficci\u00f3n posterior no logr\u00f3 mantener el liderazgo. La encrucijada, que el pr\u00f3ximo jueves emitir\u00e1 su esperado desenlace, <strong>marc\u00f3 una cuota del 8,5% (688.000) en su primer cap\u00edtulo de la noche y un 11% (499.000) en el segundo<\/strong>. Con respecto a la semana pasada (8,5% y 10,6%), la ficci\u00f3n de Secuota Studios repite cuota a primera hora y, ya en el late night, sube ligeramente 4 d\u00e9cimas. <\/p>\n<p> <strong>Audiencias de <\/strong><strong>La encrucijada<\/strong><strong> (diciembre y enero)<\/strong> <\/p>\n<ul class=\"bodyList bodyList--unordered\">\n<li class=\"bodyList__item\">Cap\u00edtulo 47 (04\/12\/2025): 8,7% y 665.000<\/li>\n<li class=\"bodyList__item\">Cap\u00edtulo 48 (04\/12\/2025): 11,5% y 482.000<\/li>\n<li class=\"bodyList__item\">Cap\u00edtulo 49 y 50 (11\/12\/2025): 9% y 649.000<\/li>\n<li class=\"bodyList__item\">Cap\u00edtulo 50 (11\/12\/2025): 12,3% y 480.000<\/li>\n<li class=\"bodyList__item\">Cap\u00edtulo 51 (18\/12\/2025): 9,2% y 669.000<\/li>\n<li class=\"bodyList__item\">Cap\u00edtulo 52 (18\/12\/2025): 12,3% y 506.000<\/li>\n<li class=\"bodyList__item\">Cap\u00edtulo 53 (25\/12\/2025): 7% y 640.000<\/li>\n<li class=\"bodyList__item\">Cap\u00edtulo 54 (25\/12\/2025): 9,6% y 535.000<\/li>\n<li class=\"bodyList__item\">Cap\u00edtulo 55 (08\/01\/2026): 8,5% y 717.000<\/li>\n<li class=\"bodyList__item\">Cap\u00edtulo 56 (08\/01\/2026): 10,6% y 490.000<\/li>\n<li class=\"bodyList__item\">Cap\u00edtulo 57 (15\/01\/2026): 8,5% y 688.000<\/li>\n<li class=\"bodyList__item\">Cap\u00edtulo 58 (15\/01\/2025): 11% y 499.000<\/li>\n<\/ul>\n<blockquote class=\"twitter-tweet\">\n<p lang=\"es\" dir=\"ltr\">? <a href=\"https:\/\/twitter.com\/laencrucijadatv?ref_src=twsrc%5Etfw\" rel=\"nofollow noopener\" target=\"_blank\">@laencrucijadatv<\/a> en <a href=\"https:\/\/twitter.com\/antena3com?ref_src=twsrc%5Etfw\" rel=\"nofollow noopener\" target=\"_blank\">@antena3com<\/a> obtuvo 1.605.000 ESPECTADORES \u00daNICOS (AA).<\/p>\n<p>? La serie consigui\u00f3 688.000 espectadores de audiencia media y un 8,5% de cuota de pantalla. <a href=\"https:\/\/twitter.com\/hashtag\/LaEncrucijada?src=hash&amp;ref_src=twsrc%5Etfw\" rel=\"nofollow noopener\" target=\"_blank\">#LaEncrucijada<\/a><a href=\"https:\/\/twitter.com\/hashtag\/Audiencias?src=hash&amp;ref_src=twsrc%5Etfw\" rel=\"nofollow noopener\" target=\"_blank\">#Audiencias<\/a>?? <a href=\"https:\/\/t.co\/bRWZ7p4MFA\" rel=\"nofollow\">pic.twitter.com\/bRWZ7p4MFA<\/a><\/p>\n<p>\u2014 Barlovento Comunicaci\u00f3n (@blvcom) <a href=\"https:\/\/twitter.com\/blvcom\/status\/2012061582549733463?ref_src=twsrc%5Etfw\" rel=\"nofollow noopener\" target=\"_blank\">January 16, 2026<\/a><\/p><\/blockquote>\n<p>           La 1           <\/p>\n<p> En La 1 de TVE, La revuelta cay\u00f3 a su peor marca de la semana y de la temporada 2025\/26. <strong>La comentada visita de Antonia Dell\u2019Atte registr\u00f3 un flojo 9,4% tras congregar a 1.217.000 espectadores<\/strong>, lo que supone una bajada de 1,2 puntos con respecto al pasado jueves (Juanes: 10,6% y 1.331.000). <\/p>\n<p> <strong>Anoche, por segunda vez en este curso, <\/strong><strong>La revuelta <\/strong><strong>fue incapaz de alcanzar el doble d\u00edgito<\/strong>. La \u00faltima vez que se qued\u00f3 por debajo del 10% fue el pasado 2 de diciembre con la visita del extenista Boris Becker y la de\u00a0Mar\u00eda Le\u00f3n\u00a0y\u00a0Eduardo Casanova. Aquella noche, marc\u00f3 un 9,8% (1.287.000). <\/p>\n<p> <strong>Semana 3 en <\/strong><strong>La revuelta<\/strong> <\/p>\n<ul class=\"bodyList bodyList--unordered\">\n<li class=\"bodyList__item\">Lunes 12 (Sara Garc\u00eda): 11,7% y 1.527.000<\/li>\n<li class=\"bodyList__item\">Martes 13 (Jes\u00fas V\u00e1zquez): 11,4% y 1.425.000<\/li>\n<li class=\"bodyList__item\">Mi\u00e9rcoles 14: sin emisi\u00f3n<\/li>\n<li class=\"bodyList__item\">Jueves 15 (Antonia Dell\u2019Atte): 9,4% y 1.217.000<\/li>\n<\/ul>\n<blockquote class=\"twitter-tweet\">\n<p lang=\"es\" dir=\"ltr\"><a href=\"https:\/\/twitter.com\/hashtag\/LaRevueltaTVE?src=hash&amp;ref_src=twsrc%5Etfw\" rel=\"nofollow noopener\" target=\"_blank\">#LaRevueltaTVE<\/a> cierra la semana en <a href=\"https:\/\/twitter.com\/La1_tve?ref_src=twsrc%5Etfw\" rel=\"nofollow noopener\" target=\"_blank\">@la1_tve<\/a> alcanzando un 9.4% de share y una media de 1.217.000 espectadores<\/p>\n<p>\u26a1\ufe0f M\u00e1s de 4 millones de espectadores conectaron en alg\u00fan momento con el programa<a href=\"https:\/\/twitter.com\/hashtag\/QueVivaLaTele?src=hash&amp;ref_src=twsrc%5Etfw\" rel=\"nofollow noopener\" target=\"_blank\">#QueVivaLaTele<\/a> <a href=\"https:\/\/twitter.com\/hashtag\/Audiencias?src=hash&amp;ref_src=twsrc%5Etfw\" rel=\"nofollow noopener\" target=\"_blank\">#Audiencias<\/a> <a href=\"https:\/\/t.co\/0eEYbXFGmf\" rel=\"nofollow\">pic.twitter.com\/0eEYbXFGmf<\/a><\/p>\n<p>\u2014 Dos30&#8242; (@Dos30TV) <a href=\"https:\/\/twitter.com\/Dos30TV\/status\/2012059846066004035?ref_src=twsrc%5Etfw\" rel=\"nofollow noopener\" target=\"_blank\">January 16, 2026<\/a><\/p><\/blockquote>\n<p> Hasta el fin del mundo emiti\u00f3 anoche su novena y \u00faltima entrega de la temporada. El reality viajero logr\u00f3 su mejor cuota desde el pasado 3 de diciembre. A<strong>noche, el programa de Paula V\u00e1zquez marc\u00f3 un 11,4% tras seducir a casi 700.000 seguidores (695.000)<\/strong>. Con respecto a la semana anterior (10,9%), el programa experiment\u00f3 una subida de medio punto y m\u00e1s de 50.000 personas. <\/p>\n<p> El formato de Zeppelin TV dijo adi\u00f3s con la proclamaci\u00f3n de sus ganadores. <a href=\"https:\/\/www.elconfidencial.com\/television\/programas-tv\/2026-01-16\/jedet-andrea-ganadoras-hasta-el-fin-del-mundo_4284931\/\" target=\"_blank\" rel=\"nofollow noopener\">La pareja formada por\u00a0Andrea y Jedet conquist\u00f3 la \u00faltima etapa<\/a>, imponi\u00e9ndose a Jos\u00e9 Lamu\u00f1o y Aldo, que tuvieron que conformarse con la segunda plaza.   <\/p>\n<p> <strong>Audiencias de <\/strong><strong>Hasta el fin del mundo<\/strong> <\/p>\n<ul class=\"bodyList bodyList--unordered\">\n<li class=\"bodyList__item\">Programa 1 (12\/11\/2025): 14,3% y 812.000<\/li>\n<li class=\"bodyList__item\">Programa 2 (19\/11\/2025): 15,1% y 991.000<\/li>\n<li class=\"bodyList__item\">Programa 3 (26\/11\/2025): 13,6% y 839.000<\/li>\n<li class=\"bodyList__item\">Programa 4 (03\/12\/2025): 12,7% y 809.000<\/li>\n<li class=\"bodyList__item\">Programa 5 (10\/12\/2025): 11,3% y 686.000<\/li>\n<li class=\"bodyList__item\">Programa 6 (17\/12\/2025): 11,2% y 769.000<\/li>\n<li class=\"bodyList__item\">Programa 7 (23\/12\/2025): 9,7% y 616.000<\/li>\n<li class=\"bodyList__item\">Programa 8 (08\/01\/2026): 10,9% y 668.000<\/li>\n<li class=\"bodyList__item\">Final (15\/01\/2026): 11,4% y 695.000<\/li>\n<\/ul>\n<blockquote class=\"twitter-tweet\">\n<p lang=\"es\" dir=\"ltr\">? LA FINAL de <a href=\"https:\/\/twitter.com\/hashtag\/HastaElFinDelMundo?src=hash&amp;ref_src=twsrc%5Etfw\" rel=\"nofollow noopener\" target=\"_blank\">#HastaElFinDelMundo<\/a> en <a href=\"https:\/\/twitter.com\/La1_tve?ref_src=twsrc%5Etfw\" rel=\"nofollow noopener\" target=\"_blank\">@la1_Tve<\/a> obtuvo 2.488.000 ESPECTADORES \u00daNICOS (AA).<\/p>\n<p>\u27a1\ufe0f El programa registr\u00f3 695.000 espectadores de audiencia media y un 11,4% de cuota de pantalla. <a href=\"https:\/\/twitter.com\/hashtag\/HastaLaFinal?src=hash&amp;ref_src=twsrc%5Etfw\" rel=\"nofollow noopener\" target=\"_blank\">#HastaLaFinal<\/a><a href=\"https:\/\/twitter.com\/hashtag\/Audiencias?src=hash&amp;ref_src=twsrc%5Etfw\" rel=\"nofollow noopener\" target=\"_blank\">#Audiencias<\/a>?? <a href=\"https:\/\/t.co\/tWwLTn052J\" rel=\"nofollow\">pic.twitter.com\/tWwLTn052J<\/a><\/p>\n<p>\u2014 Barlovento Comunicaci\u00f3n (@blvcom) <a href=\"https:\/\/twitter.com\/blvcom\/status\/2012060140120285668?ref_src=twsrc%5Etfw\" rel=\"nofollow noopener\" target=\"_blank\">January 16, 2026<\/a><\/p><\/blockquote>\n<p>           Telecinco           <\/p>\n<p> <strong>La segunda gala de<\/strong><strong> GH D\u00fao 4<\/strong><strong> perdi\u00f3 fuerza en su segunda semana de emisi\u00f3n,<\/strong> aunque logr\u00f3 liderar su franja&#8230; una vez finalizado El hormiguero. El reality de Jorge Javier V\u00e1zquez logr\u00f3 imponerse a la final de Hasta el fin del mundo. <\/p>\n<p> Eso s\u00ed, a primera hora, <strong>la edici\u00f3n expr\u00e9s de <\/strong><strong>GH D\u00fao<\/strong><strong> pinch\u00f3 con un paup\u00e9rrimo 6,3% (818.000)<\/strong>. Con respecto al jueves pasado (7,7% y 963.000), pierde 1,4 puntos y 145.000 seguidores. <\/p>\n<p> A partir de las once y cuarto de la noche, <strong>el tramo principal de la gala promedi\u00f3 un 12,6% (789.000) frente al 13,7% (821.000) de su estreno<\/strong>. La ca\u00edda es, por tanto, de 1,1 puntos (-32.000 seguidores). <\/p>\n<p> <strong>Audiencias de <\/strong><strong>GH D\u00fao 4<\/strong> <\/p>\n<ul class=\"bodyList bodyList--unordered\">\n<li class=\"bodyList__item\">Gala 1 (08\/01\/2026): 13,7% y 821.000<\/li>\n<li class=\"bodyList__item\">Gala 2 (15\/01\/2026): 12,6% y 789.000<\/li>\n<\/ul>\n<blockquote class=\"twitter-tweet\">\n<p lang=\"es\" dir=\"ltr\"><a href=\"https:\/\/twitter.com\/hashtag\/GHD%C3%BAoGala2?src=hash&amp;ref_src=twsrc%5Etfw\" rel=\"nofollow noopener\" target=\"_blank\">#GHD\u00faoGala2<\/a> en <a href=\"https:\/\/twitter.com\/telecincoes?ref_src=twsrc%5Etfw\" rel=\"nofollow noopener\" target=\"_blank\">@telecincoes<\/a> sigue L\u00cdDER de su franja de emisi\u00f3n con un 12.6% de cuota, 789.000 de audiencia media y 2.298.000 espectadores \u00fanicos<\/p>\n<p>?\u200d? 13.1% de cuota en el TC<\/p>\n<p>?\u200d? 19% en su parte final<a href=\"https:\/\/twitter.com\/hashtag\/QueVivaLaTele?src=hash&amp;ref_src=twsrc%5Etfw\" rel=\"nofollow noopener\" target=\"_blank\">#QueVivaLaTele<\/a> <a href=\"https:\/\/twitter.com\/hashtag\/Audiencias?src=hash&amp;ref_src=twsrc%5Etfw\" rel=\"nofollow noopener\" target=\"_blank\">#Audiencias<\/a> <a href=\"https:\/\/t.co\/8x4qTOLdZA\" rel=\"nofollow\">pic.twitter.com\/8x4qTOLdZA<\/a><\/p>\n<p>\u2014 Dos30&#8242; (@Dos30TV) <a href=\"https:\/\/twitter.com\/Dos30TV\/status\/2012059682354184657?ref_src=twsrc%5Etfw\" rel=\"nofollow noopener\" target=\"_blank\">January 16, 2026<\/a><\/p><\/blockquote>\n<p>           Cuatro           <\/p>\n<p> A primera hora de la noche, <strong>el programa <\/strong><strong>First Dates<\/strong><strong> report\u00f3 a Cuatro un 6,6% (862.000)<\/strong>. El espacio, que presenta Carlos Sobera, super\u00f3 en datos globales a El intermedio (6,5% y 854.000), aunque ambos formatos quedaron muy igualados. <\/p>\n<p> Sin embargo, en pleno prime time, la cadena de Mediaset Espa\u00f1a volvi\u00f3 a destacar&#8230; como cada jueves. <strong>Horizonte<\/strong><strong>, el programa de Iker Jim\u00e9nez y Carmen Porter, obtuvo un estupendo 9,8% (628.000) frente al 10% (617.000) de la semana anterior<\/strong>. Cede 2 d\u00e9cimas, aunque sube su masa de seguidores. El programa sigue brillando en la parrilla a la espera de saltar al access prime time diario (lunes a mi\u00e9rcoles), a partir del 26 de enero. <\/p>\n<p> <strong>Audiencias de <\/strong><strong>Horizonte<\/strong><strong> (diciembre y enero)<\/strong> <\/p>\n<ul class=\"bodyList bodyList--unordered\">\n<li class=\"bodyList__item\">4 de diciembre: 10,6% y 654.000<\/li>\n<li class=\"bodyList__item\">11 de diciembre: 12,3% y 742.000<\/li>\n<li class=\"bodyList__item\">18 de diciembre: 10,9% y 654.000<\/li>\n<li class=\"bodyList__item\">8 de enero de 2026: 10% y 617.000<\/li>\n<li class=\"bodyList__item\">15 de enero: 9,8% y 628.000<\/li>\n<\/ul>\n<blockquote class=\"twitter-tweet\">\n<p lang=\"es\" dir=\"ltr\">BRU-TAL de nuevo <a href=\"https:\/\/twitter.com\/hashtag\/Horizonte?src=hash&amp;ref_src=twsrc%5Etfw\" rel=\"nofollow noopener\" target=\"_blank\">#Horizonte<\/a> en la noche de <a href=\"https:\/\/twitter.com\/cuatro?ref_src=twsrc%5Etfw\" rel=\"nofollow noopener\" target=\"_blank\">@cuatro<\/a> conquistando al 9.8% de cuota, 628.000 de audiencia media y 2.185.000 espectadores \u00fanicos<\/p>\n<p>\u2716\ufe0f 3\u00aa opci\u00f3n en su franja<\/p>\n<p>\u2716\ufe0f Sube al 11.8% en el TC<a href=\"https:\/\/twitter.com\/hashtag\/QueVivaLaTele?src=hash&amp;ref_src=twsrc%5Etfw\" rel=\"nofollow noopener\" target=\"_blank\">#QueVivaLaTele<\/a> <a href=\"https:\/\/twitter.com\/hashtag\/Audiencias?src=hash&amp;ref_src=twsrc%5Etfw\" rel=\"nofollow noopener\" target=\"_blank\">#Audiencias<\/a> <a href=\"https:\/\/t.co\/X2LqI2EK2q\" rel=\"nofollow\">pic.twitter.com\/X2LqI2EK2q<\/a><\/p>\n<p>\u2014 Dos30&#8242; (@Dos30TV) <a href=\"https:\/\/twitter.com\/Dos30TV\/status\/2012061526035718238?ref_src=twsrc%5Etfw\" rel=\"nofollow noopener\" target=\"_blank\">January 16, 2026<\/a><\/p><\/blockquote>\n<p>           Cadenas: Antena 3, primera           <\/p>\n<p> <strong>La cadena de Atresmedia cerr\u00f3 el jueves con un gran 14,7%, sin eventos deportivos, superando en 2,4 puntos a la segunda clasificada, La 1 (12,3%)<\/strong>. Algo m\u00e1s abajo quedaron las cadenas tem\u00e1ticas de pago, con una cuota de pantalla del 11,3%. Ninguna otra super\u00f3 el doble d\u00edgito. <\/p>\n<p> <strong>Telecinco anot\u00f3 un flojo 8,4%, a priori, en una de sus noches m\u00e1s potentes<\/strong>, lo que refleja la debilidad de Gran Hermano. Tras ella se coloc\u00f3 la FORTA (8,3%). <\/p>\n<p> Por su lado, <strong>Cuatro alcanz\u00f3 un 6,4% gracias a Iker Jim\u00e9nez y todo su equipo<\/strong>. La cadena de Mediaset super\u00f3 en 3 d\u00e9cimas a La Sexta (6,1%). La 2 de TVE firm\u00f3 un buen 3,7%. <\/p>\n<p> Tras el c\u00f3mputo de los primeros 15 d\u00edas de mes,<strong> tenemos un triple empate t\u00e9cnico en la primera plaza mensual de enero<\/strong>. Si tiramos de la foto finish, el Top 3 quedar\u00eda de la siguiente manera: La 1 (12,53%), las tem\u00e1ticas de pago (12,52%) y Antena 3 (12,51%). <\/p>\n<p>         <script async src=\"https:\/\/platform.twitter.com\/widgets.js\" charset=\"utf-8\"><\/script><\/p>\n","protected":false},"excerpt":{"rendered":"Pablo Motos y su equipo cerraron anoche su semana con un gran resultado. El actor Can Yaman dispar\u00f3&hellip;\n","protected":false},"author":2,"featured_media":343784,"comment_status":"","ping_status":"","sticky":false,"template":"","format":"standard","meta":{"footnotes":""},"categories":[171],"tags":[146,147,25,24,23,214],"class_list":{"0":"post-343783","1":"post","2":"type-post","3":"status-publish","4":"format-standard","5":"has-post-thumbnail","7":"category-tv","8":"tag-entertainment","9":"tag-entretenimiento","10":"tag-es","11":"tag-espana","12":"tag-spain","13":"tag-tv"},"share_on_mastodon":{"url":"https:\/\/pubeurope.com\/@es\/115904230533478047","error":""},"_links":{"self":[{"href":"https:\/\/www.europesays.com\/es\/wp-json\/wp\/v2\/posts\/343783","targetHints":{"allow":["GET"]}}],"collection":[{"href":"https:\/\/www.europesays.com\/es\/wp-json\/wp\/v2\/posts"}],"about":[{"href":"https:\/\/www.europesays.com\/es\/wp-json\/wp\/v2\/types\/post"}],"author":[{"embeddable":true,"href":"https:\/\/www.europesays.com\/es\/wp-json\/wp\/v2\/users\/2"}],"replies":[{"embeddable":true,"href":"https:\/\/www.europesays.com\/es\/wp-json\/wp\/v2\/comments?post=343783"}],"version-history":[{"count":0,"href":"https:\/\/www.europesays.com\/es\/wp-json\/wp\/v2\/posts\/343783\/revisions"}],"wp:featuredmedia":[{"embeddable":true,"href":"https:\/\/www.europesays.com\/es\/wp-json\/wp\/v2\/media\/343784"}],"wp:attachment":[{"href":"https:\/\/www.europesays.com\/es\/wp-json\/wp\/v2\/media?parent=343783"}],"wp:term":[{"taxonomy":"category","embeddable":true,"href":"https:\/\/www.europesays.com\/es\/wp-json\/wp\/v2\/categories?post=343783"},{"taxonomy":"post_tag","embeddable":true,"href":"https:\/\/www.europesays.com\/es\/wp-json\/wp\/v2\/tags?post=343783"}],"curies":[{"name":"wp","href":"https:\/\/api.w.org\/{rel}","templated":true}]}}