{"id":343785,"date":"2026-01-16T10:09:11","date_gmt":"2026-01-16T10:09:11","guid":{"rendered":"https:\/\/www.europesays.com\/es\/343785\/"},"modified":"2026-01-16T10:09:11","modified_gmt":"2026-01-16T10:09:11","slug":"vota-por-tu-favorito-y-elige-al-ganador-de-la-semana-de-pueblos-especiales","status":"publish","type":"post","link":"https:\/\/www.europesays.com\/es\/343785\/","title":{"rendered":"Vota por tu favorito y elige al ganador de la semana de &#8216;Pueblos especiales&#8217;"},"content":{"rendered":"<p>SEXTA ENCUESTACogemos la maleta para salir de viaje y visitar los pueblos m\u00e1s molones de Espa\u00f1a. Esta semana cinco localidades se han propuesto como candidatas en <a title=\"Pueblos especiales\" href=\"https:\/\/www.europafm.com\/programas\/cuerpos-especiales\/pueblos-especiales\/\" target=\"_blank\" rel=\"nofollow noopener\"><b>Pueblos especiales<\/b><\/a> y solo una puede llevarse el premio. \u00bfCu\u00e1l debe ganar? <b>\u00a1Vota ya por tu favorita!<\/b> El lunes 19 descubriremos la ganadora y daremos inicio a una nueva semana de concurso de <a title=\"Cuerpos especiales\" href=\"https:\/\/www.europafm.com\/programas\/cuerpos-especiales\/\" target=\"_blank\" rel=\"nofollow noopener\"><b>Cuerpos especiales<\/b><\/a>.<\/p>\n<p class=\"articleList-item\"><b>Participa en el concurso y demuestra que tu pueblo es el m\u00e1s mol\u00f3n mandando un mensaje al 619 441 746<\/b><\/p>\n<p>Tras la victoria de <a title=\"Villaseco de los Gamitos\" href=\"https:\/\/www.europafm.com\/programas\/cuerpos-especiales\/mejores-momentos\/vuelve-pueblos-especiales-que-localidad-debe-ganar-esta-semana_20260109695f76c0af09df50109e801a.html\" target=\"_blank\" rel=\"nofollow noopener\">Villaseco de los Gamitos<\/a>, <b>cinco nuevas localidades<\/b> compiten por convertirse en la ganadora de la sexta semana de <a title=\"Pueblos especiales\" href=\"https:\/\/www.europafm.com\/programas\/cuerpos-especiales\/pueblos-especiales\/\" target=\"_blank\" rel=\"nofollow noopener\"><b>Pueblos especiales<\/b><\/a>.<\/p>\n<p>El concurso de <a title=\"Cuerpos especiales\" href=\"https:\/\/www.europafm.com\/programas\/cuerpos-especiales\/\" target=\"_blank\" rel=\"nofollow noopener\"><b>Cuerpos especiales<\/b><\/a> para encontrar los pueblos m\u00e1s molones de Espa\u00f1a nos lleva de viaje por el norte, centro y sur peninsular. En concreto, a Castilla y Le\u00f3n, Castilla-La Mancha, Andaluc\u00eda y Cantabria.<\/p>\n<p>Los candidatos de la semana son <b>Hu\u00e9scar (Granada)<\/b>, <b>Villaherreros (Palencia)<\/b>, <b>Ontur (Albacete),<\/b><b>Santa Gadea del Cid (Burgos)<\/b> y la regi\u00f3n de <b>Valderredible (Cantabria)<\/b>, que han tenido unos embajadores de lujo con discursos muy convincentes. Cuesta decidirse por uno, pero esta labor no nos toca a nosotros. \u00a1Eres t\u00fa el que tienes que votar por el ganador de la semana!<\/p>\n<p>El plazo para hacerlo arranca este viernes 16 de enero y se cierra el lunes 19 a las 07:00 horas. Ese d\u00eda conoceremos el nombre del pueblo ganador y al oyente de Cuerpos especiales que se lleve el kit del programa y abriremos tambi\u00e9n una nueva semana de concurso. \u00a1Ya sabes que si quieres participar y demostrar que tu pueblo es el m\u00e1s mol\u00f3n, <b>solo tienes que mandar un mensaje al 619 441 746<\/b>!<\/p>\n<p>Ahora lo que toca es votar. \u00bfQu\u00e9 te ha convencido m\u00e1s? \u00bfLa pancetada de Villaherreros? \u00bfLas piscinas naturales de Hu\u00e9scar? \u00bfLas mu\u00f1ecas articuladas de Ontur? \u00bfEl viaje al pasado de Santa Gadea del Cid? \u00bfO el arte rupestre de la zona de Valderredible? Punt\u00faa a los candidatos y a\u00f1ade un pueblo m\u00e1s a <a title=\"la lista de las localidades m\u00e1s molonas\" href=\"https:\/\/www.europafm.com\/programas\/cuerpos-especiales\/mejores-momentos\/lista-ganadores-pueblos-mas-molones-espana-cuerpos-especiales_202601096960ecf122f0db7daf09dc17.html\" target=\"_blank\" rel=\"nofollow noopener\">la lista de las localidades m\u00e1s molonas<\/a> de Espa\u00f1a.<\/p>\n","protected":false},"excerpt":{"rendered":"SEXTA ENCUESTACogemos la maleta para salir de viaje y visitar los pueblos m\u00e1s molones de Espa\u00f1a. Esta semana&hellip;\n","protected":false},"author":2,"featured_media":343786,"comment_status":"","ping_status":"","sticky":false,"template":"","format":"standard","meta":{"footnotes":""},"categories":[170],"tags":[146,147,25,24,184,185,23],"class_list":{"0":"post-343785","1":"post","2":"type-post","3":"status-publish","4":"format-standard","5":"has-post-thumbnail","7":"category-musica","8":"tag-entertainment","9":"tag-entretenimiento","10":"tag-es","11":"tag-espana","12":"tag-music","13":"tag-musica","14":"tag-spain"},"share_on_mastodon":{"url":"https:\/\/pubeurope.com\/@es\/115904234547676723","error":""},"_links":{"self":[{"href":"https:\/\/www.europesays.com\/es\/wp-json\/wp\/v2\/posts\/343785","targetHints":{"allow":["GET"]}}],"collection":[{"href":"https:\/\/www.europesays.com\/es\/wp-json\/wp\/v2\/posts"}],"about":[{"href":"https:\/\/www.europesays.com\/es\/wp-json\/wp\/v2\/types\/post"}],"author":[{"embeddable":true,"href":"https:\/\/www.europesays.com\/es\/wp-json\/wp\/v2\/users\/2"}],"replies":[{"embeddable":true,"href":"https:\/\/www.europesays.com\/es\/wp-json\/wp\/v2\/comments?post=343785"}],"version-history":[{"count":0,"href":"https:\/\/www.europesays.com\/es\/wp-json\/wp\/v2\/posts\/343785\/revisions"}],"wp:featuredmedia":[{"embeddable":true,"href":"https:\/\/www.europesays.com\/es\/wp-json\/wp\/v2\/media\/343786"}],"wp:attachment":[{"href":"https:\/\/www.europesays.com\/es\/wp-json\/wp\/v2\/media?parent=343785"}],"wp:term":[{"taxonomy":"category","embeddable":true,"href":"https:\/\/www.europesays.com\/es\/wp-json\/wp\/v2\/categories?post=343785"},{"taxonomy":"post_tag","embeddable":true,"href":"https:\/\/www.europesays.com\/es\/wp-json\/wp\/v2\/tags?post=343785"}],"curies":[{"name":"wp","href":"https:\/\/api.w.org\/{rel}","templated":true}]}}