{"id":343787,"date":"2026-01-16T10:10:09","date_gmt":"2026-01-16T10:10:09","guid":{"rendered":"https:\/\/www.europesays.com\/es\/343787\/"},"modified":"2026-01-16T10:10:09","modified_gmt":"2026-01-16T10:10:09","slug":"el-mal-bajo-ulloa-regresa-a-sus-poderosos-cuentos-terribles-de-mariposas-y-cucarachas-cine-estrenos-y-criticas","status":"publish","type":"post","link":"https:\/\/www.europesays.com\/es\/343787\/","title":{"rendered":"\u2018El mal\u2019: Bajo Ulloa regresa a sus poderosos cuentos terribles de mariposas y cucarachas | Cine: estrenos y cr\u00edticas"},"content":{"rendered":"<p class=\"\">En los primeros minutos de El mal, nueva pel\u00edcula del siempre osado<a href=\"https:\/\/elpais.com\/noticias\/juanma-bajo-ulloa\/\" target=\"_self\" rel=\"nofollow noopener\" title=\"https:\/\/elpais.com\/noticias\/juanma-bajo-ulloa\/\"> Juanma Bajo Ulloa,<\/a> una escritora que est\u00e1 siendo entrevistada en un programa de televisi\u00f3n acerca de su nuevo libro, un acercamiento a la psicopat\u00eda, a los cr\u00edmenes y a la vileza, interrumpe al presentador: \u201cPero, \u00bfqu\u00e9 es la moralidad? \u00bfCu\u00e1l de ellas, la de ayer, la de hoy, la de ma\u00f1ana?\u201d. Corren buenos (malos) tiempos para hacerse la pregunta, tanto en torno a la pol\u00edtica y al poder, como alrededor de lo que supone escribir un libro no ya temerario sino directamente suicida, como el que la protagonista de El mal va a desarrollar a lo largo del relato compuesto por el director vasco. El caso de <a href=\"https:\/\/elpais.com\/sociedad\/2025-03-22\/el-odio-la-colision-de-la-libertad-de-creacion-y-los-derechos-de-las-victimas.html\" target=\"_self\" rel=\"nofollow noopener\" title=\"https:\/\/elpais.com\/sociedad\/2025-03-22\/el-odio-la-colision-de-la-libertad-de-creacion-y-los-derechos-de-las-victimas.html\">El odio (otro enunciado conciso e impactante),<\/a> el texto que nunca lleg\u00f3 a las librer\u00edas de Luisg\u00e9 Mart\u00edn sobre Jos\u00e9 Bret\u00f3n, doblemente criminal de sus peque\u00f1os hijos, pulula as\u00ed por el pensamiento del espectador. <\/p>\n<p>M\u00e1s informaci\u00f3n<\/p>\n<p class=\"\">Indiferente a las modas, siempre a lo suyo, Bajo Ulloa contin\u00faa con su cine en los m\u00e1rgenes: desde Vitoria, levantando con arduas dificultades proyectos inauditos, enfrent\u00e1ndose a la moral cinematogr\u00e1fica reinante y sin que sus pel\u00edculas concursen en festivales nacionales (\u00bfa \u00e9l y a sus productores no les interesa, o es que los cert\u00e1menes espa\u00f1oles, incre\u00edblemente, no las seleccionan?). Casi como si nada hubiera cambiado (ni en el cine ni, de nuevo, en la moral) desde sus dos excelentes primeras pel\u00edculas, Alas de mariposa (1991) y La madre muerta (1993), realizadas antes de cumplir los 27 a\u00f1os. Las que le convirtieron en el chico terrible del cine espa\u00f1ol.<\/p>\n<p class=\"\">Y a ese cine ha vuelto, m\u00e1s de 30 a\u00f1os despu\u00e9s, y ya con 59 de edad, en El mal, de abundantes paralelismos con su obra de debut. Todo ello, despu\u00e9s de gozar del estruendoso \u00e9xito de taquilla de Airbag (1997), darse un trastazo econ\u00f3mico con la po\u00e9tica y desequilibrada Fr\u00e1gil (2004), hundirse a lo grande con <a href=\"https:\/\/elpais.com\/cultura\/2015\/07\/16\/actualidad\/1437059502_882678.html\" target=\"_self\" rel=\"nofollow noopener\" title=\"https:\/\/elpais.com\/cultura\/2015\/07\/16\/actualidad\/1437059502_882678.html\">Rey Gitano (2015),<\/a> y recuperar sus esencias tem\u00e1ticas y formales con la poderosa <a href=\"https:\/\/elpais.com\/cultura\/2020-12-17\/bajo-ulloa-no-es-un-cuento.html\" target=\"_self\" rel=\"nofollow noopener\" title=\"https:\/\/elpais.com\/cultura\/2020-12-17\/bajo-ulloa-no-es-un-cuento.html\">Baby (2020),<\/a> uno de sus cuentos crueles, sin una sola l\u00ednea de di\u00e1logo, cine mudo y hermoso para tiempos de ch\u00e1chara perpetua. <\/p>\n<p><img decoding=\"auto\" class=\"_re lazyload a_m-h\" height=\"232\"  width=\"414\"  src=\"https:\/\/www.europesays.com\/es\/wp-content\/uploads\/2026\/01\/GPHFPVGZHFEWLJG7JOUPVLRFSU.jpg\" loading=\"lazy\"\/>Tony Dalton y Bel\u00e9n Fabra, en &#8216;El mal&#8217;.<\/p>\n<p class=\"\">Es, por tanto, El mal una de sus feroces f\u00e1bulas para adultos, aunque protagonizadas por ni\u00f1os. En este caso, una ni\u00f1a grande, una joven asesina en serie, ingenua y brutal \u2014que bien podr\u00eda ser la cr\u00eda protagonista de Alas de mariposa si no se hubiera redimido en el esperanzador desenlace de aquel formidable t\u00edtulo de los a\u00f1os noventa\u2014, a la que acompa\u00f1a la madura escritora que decide contar los cr\u00edmenes en un libro de inspiraci\u00f3n f\u00e1ustica. \u201c\u00bfMatar\u00edas a mil ni\u00f1os para salvar al tuyo? \u00bfPor qu\u00e9 todo el mundo es capaz de machacar a una cucaracha y nadie de aplastar a una mariposa?\u201d, se pregunta la novelista, interpretada con personalidad, notable dicci\u00f3n y f\u00e9rrea ambig\u00fcedad por <a href=\"https:\/\/www.imdb.com\/es-es\/name\/nm1564103\/?ref_=fn_t_1\" target=\"_self\" rel=\"nofollow noopener\" title=\"https:\/\/www.imdb.com\/es-es\/name\/nm1564103\/?ref_=fn_t_1\">Bel\u00e9n Fabra.<\/a> Aunque la pregunta que debe hacerse el espectador en ese instante es qui\u00e9nes son las cucarachas y qui\u00e9nes las mariposas de hoy en d\u00eda. Bajo Ulloa, tambi\u00e9n operador de c\u00e1mara (lo que no es nada habitual), dirige con buen pulso y fuerza visual un thriller malsano, de enorme arrojo (ahora, m\u00e1s que nunca), que en la segunda parte de su metraje incluye im\u00e1genes dif\u00edcilmente soportables, incluso en (relativo) fuera de campo. <\/p>\n<p>M\u00e1s informaci\u00f3n<\/p>\n<p class=\"\">La ni\u00f1a de la \u00f3pera prima de Bajo Ulloa, Concha de Oro en San Sebasti\u00e1n, pas\u00f3 de dibujar coloristas mariposas en su infancia a adornar su habitaci\u00f3n de la adolescencia con innumerables cucarachas, por culpa de una madre desquiciada y quiz\u00e1 tambi\u00e9n a causa de su propio ser. En El mal, con ese toque barroco tan suyo, entre las a\u00f1ejas localizaciones vitorianas y una meritoria actuaci\u00f3n de Natalia Tena como la asesina \u2014un papel en el alambre de la imprudencia\u2014, el cineasta, tantos a\u00f1os despu\u00e9s, entronca con su debut a trav\u00e9s de los bichos, los juguetes antiguos, la maternidad y una imagen final casi exacta. En ambas pel\u00edculas, tres generaciones de mujeres en torno al mal. Y en ambas pel\u00edculas, la osad\u00eda del que nada debe a nadie y del ajeno a las imposiciones morales. <\/p>\n<p>El mal<\/p>\n<p><strong>Direcci\u00f3n:<\/strong> Juanma Bajo Ulloa.<\/p>\n<p><strong>Int\u00e9rpretes:<\/strong> Bel\u00e9n Fabra, Natalia Tena, Tony Dalton, Fernando Gil. <\/p>\n<p><strong>G\u00e9nero:<\/strong> drama. Espa\u00f1a, 2026.<\/p>\n<p><strong>Duraci\u00f3n:<\/strong> 120 minutos. <\/p>\n<p><strong>Estreno: 16 de enero.<\/strong><\/p>\n","protected":false},"excerpt":{"rendered":"En los primeros minutos de El mal, nueva pel\u00edcula del siempre osado Juanma Bajo Ulloa, una escritora que&hellip;\n","protected":false},"author":2,"featured_media":343788,"comment_status":"","ping_status":"","sticky":false,"template":"","format":"standard","meta":{"footnotes":""},"categories":[169],"tags":[1015,177,12374,11365,11344,209,9265,146,147,25,24,176,77596,175,753,23],"class_list":{"0":"post-343787","1":"post","2":"type-post","3":"status-publish","4":"format-standard","5":"has-post-thumbnail","7":"category-cine","8":"tag-actrices","9":"tag-cine","10":"tag-cine-espanol","11":"tag-cine-terror","12":"tag-critica-cine","13":"tag-cultura","14":"tag-directores-cine","15":"tag-entertainment","16":"tag-entretenimiento","17":"tag-es","18":"tag-espana","19":"tag-film","20":"tag-juanma-bajo-ulloa","21":"tag-movies","22":"tag-peliculas","23":"tag-spain"},"share_on_mastodon":{"url":"https:\/\/pubeurope.com\/@es\/115904238484404825","error":""},"_links":{"self":[{"href":"https:\/\/www.europesays.com\/es\/wp-json\/wp\/v2\/posts\/343787","targetHints":{"allow":["GET"]}}],"collection":[{"href":"https:\/\/www.europesays.com\/es\/wp-json\/wp\/v2\/posts"}],"about":[{"href":"https:\/\/www.europesays.com\/es\/wp-json\/wp\/v2\/types\/post"}],"author":[{"embeddable":true,"href":"https:\/\/www.europesays.com\/es\/wp-json\/wp\/v2\/users\/2"}],"replies":[{"embeddable":true,"href":"https:\/\/www.europesays.com\/es\/wp-json\/wp\/v2\/comments?post=343787"}],"version-history":[{"count":0,"href":"https:\/\/www.europesays.com\/es\/wp-json\/wp\/v2\/posts\/343787\/revisions"}],"wp:featuredmedia":[{"embeddable":true,"href":"https:\/\/www.europesays.com\/es\/wp-json\/wp\/v2\/media\/343788"}],"wp:attachment":[{"href":"https:\/\/www.europesays.com\/es\/wp-json\/wp\/v2\/media?parent=343787"}],"wp:term":[{"taxonomy":"category","embeddable":true,"href":"https:\/\/www.europesays.com\/es\/wp-json\/wp\/v2\/categories?post=343787"},{"taxonomy":"post_tag","embeddable":true,"href":"https:\/\/www.europesays.com\/es\/wp-json\/wp\/v2\/tags?post=343787"}],"curies":[{"name":"wp","href":"https:\/\/api.w.org\/{rel}","templated":true}]}}