{"id":343807,"date":"2026-01-16T10:27:07","date_gmt":"2026-01-16T10:27:07","guid":{"rendered":"https:\/\/www.europesays.com\/es\/343807\/"},"modified":"2026-01-16T10:27:07","modified_gmt":"2026-01-16T10:27:07","slug":"interes-por-cuenca-desde-la-serie-a","status":"publish","type":"post","link":"https:\/\/www.europesays.com\/es\/343807\/","title":{"rendered":"Inter\u00e9s por Cuenca desde la Serie A"},"content":{"rendered":"<p data-gtm-element-container=\"modulo-texto-link\" class=\"paragraph\"><strong>Andr\u00e9s Cuenca<\/strong>, central zurdo de 18 a\u00f1os y una de las promesas m\u00e1s firmes en defensa de la cantera del <strong>FC Barcelona<\/strong>, ha despertado el inter\u00e9s de clubs de la <strong>Serie A<\/strong> italiana, seg\u00fan\u00a0revel\u00f3 <strong>Gianluigi Longari<\/strong> a <strong>Sportitalia<\/strong>.<\/p>\n<p data-gtm-element-container=\"modulo-texto-link\" class=\"paragraph\">Los dos equipos que estar\u00edan interesados en la incorporaci\u00f3n del zaguero cul\u00e9 de 1,87 son el Milan y el Como, entrenado por el ex canterano cul\u00e9 <strong>Cesc F\u00e0bregas<\/strong>, dando nuevas muestras de que siempre es una entidad atenta al talento joven tanto del Bar\u00e7a como del Real Madrid, de donde se hizo con los servicios de Nico Paz, una de las revelaciones de la Liga italiana.\u00a0Cuenca , nacido en 2007, tambi\u00e9n habr\u00eda sido objeto de seguimiento de un club de la Ligue 1 francesa.<\/p>\n<p>    Lee tambi\u00e9n<\/p>\n<p data-gtm-element-container=\"modulo-texto-link\" class=\"paragraph\">Cuenca fue el \u00fanico futbolista del Bar\u00e7a que disput\u00f3 el pasado Mundial sub-20 en 2025, dado que el extremo Jan Virgili fue traspasado al Mallorca.Con contrato en vigor como cul\u00e9 hasta final de temporada, la proyecci\u00f3n de Cuenca le hace un futbolista interesante para clubs que est\u00e1n siempre pendientes de los talentos emergentes. El central nacido en Adamuz lleg\u00f3 a jugar seis minutos en el primer equipo del Bar\u00e7a de la mano de Hansi Flick la temporada 2024-25, actuando en el tramo final del partido de Champions League que se disput\u00f3 en Montju\u00efc ante el Young Boys suizo.<\/p>\n","protected":false},"excerpt":{"rendered":"Andr\u00e9s Cuenca, central zurdo de 18 a\u00f1os y una de las promesas m\u00e1s firmes en defensa de la&hellip;\n","protected":false},"author":2,"featured_media":343808,"comment_status":"","ping_status":"","sticky":false,"template":"","format":"standard","meta":{"footnotes":""},"categories":[268],"tags":[168,25,24,280,282,281,23,167],"class_list":{"0":"post-343807","1":"post","2":"type-post","3":"status-publish","4":"format-standard","5":"has-post-thumbnail","7":"category-futbol","8":"tag-deportes","9":"tag-es","10":"tag-espana","11":"tag-football","12":"tag-futbol","13":"tag-soccer","14":"tag-spain","15":"tag-sports"},"share_on_mastodon":{"url":"https:\/\/pubeurope.com\/@es\/115904305169219167","error":""},"_links":{"self":[{"href":"https:\/\/www.europesays.com\/es\/wp-json\/wp\/v2\/posts\/343807","targetHints":{"allow":["GET"]}}],"collection":[{"href":"https:\/\/www.europesays.com\/es\/wp-json\/wp\/v2\/posts"}],"about":[{"href":"https:\/\/www.europesays.com\/es\/wp-json\/wp\/v2\/types\/post"}],"author":[{"embeddable":true,"href":"https:\/\/www.europesays.com\/es\/wp-json\/wp\/v2\/users\/2"}],"replies":[{"embeddable":true,"href":"https:\/\/www.europesays.com\/es\/wp-json\/wp\/v2\/comments?post=343807"}],"version-history":[{"count":0,"href":"https:\/\/www.europesays.com\/es\/wp-json\/wp\/v2\/posts\/343807\/revisions"}],"wp:featuredmedia":[{"embeddable":true,"href":"https:\/\/www.europesays.com\/es\/wp-json\/wp\/v2\/media\/343808"}],"wp:attachment":[{"href":"https:\/\/www.europesays.com\/es\/wp-json\/wp\/v2\/media?parent=343807"}],"wp:term":[{"taxonomy":"category","embeddable":true,"href":"https:\/\/www.europesays.com\/es\/wp-json\/wp\/v2\/categories?post=343807"},{"taxonomy":"post_tag","embeddable":true,"href":"https:\/\/www.europesays.com\/es\/wp-json\/wp\/v2\/tags?post=343807"}],"curies":[{"name":"wp","href":"https:\/\/api.w.org\/{rel}","templated":true}]}}