{"id":343809,"date":"2026-01-16T10:28:05","date_gmt":"2026-01-16T10:28:05","guid":{"rendered":"https:\/\/www.europesays.com\/es\/343809\/"},"modified":"2026-01-16T10:28:05","modified_gmt":"2026-01-16T10:28:05","slug":"cuanto-cuesta-la-casa-de-pampita-y-benjamin-vicuna-testigo-del-escandalo-con-la-china-suarez-tras-una-decada-sin-venderse-infobae","status":"publish","type":"post","link":"https:\/\/www.europesays.com\/es\/343809\/","title":{"rendered":"Cu\u00e1nto cuesta la casa de Pampita y Benjam\u00edn Vicu\u00f1a, testigo del esc\u00e1ndalo con la China Su\u00e1rez, tras una d\u00e9cada sin venderse &#8211; Infobae"},"content":{"rendered":"<ol>\n<li><a href=\"https:\/\/news.google.com\/rss\/articles\/CBMi-gFBVV95cUxNbmVPc2FxaHpCMEx3U1VQRlpDV2p0VVlKVVpRM2g0XzhLTEwzbnhENkc0VXY0OE1ZM0lBSUJhS2w1TkdINWdzQ0RXSDY2dmg0OHVJRldfU0V1NFJ5R2YtYkJfYUpGN29fZVlJSUk1ZEpfYzl3N0ZrajV2RVNYZzhFRS14cnY5M0NjZmFNSHc1UkVXbERVNzRCQm81UGQtXzVCdkRKbnhiWE1JWDA4c0xFYmxWMS1fSVlJWHN2M1JhMmVxWEFYYjB5ZHRfUExOTnpZbGd3N0o4RXEtbjR6YVdfbHdtVlM3NWg4QlM0eExiRW9RSUtsSEppZ0FB0gGUAkFVX3lxTE1keFdzNzhaUGNKZXFYMUJ1YXhqRjBreHBLOXA0UURWOHBtNjVDVEJQZGZMOXpNU1NmdFdHWHZtVmU4NXJsODZPYmxKdVNhWExkLUR2WVU5XzhZX0ZwNzNTekJSN1I0X2VRdjhwRXFqeHd3eG1rVVVfTmlDOEpDd2poN1lUUDlPSDVMeFMzWU5KNjhqYzFKUkNDMlRzUnhXTDZISzQwYTZ5TTlqM2dwMWk1cVZIS0swbjk5RDl4c0szU2JEYU1mR2tpYXNVMFY5STJZVHp0WU00Z2N5RG9MVWhiZGdXWHU0UXRrOG5VZDV0U0ZZX1RQVi0zTmxwTzZpODVDbTZlM3o4NVNsYzVicHFxSGN0Qg?oc=5\" target=\"_blank\" rel=\"nofollow noopener\">Cu\u00e1nto cuesta la casa de Pampita y Benjam\u00edn Vicu\u00f1a, testigo del esc\u00e1ndalo con la China Su\u00e1rez, tras una d\u00e9cada sin venderse<\/a>&nbsp;&nbsp;Infobae<\/li>\n<li><a href=\"https:\/\/news.google.com\/rss\/articles\/CBMizAFBVV95cUxPWS1KUE5ETHVOU1lIeW1fb0Y0TV9FVDdLT1FTXzhQTXB6LVFpRlA4ZUVXOGhzQVZ2azNvNlVJdTZIN3psU2pkd196Uno3N0ZRajF1MjZmc1l3N09iTTIwbEg4WTNFcHJCRmpFSTZldTc5Q0hCOHFjMkM4WlY0UURRZmhEWmdjMU5aMHNZUkMwbHAwM0p4T3dNd1lVTEQxVWpuMnFxcV83dmtTN2RkRFJjVHQweV8yUGtlMFgzN1I3SXZYN1k1dXhxZVlvdDHSAeABQVVfeXFMTXlDeEZjSWxBSGxEcmRxeXBqRzBNcUNsWkhmdFFnUVJFN0pZTGJIaW14Y3hZN1hTT2V4cUdWdGlhM3JNZDRlSDFzeGxvM0pWS2huN0g5NjY0VmN2RmJaS3FGMUJFWDNhbDdTVE1hWmI5N2t2Y3FnQzJmbjBsVXZrT20tdFE5Zk1lcHBwWk50U3drd1FPYjFvaEdDQmp1OERjMHdKakhSZU80R3pTb3hPYjRrRnI4WGEtbnJCY0dmTVZmQXA3R2Mwb1RMV2kwVkZKQmt4ZXQ0V0FsN3JYbkJRdC0?oc=5\" target=\"_blank\" rel=\"nofollow noopener\">A casi 10 a\u00f1os del esc\u00e1ndalo, la casa de Pampita y Vicu\u00f1a sigue sin venderse: cu\u00e1nto cuesta<\/a>&nbsp;&nbsp;TN<\/li>\n<li><a href=\"https:\/\/news.google.com\/rss\/articles\/CBMilAJBVV95cUxQXzVRRkVnMm1pdFl2dkxFMzFtYzVLRjltU3U5N1VHRTZ1MjlRUkpRQlBrLThtdUdhRFVSOUE2R1lPYUU3SFp0N3JCb1ViMjNOSGkwZVliMTczSGlzUWJxbW5fOGVWYXZHcGVWSkFoUDJXbFg2RTF0SlhjYkZoRDMtRllYNk90X3VqMmw1UkMydXdPQXcwRWJwZ25IdU5lSXJaMUhQM2dwMG9pNHBKRDc4djQzb2EtNEZxQjBQcmxndUhWSWx6NVV0RzVEdG9vUkVJOUxyZm4xRmdTWlYwc0VQUVM2YXhyZjRMUmU3Z0lWaGpfRU9oNEJOZExuZG92c3hWOE1JUHZnNnY0NlkxbHBrQlRpVULSAZoCQVVfeXFMTndpamdQWXg2M195SVJ1a2NROWU4STVyS0pyVWUyaVpadzN5RFViZEg3T290cF9xTjdaR2pvbE5vbDVOWUNYUVhpMGNGZkJYNUJYUGpPTEU4LTNhVDh6RjJNdF9DcDRkVUgySzJGUjFaTi04YXJWWXlZR0V3bzdiZFlNUlpQMmZsaXhoQndSeE5FWHlpVGhYN0ZKY2NJYUZtaHhVSTNLSC16bWtBR2FVWGI1NTc5U1lPT1lQM1NQc2FEQ3hpYUdTcG9iNTNaUTgxaWhCT05DRDMxeHYxMHlrR2Jfc2JaSzVHZEw0dWFSTDk1ZDdYTzZSYVhrSXlaRko4NlBjRjF5QU55RkU5NFR6ZjNmNVdiUms3REZR?oc=5\" target=\"_blank\" rel=\"nofollow noopener\">As\u00ed es la casa de Pampita y Benjam\u00edn Vicu\u00f1a que est\u00e1 a la venta: 5 ba\u00f1os, cava en un subsuelo y valuada en m\u00e1s&#8230;<\/a>&nbsp;&nbsp;Caras<\/li>\n<li><a href=\"https:\/\/news.google.com\/rss\/articles\/CBMi3AFBVV95cUxOTFhSdDdwX3VqOXVUaVoxZ2NEUUlUeVlaSGticEZnMWQ1S012OWpTSTRXRS12R0pMdmR1MDl6RG1IZ0R1bkppSmFDTUxRckFkQUZjbU5rZWpWQVYwcUhKRTNJVUJ0WC1ueElBQllYXzNlV0xVaDZtT0F4eG9sbGpackdiSmt3XzNQdk9XOGd3WEpIU0lsVDNNNS1aMjJrNUdtY2kxYmNPbVhic21vUHh4ak5fcWc2c3JjaFNSZE5xb0t0aWJ4emFwT0k4RmhBVGU1RzZyT1pZaUozdFRL?oc=5\" target=\"_blank\" rel=\"nofollow noopener\">Pampita y Benjam\u00edn Vicu\u00f1a pusieron a la venta \u00abla casa del esc\u00e1ndalo\u00bb y se conoci\u00f3 la exorbitante cifra<\/a>&nbsp;&nbsp;La 100<\/li>\n<li><a href=\"https:\/\/news.google.com\/rss\/articles\/CBMiywFBVV95cUxPQ1FrdXVCa0l0REVWQm1lU0l3V1lwX05zcC0yb1hRdDY0cFJ3ekNibGRiZnJaMllUaXY2eEVrMDM1U0VFTEJ5dlVkNVl3VEdHdDJrSF9hZDN4Rm54RGMyQ1BVeXFoUkRwRjRNYzZxVTNIQkJ0RWx1bUFHcjRwQ1hIc3NBTmlOZl9rTFdYbGZVYmRsMWhta2h0MEpRaWJEdU5pdFhuSi01b1NfaEo0eVRVVXF3LXJLY2YtY3huWXVkSVo2LTlQMTREN1dITdIB0AFBVV95cUxNTWJvWU12NXdxNHMtNEtNaUZyWi1pS1p2MEowa2tCcURGWHg5MEpGdlBUZkJzRXJkUDZ2d1h3b0gyYmZUc3pOc0VwVFNNc0pmSUs5M0t1ZGY1bnhYWlRpSEUyQWdybHg4d3VjR3hxa1owUmI2UE5OZWNvbHoxTjBiSzF4OW9YbmlodzBmcElqeVF6Y3hvaV9KODE2eHNWX0hvRG5lVUh0bGVyS2xKajBnWVZ6YUd1ZlpQV0hCcU85aW8wTW9LYWI0akswdG45a2p3?oc=5\" target=\"_blank\" rel=\"nofollow noopener\">Del esc\u00e1ndalo a la venta: Pampita se desprende de la casa donde explot\u00f3 la crisis con Benjam\u00edn Vicu\u00f1a<\/a>&nbsp;&nbsp;MDZ Online<\/li>\n<\/ol>\n","protected":false},"excerpt":{"rendered":"Cu\u00e1nto cuesta la casa de Pampita y Benjam\u00edn Vicu\u00f1a, testigo del esc\u00e1ndalo con la China Su\u00e1rez, tras una&hellip;\n","protected":false},"author":2,"featured_media":338026,"comment_status":"","ping_status":"","sticky":false,"template":"","format":"standard","meta":{"footnotes":""},"categories":[174],"tags":[255,146,147,25,24,256,23],"class_list":{"0":"post-343809","1":"post","2":"type-post","3":"status-publish","4":"format-standard","5":"has-post-thumbnail","7":"category-famosos","8":"tag-celebrities","9":"tag-entertainment","10":"tag-entretenimiento","11":"tag-es","12":"tag-espana","13":"tag-famosos","14":"tag-spain"},"share_on_mastodon":{"url":"https:\/\/pubeurope.com\/@es\/115904309026551390","error":""},"_links":{"self":[{"href":"https:\/\/www.europesays.com\/es\/wp-json\/wp\/v2\/posts\/343809","targetHints":{"allow":["GET"]}}],"collection":[{"href":"https:\/\/www.europesays.com\/es\/wp-json\/wp\/v2\/posts"}],"about":[{"href":"https:\/\/www.europesays.com\/es\/wp-json\/wp\/v2\/types\/post"}],"author":[{"embeddable":true,"href":"https:\/\/www.europesays.com\/es\/wp-json\/wp\/v2\/users\/2"}],"replies":[{"embeddable":true,"href":"https:\/\/www.europesays.com\/es\/wp-json\/wp\/v2\/comments?post=343809"}],"version-history":[{"count":0,"href":"https:\/\/www.europesays.com\/es\/wp-json\/wp\/v2\/posts\/343809\/revisions"}],"wp:featuredmedia":[{"embeddable":true,"href":"https:\/\/www.europesays.com\/es\/wp-json\/wp\/v2\/media\/338026"}],"wp:attachment":[{"href":"https:\/\/www.europesays.com\/es\/wp-json\/wp\/v2\/media?parent=343809"}],"wp:term":[{"taxonomy":"category","embeddable":true,"href":"https:\/\/www.europesays.com\/es\/wp-json\/wp\/v2\/categories?post=343809"},{"taxonomy":"post_tag","embeddable":true,"href":"https:\/\/www.europesays.com\/es\/wp-json\/wp\/v2\/tags?post=343809"}],"curies":[{"name":"wp","href":"https:\/\/api.w.org\/{rel}","templated":true}]}}