{"id":343810,"date":"2026-01-16T10:31:08","date_gmt":"2026-01-16T10:31:08","guid":{"rendered":"https:\/\/www.europesays.com\/es\/343810\/"},"modified":"2026-01-16T10:31:08","modified_gmt":"2026-01-16T10:31:08","slug":"cinco-pesos-pesados-en-riesgo-de-expulsion-privilegios-sin-usar-y-la-sombra-de-un-pacto","status":"publish","type":"post","link":"https:\/\/www.europesays.com\/es\/343810\/","title":{"rendered":"cinco pesos pesados en riesgo de expulsi\u00f3n, privilegios sin usar y la sombra de un pacto"},"content":{"rendered":"\n<p> Las primeras nominaciones de GH D\u00fao no solo han servido para dibujar el primer mapa de afinidades dentro de la casa de Tres Cantos, sino tambi\u00e9n para destapar estrategias prematuras, reproches enquistados y una tensi\u00f3n que ya marca la convivencia desde el arranque. La gala de este jueves, 15 de enero, conducida por Jorge Javier V\u00e1zquez, dej\u00f3 <strong>un tramo final cargado de momentos inc\u00f3modos, frases reveladoras y un listado de nominados que no ha pasado desapercibido<\/strong>. <\/p>\n<p> Con apenas unos d\u00edas de convivencia a sus espaldas, los concursantes afrontaron las nominaciones en el confesionario y por parejas o tr\u00edos, obligados a consensuar un punto y tres puntos. Todo ello con un elemento decisivo: <strong>el privilegio obtenido por Anita, Manuel y Gloria, ganadores de la suite, que pudieron ver las nominaciones en directo y ser los \u00faltimos en votar<\/strong>, con la ventaja estrat\u00e9gica que eso conlleva. Desde el inicio qued\u00f3 claro que, pese al poco tiempo transcurrido, nadie estaba dispuesto a nominar al azar. <\/p>\n<p> Antes de comenzar, <strong>Jorge Javier anunci\u00f3 una excepci\u00f3n clave: <\/strong><a href=\"https:\/\/www.elconfidencial.com\/television\/programas-tv\/2026-01-16\/andrea-sandra-juanpi-tentaciones-trio-gh-duo-4_4284929\/\" target=\"_blank\" rel=\"nofollow noopener\"><strong>Sandra, Juanpi y Andrea<\/strong><\/a><strong>, reci\u00e9n incorporados como tr\u00edo al <\/strong><strong>reality<\/strong>, no pod\u00edan ni nominar ni ser nominados esta semana. Una decisi\u00f3n l\u00f3gica por reglamento, pero que redujo el abanico de opciones y concentr\u00f3 los votos en los perfiles m\u00e1s expuestos y conflictivos de la casa. <\/p>\n<p> Los primeros en mojarse fueron <strong>Cristina Piaget y Carlos Lozano, que evidenciaron la fractura total con Bel\u00e9n Rodr\u00edguez. <\/strong>El d\u00fao reparti\u00f3 un punto a Sonia Madoc y Mario Jefferson, y tres puntos a Bel\u00e9n, extendiendo adem\u00e1s el castigo a John Guts y Carmen Borrego. \u201cLo que me ha hecho es imperdonable\u201d, sentenci\u00f3 Cristina, mientras Carlos asum\u00eda el golpe con resignaci\u00f3n: \u201cLo que diga Cristina va a misa\u201d. Una declaraci\u00f3n que no pas\u00f3 desapercibida y que refuerza la percepci\u00f3n de bloque compacto \u2014y combativo\u2014 que proyectan. <\/p>\n<blockquote class=\"twitter-tweet\">\n<p lang=\"es\" dir=\"ltr\">\u2728 \u00a1ES VUESTRO MOMENTO! \u2728 Entra en la App de <a href=\"https:\/\/twitter.com\/MedInfinityES?ref_src=twsrc%5Etfw\" rel=\"nofollow noopener\" target=\"_blank\">@MedInfinityES<\/a> y VOTA YA de manera gratuita ?\ufe0f <a href=\"https:\/\/twitter.com\/hashtag\/GHD%C3%BAoGala2?src=hash&amp;ref_src=twsrc%5Etfw\" rel=\"nofollow noopener\" target=\"_blank\">#GHD\u00faoGala2<\/a> <a href=\"https:\/\/t.co\/GTpldWZuLm\" rel=\"nofollow\">pic.twitter.com\/GTpldWZuLm<\/a><\/p>\n<p>\u2014 Gran Hermano (@ghoficial) <a href=\"https:\/\/twitter.com\/ghoficial\/status\/2011970329237672298?ref_src=twsrc%5Etfw\" rel=\"nofollow noopener\" target=\"_blank\">January 16, 2026<\/a><\/p><\/blockquote>\n<p> Uno de los momentos m\u00e1s tensos lleg\u00f3 con las nominaciones de Mario Jefferson y Sonia Madoc. Al conceder un punto al tr\u00edo formado por Bel\u00e9n, Carmen y John, Mario desliz\u00f3 una frase que encendi\u00f3 todas las alarmas:<strong> \u201cNos lo acaban de pedir\u201d. Jorge Javier no tard\u00f3 en intervenir, preguntando directamente si alguien les hab\u00eda solicitado el voto. <\/strong>Aunque Mario intent\u00f3 matizarlo, el presentador fue tajante: \u201cSi os he escuchado\u201d. La sombra de las estrategias pactadas plane\u00f3 desde ese instante sobre la gala, con todas las miradas puestas en Carmen Borrego, quien se delat\u00f3 qued\u00e1ndose muy cerca de la puerta del confesionario para cerciorarse de que sus compa\u00f1eros segu\u00edan sus planes. <\/p>\n<p> La tensi\u00f3n tambi\u00e9n fue protagonista en el turno de Carmen Borrego, Bel\u00e9n Rodr\u00edguez y John Guts, incapaces de ponerse de acuerdo durante varios minutos. \u201cNo me da la gana\u201d, lleg\u00f3 a escucharse en pleno desacuerdo. Finalmente, el tr\u00edo otorg\u00f3 un punto a Carlos Lozano y Cristina Piaget, a quienes acusaron de ir \u201cen contra de la convivencia\u201d, y<strong> tres puntos a Raquel Salazar y Antonio Canales con un argumento expl\u00edcitamente estrat\u00e9gico: \u201cAqu\u00ed se viene a jugar\u201d.<\/strong> <\/p>\n<p> Raquel Salazar y Antonio Canales devolvieron el golpe sin rodeos. Un punto para Bel\u00e9n, Carmen y John \u2014por desconfianza y desgaste emocional\u2014 y tres puntos directos a Carlos y Cristina, a quienes acusaron de hacerles \u201cla vida m\u00e1rtir\u201d durante la semana. <strong>La reiteraci\u00f3n de votos contra la misma pareja dejaba claro que su presencia ya polariza la casa.<\/strong> <\/p>\n<p>                  <img decoding=\"async\" class=\"inTextNews__img\" alt=\"Foto: belen-ro-amenaza-abandonar-gh-duo-insultos-gritos\" src=\"https:\/\/www.europesays.com\/es\/wp-content\/uploads\/2026\/01\/f.elconfidencial.com\/original\/9d4\/da7\/672\/9d4da7672783414f7ca94371267c7be4.jpg\"  \/>     <\/p>\n<p>TE PUEDE INTERESAR<\/p>\n<p>      <a class=\"inTextNews__title\" href=\"https:\/\/www.elconfidencial.com\/television\/programas-tv\/2026-01-16\/belen-ro-amenaza-abandonar-gh-duo-insultos-gritos_4284930\/\" onclick=\"window.ECCO.emit(&#039;amplitude&#039;, { dataEventName: &#039;click_related_article_module&#039;, data: { related_article_url: &#039;https:\/\/www.elconfidencial.com\/television\/programas-tv\/2026-01-16\/belen-ro-amenaza-abandonar-gh-duo-insultos-gritos_4284930\/&#039;, related_article_author: &#039;Alvaro Rold\u00e1n&#039;, related_article_section: &#039;programas-tv&#039; } })\" rel=\"nofollow noopener\" target=\"_blank\"> \u00abNo quiero permitir que me insulten, me humillen y me griten\u00bb: la continuidad de Bel\u00e9n Ro en &#8216;GH D\u00fao 4&#8217;, en el aire <\/a>   <\/p>\n<p>    \u00c1. Rold\u00e1n   <\/p>\n<p> Con todas las nominaciones vistas desde la suite, Anita, Gloria y Manuel cerraron la ronda con movimientos calculados. Un punto para Sonia Madoc y Mario Jefferson, por poca afinidad con la cantante, y<strong> tres puntos para Carlos Lozano y Cristina Piaget, a quienes calificaron de llevar un papel\u00f3n \u201cpreparad\u00edsimo\u201d y faltos de respeto<\/strong>. Un golpe definitivo que termin\u00f3 de sellar su destino en la lista. <\/p>\n<p> Finalmente, Jorge Javier V\u00e1zquez anunci\u00f3 los primeros nominados oficiales de GH D\u00fao: <strong>Carlos Lozano, Cristina Piaget, Bel\u00e9n Rodr\u00edguez, Carmen Borrego y John Guts.<\/strong> Pese a que algunos concursantes contaban con privilegios adicionales para alterar la lista (salvaci\u00f3n y nominaci\u00f3n directa), nadie decidi\u00f3 utilizarlos, dejando intacta una nominaci\u00f3n que refleja con bastante fidelidad las grietas iniciales de la convivencia. <\/p>\n<p> As\u00ed arranca GH D\u00fao: con r<strong>eproches cruzados, acusaciones de juego sucio y una primera expulsi\u00f3n que promete ser decisiva.<\/strong> Porque si algo ha quedado claro tras estas nominaciones es que las alianzas est\u00e1n lejos de ser s\u00f3lidas\u2026 y que la guerra, en Tres Cantos acaba de empezar. Lo que est\u00e1 claro es que el programa perder\u00e1 a uno de sus pesos pesados tras solo dos semanas de convivencia. <\/p>\n<p> Las primeras nominaciones de GH D\u00fao no solo han servido para dibujar el primer mapa de afinidades dentro de la casa de Tres Cantos, sino tambi\u00e9n para destapar estrategias prematuras, reproches enquistados y una tensi\u00f3n que ya marca la convivencia desde el arranque. La gala de este jueves, 15 de enero, conducida por Jorge Javier V\u00e1zquez, dej\u00f3 <strong>un tramo final cargado de momentos inc\u00f3modos, frases reveladoras y un listado de nominados que no ha pasado desapercibido<\/strong>. <\/p>\n<p>              <script async src=\"https:\/\/platform.twitter.com\/widgets.js\" charset=\"utf-8\"><\/script><\/p>\n","protected":false},"excerpt":{"rendered":"Las primeras nominaciones de GH D\u00fao no solo han servido para dibujar el primer mapa de afinidades dentro&hellip;\n","protected":false},"author":2,"featured_media":343811,"comment_status":"","ping_status":"","sticky":false,"template":"","format":"standard","meta":{"footnotes":""},"categories":[171],"tags":[146,147,25,24,23,214],"class_list":{"0":"post-343810","1":"post","2":"type-post","3":"status-publish","4":"format-standard","5":"has-post-thumbnail","7":"category-tv","8":"tag-entertainment","9":"tag-entretenimiento","10":"tag-es","11":"tag-espana","12":"tag-spain","13":"tag-tv"},"share_on_mastodon":{"url":"https:\/\/pubeurope.com\/@es\/115904321035812030","error":""},"_links":{"self":[{"href":"https:\/\/www.europesays.com\/es\/wp-json\/wp\/v2\/posts\/343810","targetHints":{"allow":["GET"]}}],"collection":[{"href":"https:\/\/www.europesays.com\/es\/wp-json\/wp\/v2\/posts"}],"about":[{"href":"https:\/\/www.europesays.com\/es\/wp-json\/wp\/v2\/types\/post"}],"author":[{"embeddable":true,"href":"https:\/\/www.europesays.com\/es\/wp-json\/wp\/v2\/users\/2"}],"replies":[{"embeddable":true,"href":"https:\/\/www.europesays.com\/es\/wp-json\/wp\/v2\/comments?post=343810"}],"version-history":[{"count":0,"href":"https:\/\/www.europesays.com\/es\/wp-json\/wp\/v2\/posts\/343810\/revisions"}],"wp:featuredmedia":[{"embeddable":true,"href":"https:\/\/www.europesays.com\/es\/wp-json\/wp\/v2\/media\/343811"}],"wp:attachment":[{"href":"https:\/\/www.europesays.com\/es\/wp-json\/wp\/v2\/media?parent=343810"}],"wp:term":[{"taxonomy":"category","embeddable":true,"href":"https:\/\/www.europesays.com\/es\/wp-json\/wp\/v2\/categories?post=343810"},{"taxonomy":"post_tag","embeddable":true,"href":"https:\/\/www.europesays.com\/es\/wp-json\/wp\/v2\/tags?post=343810"}],"curies":[{"name":"wp","href":"https:\/\/api.w.org\/{rel}","templated":true}]}}