{"id":343812,"date":"2026-01-16T10:32:09","date_gmt":"2026-01-16T10:32:09","guid":{"rendered":"https:\/\/www.europesays.com\/es\/343812\/"},"modified":"2026-01-16T10:32:09","modified_gmt":"2026-01-16T10:32:09","slug":"hai-el-espectacular-mural-dedicado-a-sho-hai-llorando-estoy","status":"publish","type":"post","link":"https:\/\/www.europesays.com\/es\/343812\/","title":{"rendered":"Hai | El espectacular mural dedicado a Sho-Hai: \u00abLlorando estoy\u00bb"},"content":{"rendered":"<p class=\"ft-text\">El <strong>MC aragon\u00e9s<\/strong>, de las Delicias zaragozanas y orgulloso de serlo para m\u00e1s se\u00f1as, <a class=\"ft-link ft-link--decoration\" href=\"https:\/\/www.elperiodicodearagon.com\/tags\/sho-hai\/\" target=\"_blank\" rel=\"nofollow noopener\"><strong>Sho-Hai<\/strong><\/a> es uno de los raperos m\u00e1s queridos por su p\u00fablico y son muchos los que le realizan muchas muestras de cari\u00f1o m\u00e1s all\u00e1 de acudir a cada uno de sus conciertos. Y, de hecho, \u00e9l fue el que hizo posible el primer regreso de <strong>Violadores del Verso<\/strong> el a\u00f1o pasado ya que fue en su concierto en Madrid cuando se produjo esa reuni\u00f3n m\u00e1s de diez a\u00f1os despu\u00e9s para cantar <a class=\"ft-link ft-link--decoration\" href=\"https:\/\/www.elperiodicodearagon.com\/cultura\/2025\/01\/27\/violadores-verso-vuelven-rapear-juntos-en-vivo-decada-despues-113761964.html\" target=\"_blank\" rel=\"nofollow noopener\"><strong>&#8216;Vivir para contarlo&#8217; entre el delirio del p\u00fablico.<\/strong><\/a><\/p>\n<p class=\"ft-text\">Sin embargo, el zaragozano se ha llevado hace unos d\u00edas quiz\u00e1 su <strong>sorpresa m\u00e1s emotiva <\/strong>en su visita rel\u00e1mpago a <strong>Valencia <\/strong>ya que se encontr\u00f3 con que uno de sus locales de referencia en la ciudad, el Funky Brushter inauguraba un espectacular mural que lo retrataba con sus m\u00edtica gafas de sol (no se las quita nunca en sus conciertos) <strong>realizado por el pintor y tatuador realista J. Montero. <\/strong><\/p>\n<p>\u00abSigo flipando\u00bb<\/p>\n<p class=\"ft-text\">\u00abMaestro\u00a0@shohai_real\u00a0est\u00e1 en la casa<strong> inaugurando el pedazo de mural<\/strong> que se ha marcado\u00a0@monteroarts. Que viva el Rap!!!\u00bb, han se\u00f1alado desde el local en sus redes sociales a lo que Sho-Hai no ha dudado en contestar: <strong>\u00abSigo flipando. Gracias de coraz\u00f3n\u00bb<\/strong>.<\/p>\n<p class=\"ft-text\">No fue el \u00fanico regalo que se llev\u00f3 Sho-Hai ya que el mismo artista tambi\u00e9n<strong> hab\u00eda decorado dos tablas de skate,<\/strong> una dedicada a \u00e9l y la otra a su hermano fallecido hace unos pocos a\u00f1os y con el que estaba muy unido, Rebel, considerado para muchos el quinto Violador del Verso. <strong>\u00abLlorando estoy\u00bb, ha asegurado el MC.<\/strong><\/p>\n<p class=\"ft-text\">Otros raperos de la escena nacional como <strong>Zatu, de SFDK, y Rapsusklei<\/strong>, adem\u00e1s de sus compa\u00f1eros en Violadores del Verso han expresado tambi\u00e9n su admiraci\u00f3n por la obra de arte.<\/p>\n","protected":false},"excerpt":{"rendered":"El MC aragon\u00e9s, de las Delicias zaragozanas y orgulloso de serlo para m\u00e1s se\u00f1as, Sho-Hai es uno de&hellip;\n","protected":false},"author":2,"featured_media":343813,"comment_status":"","ping_status":"","sticky":false,"template":"","format":"standard","meta":{"footnotes":""},"categories":[170],"tags":[78085,146,147,25,24,184,185,23],"class_list":{"0":"post-343812","1":"post","2":"type-post","3":"status-publish","4":"format-standard","5":"has-post-thumbnail","7":"category-musica","8":"tag-el-espectacular-mural-dedicado-a-sho-hai","9":"tag-entertainment","10":"tag-entretenimiento","11":"tag-es","12":"tag-espana","13":"tag-music","14":"tag-musica","15":"tag-spain"},"share_on_mastodon":{"url":"https:\/\/pubeurope.com\/@es\/115904324809074281","error":""},"_links":{"self":[{"href":"https:\/\/www.europesays.com\/es\/wp-json\/wp\/v2\/posts\/343812","targetHints":{"allow":["GET"]}}],"collection":[{"href":"https:\/\/www.europesays.com\/es\/wp-json\/wp\/v2\/posts"}],"about":[{"href":"https:\/\/www.europesays.com\/es\/wp-json\/wp\/v2\/types\/post"}],"author":[{"embeddable":true,"href":"https:\/\/www.europesays.com\/es\/wp-json\/wp\/v2\/users\/2"}],"replies":[{"embeddable":true,"href":"https:\/\/www.europesays.com\/es\/wp-json\/wp\/v2\/comments?post=343812"}],"version-history":[{"count":0,"href":"https:\/\/www.europesays.com\/es\/wp-json\/wp\/v2\/posts\/343812\/revisions"}],"wp:featuredmedia":[{"embeddable":true,"href":"https:\/\/www.europesays.com\/es\/wp-json\/wp\/v2\/media\/343813"}],"wp:attachment":[{"href":"https:\/\/www.europesays.com\/es\/wp-json\/wp\/v2\/media?parent=343812"}],"wp:term":[{"taxonomy":"category","embeddable":true,"href":"https:\/\/www.europesays.com\/es\/wp-json\/wp\/v2\/categories?post=343812"},{"taxonomy":"post_tag","embeddable":true,"href":"https:\/\/www.europesays.com\/es\/wp-json\/wp\/v2\/tags?post=343812"}],"curies":[{"name":"wp","href":"https:\/\/api.w.org\/{rel}","templated":true}]}}