{"id":343820,"date":"2026-01-16T10:36:11","date_gmt":"2026-01-16T10:36:11","guid":{"rendered":"https:\/\/www.europesays.com\/es\/343820\/"},"modified":"2026-01-16T10:36:11","modified_gmt":"2026-01-16T10:36:11","slug":"julio-iglesias-tacha-las-acusaciones-sexuales-de-exempleadas-de-absolutamente-falsas","status":"publish","type":"post","link":"https:\/\/www.europesays.com\/es\/343820\/","title":{"rendered":"Julio Iglesias tacha las acusaciones sexuales de exempleadas de \u00ababsolutamente falsas\u00bb"},"content":{"rendered":"<p>    <img src=\"https:\/\/www.europesays.com\/es\/wp-content\/uploads\/2026\/01\/2026-01-16T083A483A52Z-90786605.jpg\" width=\"1024\" height=\"743\" alt=\"\" loading=\"eager\" decoding=\"sync\" fetchpriority=\"high\"\/><\/p>\n<p>            afp_tickers        <\/p>\n<p>        Este contenido fue publicado en    <\/p>\n<p>        16 enero 2026 &#8211; 10:18\n<\/p>\n<p>El cantante espa\u00f1ol Julio Iglesias calific\u00f3 la madrugada el viernes de \u00ababsolutamente falsas\u00bb las acusaciones de dos exempleadas por delitos sexuales y trata de personas.<\/p>\n<p>\u00abNiego haber abusado, coaccionado o faltado el respeto a ninguna mujer. Esas acusaciones son absolutamente falsas y me causan una gran tristeza\u00bb, escribi\u00f3 el artista en Instagram, en su primera reacci\u00f3n desde que el esc\u00e1ndalo estallara el martes.<\/p>\n<p>\u00abCon profundo pesar, respondo a las acusaciones realizadas por dos personas que anteriormente trabajaron en mi casa\u00bb, escribe tambi\u00e9n la estrella de la canci\u00f3n en espa\u00f1ol, famoso en todo el mundo.<\/p>\n<p>\u00abNunca hab\u00eda sentido tanta maldad, pero a\u00fan me quedan fuerzas para que la gente conozca toda la verdad y defender mi dignidad ante un agravio tan grave\u00bb, agreg\u00f3.\u00a0<\/p>\n<p>\u00abNo puedo olvidarme de tantas y tantas personas querid\u00edsimas que me han mandado mensajes de cari\u00f1o y lealtad; he sentido mucho consuelo en ellas\u00bb, concluye en este mensaje que finaliza estampando su firma.<\/p>\n<p>Dos exempleadas denunciaron a Julio Iglesias por \u00abhechos \u2018que podr\u00edan constituir un delito de trata de seres humanos con fines de imposici\u00f3n de trabajo forzado y servidumbre\u2019, \u2018delitos contra la libertad y la indemnidad sexuales tales como acoso sexual&#8217;\u00bb, seg\u00fan anunciaron esta semana Women\u2019s Link Worldwide y Amnist\u00eda Internacional, las asociaciones que las apoyan.<\/p>\n<p>Los presuntos abusos habr\u00edan ocurrido en 2021, en las mansiones del cantante en la Rep\u00fablica Dominicana y en las Bahamas. Por entonces, las mujeres ten\u00edan 22 y 28 a\u00f1os, seg\u00fan detall\u00f3 la investigaci\u00f3n period\u00edstica realizada por la televisi\u00f3n estadounidense Univisi\u00f3n y el medio espa\u00f1ol elDiario.es, que destaparon el caso.<\/p>\n<p>En una rueda de prensa conjunta el mi\u00e9rcoles, Women\u2019s Link Worldwide y Amnist\u00eda Internacional a\u00f1adieron que la Fiscal\u00eda espa\u00f1ola tomar\u00e1 declaraci\u00f3n pr\u00f3ximamente a las dos denunciantes, a las que les ha otorgado la condici\u00f3n de testigos protegidos. \u00a0<\/p>\n<p>El esc\u00e1ndalo estall\u00f3 el martes, cuando la cadena estadounidense Univisi\u00f3n y el medio espa\u00f1ol elDiario.es publicaron una investigaci\u00f3n con las acusaciones de una extrabajadora del servicio dom\u00e9stico y una exfisioterapeuta del cantante, el artista latino que m\u00e1s discos ha vendido en el mundo.<\/p>\n<p>Ambas denunciaron haber sido sometidas a vejaciones y acoso sexual, que en el caso de una de las mujeres inclu\u00eda penetraciones no consentidas.<\/p>\n<p>mdm\/rs\/erl<\/p>\n","protected":false},"excerpt":{"rendered":"afp_tickers Este contenido fue publicado en 16 enero 2026 &#8211; 10:18 El cantante espa\u00f1ol Julio Iglesias calific\u00f3 la&hellip;\n","protected":false},"author":2,"featured_media":343821,"comment_status":"","ping_status":"","sticky":false,"template":"","format":"standard","meta":{"footnotes":""},"categories":[91],"tags":[25887,78086,78087,11892,5797,146,147,25,24,26325,7657,17067,184,4444,1384,25891,5799,2005,23,90,5722,22918],"class_list":{"0":"post-343820","1":"post","2":"type-post","3":"status-publish","4":"format-standard","5":"has-post-thumbnail","7":"category-entretenimiento","8":"tag-assault-general","9":"tag-collective-contract","10":"tag-contract-issue-healthcare","11":"tag-crime","12":"tag-culture","13":"tag-entertainment","14":"tag-entretenimiento","15":"tag-es","16":"tag-espana","17":"tag-investigation","18":"tag-law-and-order","19":"tag-law-enforcement","20":"tag-music","21":"tag-people","22":"tag-police","23":"tag-sexual-assault","24":"tag-social-issues-general","25":"tag-society","26":"tag-spain","27":"tag-ticker","28":"tag-work","29":"tag-work-relations"},"share_on_mastodon":{"url":"https:\/\/pubeurope.com\/@es\/115904340499725075","error":""},"_links":{"self":[{"href":"https:\/\/www.europesays.com\/es\/wp-json\/wp\/v2\/posts\/343820","targetHints":{"allow":["GET"]}}],"collection":[{"href":"https:\/\/www.europesays.com\/es\/wp-json\/wp\/v2\/posts"}],"about":[{"href":"https:\/\/www.europesays.com\/es\/wp-json\/wp\/v2\/types\/post"}],"author":[{"embeddable":true,"href":"https:\/\/www.europesays.com\/es\/wp-json\/wp\/v2\/users\/2"}],"replies":[{"embeddable":true,"href":"https:\/\/www.europesays.com\/es\/wp-json\/wp\/v2\/comments?post=343820"}],"version-history":[{"count":0,"href":"https:\/\/www.europesays.com\/es\/wp-json\/wp\/v2\/posts\/343820\/revisions"}],"wp:featuredmedia":[{"embeddable":true,"href":"https:\/\/www.europesays.com\/es\/wp-json\/wp\/v2\/media\/343821"}],"wp:attachment":[{"href":"https:\/\/www.europesays.com\/es\/wp-json\/wp\/v2\/media?parent=343820"}],"wp:term":[{"taxonomy":"category","embeddable":true,"href":"https:\/\/www.europesays.com\/es\/wp-json\/wp\/v2\/categories?post=343820"},{"taxonomy":"post_tag","embeddable":true,"href":"https:\/\/www.europesays.com\/es\/wp-json\/wp\/v2\/tags?post=343820"}],"curies":[{"name":"wp","href":"https:\/\/api.w.org\/{rel}","templated":true}]}}