{"id":343824,"date":"2026-01-16T10:39:08","date_gmt":"2026-01-16T10:39:08","guid":{"rendered":"https:\/\/www.europesays.com\/es\/343824\/"},"modified":"2026-01-16T10:39:08","modified_gmt":"2026-01-16T10:39:08","slug":"la-justicia-de-corea-del-sur-condena-al-expresidente-yoon-suk-yeol-a-cinco-anos-de-carcel-por-su-imposicion-de-la-ley-marcial-internacional","status":"publish","type":"post","link":"https:\/\/www.europesays.com\/es\/343824\/","title":{"rendered":"La justicia de Corea del Sur condena al expresidente Yoon Suk-yeol a cinco a\u00f1os de c\u00e1rcel por su imposici\u00f3n de la ley marcial | Internacional"},"content":{"rendered":"<p class=\"\">La justicia de Corea del Sur ha comenzado este viernes a dirimir las consecuencias penales del decreto de <a href=\"https:\/\/elpais.com\/internacional\/2024-12-03\/corea-del-sur-declara-la-ley-marcial-de-emergencia-tras-acusar-a-la-oposicion-de-simpatizar-con-el-regimen-del-norte.html\" target=\"_self\" rel=\"nofollow noopener\" title=\"https:\/\/elpais.com\/internacional\/2024-12-03\/corea-del-sur-declara-la-ley-marcial-de-emergencia-tras-acusar-a-la-oposicion-de-simpatizar-con-el-regimen-del-norte.html\">ley marcial que orden\u00f3 en diciembre de 2024 <\/a>el entonces presidente Yoon Suk-yeol. El Tribunal del Distrito Central de Se\u00fal ha condenado a Yoon a cinco a\u00f1os de prisi\u00f3n por un conjunto de delitos entre los que se incluye el de obstrucci\u00f3n a la justicia, al considerar probado que bloque\u00f3 la actuaci\u00f3n de las autoridades<a href=\"https:\/\/elpais.com\/internacional\/2025-01-03\/la-policia-surcoreana-se-dirige-a-detener-al-presidente-surcoreano-yoon-suk-yeol-por-decretar-la-ley-marcial.html\" target=\"_self\" rel=\"nofollow noopener\" title=\"https:\/\/elpais.com\/internacional\/2025-01-03\/la-policia-surcoreana-se-dirige-a-detener-al-presidente-surcoreano-yoon-suk-yeol-por-decretar-la-ley-marcial.html\"> cuando estas acudieron a detenerlo <\/a>en el marco de una investigaci\u00f3n sobre su imposici\u00f3n de la medida extrema. Tambi\u00e9n ha sido declarado culpable de falsificaci\u00f3n de documentos oficiales y del incumplimiento de los procedimientos legales exigidos para poner en marcha la ley marcial. <\/p>\n<p class=\"\">Se trata del primer fallo vinculado al complejo entramado de procesos que acorralan al exmandatario de 65 a\u00f1os por aquel episodio que sacudi\u00f3 los cimientos institucionales del pa\u00eds y deriv\u00f3 en uno de los mayores esc\u00e1ndalos de las \u00faltimas d\u00e9cadas en la democracia asi\u00e1tica, <a href=\"https:\/\/elpais.com\/internacional\/2025-10-29\/trump-pone-fin-a-su-gira-asiatica-en-corea-del-sur-donde-se-vera-cara-a-cara-con-xi.html\" rel=\"nofollow noopener\" title=\"https:\/\/elpais.com\/internacional\/2025-10-29\/trump-pone-fin-a-su-gira-asiatica-en-corea-del-sur-donde-se-vera-cara-a-cara-con-xi.html\" target=\"_blank\">aliada clave de Estados Unidos<\/a> en la regi\u00f3n. Su equipo legal ha anunciado que recurrir\u00e1 la sentencia y considera que la decisi\u00f3n se ha adoptado \u201cde manera politizada\u201d. <\/p>\n<p class=\"\">El verdadero golpe, sin embargo, puede llegar el pr\u00f3ximo 19 de febrero, cuando este mismo tribunal determine si Yoon cometi\u00f3 una insurrecci\u00f3n y trat\u00f3 de subvertir el orden constitucional, un delito por el que <a href=\"https:\/\/elpais.com\/internacional\/2026-01-14\/los-lideres-de-japon-y-corea-del-sur-estrechan-lazos-tocando-canciones-de-k-pop-a-la-bateria.html\" target=\"_self\" rel=\"nofollow noopener\" title=\"https:\/\/elpais.com\/internacional\/2026-01-14\/los-lideres-de-japon-y-corea-del-sur-estrechan-lazos-tocando-canciones-de-k-pop-a-la-bateria.html\">la Fiscal\u00eda solicit\u00f3 esta semana la pena de muerte<\/a>. La sentencia conocida hoy se considera clave para ese veredicto. Los tres magistrados han se\u00f1alado al emitirla que la gravedad de los delitos que se han juzgado es \u201cmuy elevada\u201d y que el acusado no ha mostrado signos de arrepentimiento en ning\u00fan momento. <\/p>\n<p class=\"\">El presidente del tribunal, el juez Baek Dae-hyun, ha sostenido que Yoon abus\u00f3 \u201cde la enorme influencia que le confer\u00eda la presidencia\u201d para impedir la ejecuci\u00f3n de \u201c\u00f3rdenes judiciales leg\u00edtimas\u201d y que, con ese fin, \u201cprivatiz\u00f3 a funcionarios p\u00fablicos leales a la Rep\u00fablica de Corea para su seguridad personal y su propio beneficio\u201d. <\/p>\n<p class=\"\">Aquel intento de detenci\u00f3n en enero del a\u00f1o pasado marc\u00f3 un punto de inflexi\u00f3n en la crisis institucional. Aunque hab\u00eda sido <a href=\"https:\/\/elpais.com\/internacional\/2024-12-27\/la-crisis-en-corea-del-sur-se-agrava-con-la-destitucion-del-presidente-que-reemplazo-al-lider-que-declaro-la-ley-marcial.html\" target=\"_self\" rel=\"nofollow noopener\" title=\"https:\/\/elpais.com\/internacional\/2024-12-27\/la-crisis-en-corea-del-sur-se-agrava-con-la-destitucion-del-presidente-que-reemplazo-al-lider-que-declaro-la-ley-marcial.html\">cesado de sus funciones por el Parlamento<\/a> (pero a\u00fan no estaba confirmada su destituci\u00f3n definitiva), Yoon se atrincher\u00f3 en su complejo residencial y orden\u00f3 al Servicio de Seguridad Presidencial bloquear el acceso de los investigadores que acud\u00edan a arrestarlo. Aquella operaci\u00f3n fracas\u00f3 y oblig\u00f3 a un segundo despliegue, <a href=\"https:\/\/elpais.com\/internacional\/2025-01-15\/las-autoridades-surcoreanas-detienen-al-presidente-cesado-yoon-suk-yeol.html\" target=\"_self\" rel=\"nofollow noopener\" title=\"https:\/\/elpais.com\/internacional\/2025-01-15\/las-autoridades-surcoreanas-detienen-al-presidente-cesado-yoon-suk-yeol.html\">en el que participaron m\u00e1s de 3.000 agentes<\/a> y que culmin\u00f3 finalmente en el primer arresto de la historia del pa\u00eds de un l\u00edder en ejercicio. \u201cEs necesario un castigo severo acorde con la gravedad\u201d, ha sentenciado el juez Baek. <\/p>\n<p class=\"\">El tribunal tambi\u00e9n determin\u00f3 este viernes que Yoon vulner\u00f3 los derechos de siete miembros de su Gabinete, a quienes no notific\u00f3 la convocatoria a una reuni\u00f3n previa a la declaraci\u00f3n de la ley marcial. El exdirigente \u00fanicamente convoc\u00f3 a los ministros que consideraba leales a su causa, en un encuentro que apenas se extendi\u00f3 cinco minutos. Adem\u00e1s, los magistrados se\u00f1alaron que la proclamaci\u00f3n del estado de emergencia constituye la falsificaci\u00f3n de un documento p\u00fablico.<\/p>\n<p class=\"\">No obstante, la sentencia de este viernes equivale a la mitad de la solicitada el mes pasado por el equipo del fiscal especial Cho Eun-suk. Yoon solamente ha sido absuelto del cargo de una supuesta orden de difundir informaci\u00f3n falsa a la prensa extranjera. <\/p>\n<p class=\"\">Yoon, antiguo fiscal general del pa\u00eds, fue <a href=\"https:\/\/elpais.com\/internacional\/2025-04-04\/el-constitucional-de-corea-del-sur-confirma-la-destitucion-de-yoon-suk-yeol-como-presidente.html\" rel=\"nofollow noopener\" title=\"https:\/\/elpais.com\/internacional\/2025-04-04\/el-constitucional-de-corea-del-sur-confirma-la-destitucion-de-yoon-suk-yeol-como-presidente.html\" target=\"_blank\">destituido como jefe del Estado por el Tribunal Constitucional el pasado abril<\/a>, lo que abri\u00f3 la puerta a que la justicia siguiera adelante investigando otros cargos criminales relacionados con <a href=\"https:\/\/elpais.com\/internacional\/2024-12-04\/la-larga-noche-de-la-ley-marcial-en-corea-del-sur-senti-que-debia-parar-a-los-soldados.html\" rel=\"nofollow noopener\" title=\"https:\/\/elpais.com\/internacional\/2024-12-04\/la-larga-noche-de-la-ley-marcial-en-corea-del-sur-senti-que-debia-parar-a-los-soldados.html\" target=\"_blank\">los eventos del 3 de diciembre de 2024<\/a>. El exmandatario surcoreano, que se encuentra en prisi\u00f3n preventiva desde hace un a\u00f1o, tiene a\u00fan otros siete juicios pendientes, cinco de ellos relacionados con la imposici\u00f3n de la ley marcial. Est\u00e1 tambi\u00e9n acusado de abuso de poder, de falso testimonio y de <a href=\"https:\/\/elpais.com\/internacional\/2025-11-10\/corea-del-sur-imputa-a-yoon-suk-yeol-el-expresidente-que-decreto-la-ley-marcial-por-beneficiar-a-un-estado-enemigo.html\" target=\"_self\" rel=\"nofollow noopener\" title=\"https:\/\/elpais.com\/internacional\/2025-11-10\/corea-del-sur-imputa-a-yoon-suk-yeol-el-expresidente-que-decreto-la-ley-marcial-por-beneficiar-a-un-estado-enemigo.html\">\u201cbeneficiar a un Estado enemigo\u201d<\/a>, a ra\u00edz del presunto env\u00edo de drones a Corea del Norte con el objetivo de avivar la tensi\u00f3n entre los dos vecinos en 2024. <\/p>\n<p class=\"\">Pero el cargo m\u00e1s grave que se le imputa es el de insurrecci\u00f3n. La Fiscal\u00eda sostiene que Yoon forz\u00f3 los l\u00edmites constitucionales al decretar la ley marcial sin que mediara una guerra o una emergencia nacional que la justificase. Seg\u00fan la acusaci\u00f3n, moviliz\u00f3 a tropas y polic\u00edas para sellar el per\u00edmetro de la Asamblea Nacional e impedir que los diputados frenaran la medida, e incluso lleg\u00f3 a ordenar la detenci\u00f3n del presidente del Parlamento y de los entonces l\u00edderes de la oposici\u00f3n. Yoon ha mantenido a lo largo de estos meses <a href=\"https:\/\/elpais.com\/internacional\/2024-12-12\/el-presidente-de-corea-del-sur-defiende-su-ley-marcial-y-asegura-que-luchara-hasta-el-final.html\" rel=\"nofollow noopener\" title=\"https:\/\/elpais.com\/internacional\/2024-12-12\/el-presidente-de-corea-del-sur-defiende-su-ley-marcial-y-asegura-que-luchara-hasta-el-final.html\" target=\"_blank\">que no pretend\u00eda instaurar un r\u00e9gimen militar<\/a>, sino que buscaba \u201calertar sobre las irregularidades cometidas por la oposici\u00f3n\u201d (a la que acusaba de simpatizar con Corea del Norte) y \u201cproteger la democracia de actividades antiestatales\u201d, pero los investigadores consideran que el trasfondo real fue su propio acorralamiento pol\u00edtico. <\/p>\n<p class=\"\">La Fiscal\u00eda ha llegado a expresar que el intento de Yoon de imponer la ley marcial \u201cda\u00f1\u00f3 la dignidad de la naci\u00f3n de forma mucho m\u00e1s grave\u201d que el golpe militar de Chun Doo-hwan en 1979, que abri\u00f3 uno de los periodos m\u00e1s oscuros de la historia reciente del pa\u00eds y que se extendi\u00f3 hasta 1988. Chun fue condenado a muerte por liderar una insurrecci\u00f3n, aunque posteriormente la pena fue conmutada por cadena perpetua, y finalmente fue indultado en 1997. La acusaci\u00f3n ha solicitado que se castigue a Yoon con la pena capital. No obstante, aun de ser condenado, Corea del Sur no ejecuta a nadie desde 1997.<\/p>\n<p class=\"\">Al margen de los cargos relacionados con la ley marcial, Yoon est\u00e1 imputado en otros tres frentes, incluida una investigaci\u00f3n por corrupci\u00f3n en la que<a href=\"https:\/\/elpais.com\/internacional\/2025-08-13\/corea-del-sur-detiene-por-corrupcion-a-la-esposa-del-expresidente-que-fue-destituido-por-imponer-la-ley-marcial.html\" target=\"_self\" rel=\"nofollow noopener\" title=\"https:\/\/elpais.com\/internacional\/2025-08-13\/corea-del-sur-detiene-por-corrupcion-a-la-esposa-del-expresidente-que-fue-destituido-por-imponer-la-ley-marcial.html\"> figura como pieza central su esposa, Kim Keon-hee<\/a>. Tambi\u00e9n est\u00e1 acusado de interferir en las elecciones presidenciales de 2022 y de realizar declaraciones falsas durante su campa\u00f1a, as\u00ed como de presuntamente manipular o interferir en la investigaci\u00f3n sobre la muerte de un joven oficial de la Marina en 2023 y de ayudar al principal sospechoso en ese caso. <\/p>\n","protected":false},"excerpt":{"rendered":"La justicia de Corea del Sur ha comenzado este viernes a dirimir las consecuencias penales del decreto de&hellip;\n","protected":false},"author":2,"featured_media":343825,"comment_status":"","ping_status":"","sticky":false,"template":"","format":"standard","meta":{"footnotes":""},"categories":[42],"tags":[1237,17,18,2111,13,14,11,61,62,63,64,19,20,78088,9,10,15,16,18264,6478,12,493,21,22,32717,65,66,67,20946],"class_list":{"0":"post-343824","1":"post","2":"type-post","3":"status-publish","4":"format-standard","5":"has-post-thumbnail","7":"category-internacional","8":"tag-asia","9":"tag-breaking-news","10":"tag-breakingnews","11":"tag-corea-del-sur","12":"tag-featured-news","13":"tag-featurednews","14":"tag-headlines","15":"tag-internacional","16":"tag-international","17":"tag-international-news","18":"tag-internationalnews","19":"tag-latest-news","20":"tag-latestnews","21":"tag-ley-marcial","22":"tag-news","23":"tag-noticias","24":"tag-noticias-destacadas","25":"tag-noticiasdestacadas","26":"tag-protestas-sociales","27":"tag-sentencias","28":"tag-titulares","29":"tag-tribunales","30":"tag-ultimas-noticias","31":"tag-ultimasnoticias","32":"tag-veredicto","33":"tag-world","34":"tag-world-news","35":"tag-worldnews","36":"tag-yoon-suk-yeol"},"share_on_mastodon":{"url":"","error":"Validation failed: Text character limit of 500 exceeded"},"_links":{"self":[{"href":"https:\/\/www.europesays.com\/es\/wp-json\/wp\/v2\/posts\/343824","targetHints":{"allow":["GET"]}}],"collection":[{"href":"https:\/\/www.europesays.com\/es\/wp-json\/wp\/v2\/posts"}],"about":[{"href":"https:\/\/www.europesays.com\/es\/wp-json\/wp\/v2\/types\/post"}],"author":[{"embeddable":true,"href":"https:\/\/www.europesays.com\/es\/wp-json\/wp\/v2\/users\/2"}],"replies":[{"embeddable":true,"href":"https:\/\/www.europesays.com\/es\/wp-json\/wp\/v2\/comments?post=343824"}],"version-history":[{"count":0,"href":"https:\/\/www.europesays.com\/es\/wp-json\/wp\/v2\/posts\/343824\/revisions"}],"wp:featuredmedia":[{"embeddable":true,"href":"https:\/\/www.europesays.com\/es\/wp-json\/wp\/v2\/media\/343825"}],"wp:attachment":[{"href":"https:\/\/www.europesays.com\/es\/wp-json\/wp\/v2\/media?parent=343824"}],"wp:term":[{"taxonomy":"category","embeddable":true,"href":"https:\/\/www.europesays.com\/es\/wp-json\/wp\/v2\/categories?post=343824"},{"taxonomy":"post_tag","embeddable":true,"href":"https:\/\/www.europesays.com\/es\/wp-json\/wp\/v2\/tags?post=343824"}],"curies":[{"name":"wp","href":"https:\/\/api.w.org\/{rel}","templated":true}]}}