{"id":343826,"date":"2026-01-16T10:40:09","date_gmt":"2026-01-16T10:40:09","guid":{"rendered":"https:\/\/www.europesays.com\/es\/343826\/"},"modified":"2026-01-16T10:40:09","modified_gmt":"2026-01-16T10:40:09","slug":"encierros-blancos-en-san-sebastian-de-los-reyes-2026-a-que-hora-son-donde-ver-por-tv-ganaderias-y-recorridos-el-mundo","status":"publish","type":"post","link":"https:\/\/www.europesays.com\/es\/343826\/","title":{"rendered":"Encierros Blancos en San Sebasti\u00e1n de los Reyes 2026: a qu\u00e9 hora son, d\u00f3nde ver por TV, ganader\u00edas y recorridos &#8211; El Mundo"},"content":{"rendered":"<ol>\n<li><a href=\"https:\/\/news.google.com\/rss\/articles\/CBMid0FVX3lxTE45MktCZXNFWFB0aHNxd0E3ZUl6cnB0dERFWlcxSnAzR2t5eU1raEUtUURqSDNNbVMyNjJ5Sy1lOEVVTkk0TkdYZFQ0N2l6bTd6dmhzTTJaUklhNzRMbjhZYk1WT2lQQXhFRkZhMWpCcmtvUVVFQXJj0gF3QVVfeXFMTmp3aTBXRVdDTEowZDZ6ZWI5dE9fbm1TQ2VmczN6Z3JEVFQ1Wm5UVDQ0U044bVZKVmFZNW5DaFhmNmFBY3ZvbDQtQ2czaXF6T3h2QzdqcWtUZEpTX2hMa0dlVHdPaUJpS3FZUW1mS2tKVDRZdm12ckE?oc=5\" target=\"_blank\" rel=\"nofollow noopener\">Encierros Blancos en San Sebasti\u00e1n de los Reyes 2026: a qu\u00e9 hora son, d\u00f3nde ver por TV, ganader\u00edas y recorridos<\/a>&nbsp;&nbsp;El Mundo<\/li>\n<li><a href=\"https:\/\/news.google.com\/rss\/articles\/CBMi4gFBVV95cUxPVFJGRzhIMmdncHZDLUpSaGcya01UZTNmNVFCNzdVYmZhOXBEdm12bUhhMzRpOEZQUXg0WEpvRzk5NTZCczlnNTVBMFRHR0V4d2xhM2liQ1FDZ1EyNVVCdng0X2c3WEVSclN3cjdyQW9sNlZKdVlBbFgzbEVUbzVuSkg0U1FrcGVWb3MtYjlKXzdaR1BUZFQ1ZDFWZFVVMWRxSFVFRFF3QzhMZ3QxOG0wZGduUVViWmxOdXRfOTd5dy1HUEl6d2JZcGdnQnVDNjNxampobm9vWnB5SEZLa25LYXl3?oc=5\" target=\"_blank\" rel=\"nofollow noopener\">Las tradiciones y la cultura se dan la mano en las fiestas patronales en honor a San Sebasti\u00e1n M\u00e1rtir 2026<\/a>&nbsp;&nbsp;La Plaza de Sanse<\/li>\n<li><a href=\"https:\/\/news.google.com\/rss\/articles\/CBMigwJBVV95cUxPVGFRRFBUaHUyd2NjSXB3a2owWHRRdVlqNE9UckVEbU13TVVwRHR4TlJsQW5YQUxocGMzcy1pY1BlbXhYRDduMzkxclZScDhhYVlrSXVjVVZPZGgtZm9lT1E5UEUta0FGMG1XU2pGQ0hRVi1uZlBVUEx5TjhETWlzU2ZxY3BFelU4ZlhmLXZ5OXE3LVYwV21URURlU1psT3lGRnJja254QmhzWUIxNDlqSk5aamdQSlJEekFsbjBESzlON0lTeTdtSWx5ZGRYTTZob213LUkzcXJOZVBfaWNVcnNfVU9DUGtNQy1zMDBrZzZMQTlUU1FGTmlmLTN0X3MtNHhr?oc=5\" target=\"_blank\" rel=\"nofollow noopener\">Antena 3 emite en directo los \u2018Encierros Blancos\u2019 de San Sebasti\u00e1n de los Reyes con un amplio despliegue<\/a>&nbsp;&nbsp;Atresmedia<\/li>\n<li><a href=\"https:\/\/news.google.com\/rss\/articles\/CBMi5gFBVV95cUxPOWtZMHY1TzJMTEQ4cnJqNk9qQlowd1lBRlVfUFZBQk5kaHJGM1Blb3ZvU2pjcGw4RmRwX1JXWXpWX1JvS3hZemtVMlVySEV3dXk5SVZoVWhaN2R2X294RDMzYzlyaE5vTVhtN3ZqeDkySFZOaDhvVWFfX0swclNHODlaeHdtOWttY2NfSDdDWFBjLWZOZENiN0dTV2JnWTZGTERuRkYxbWZTbEJKQmJ6WWgyVGlGMC01cFdDMDFjMXpBMUtJYUd4QWR3U241dE5QQWVVMWJHQm9zSzhwYV9qbzZsWlUxZ9IB-gFBVV95cUxOenRmV3pOblJHYlh1cUFfMlpvd2RJaGtlbURwOERRX2ljZmRNWUpTaVJBSzRSYm5zaTlOS0t2NWdvdDhXTUtHTkpEZVk1VF9ITVlINkJ5eU9MdThlVnpXaFRlaDVnc19fV2oyWFZvc29XQXo1LUc4VGJodElfbUpnZFNFVDNCUV9FWm42cVp3ZVZOWHRkSDhKakEyWUlNUWU0d2NidElXbGFibkZPanpQT3RzMWw5eUJUV3Z1NTlmQXRwcVpjSmpmdE54NnRaNGdjeWRlMGFhQjRqYTJqeUZYSHo0OHN1clpBWUh6enItVmEtZVZLTDJtWGtB?oc=5\" target=\"_blank\" rel=\"nofollow noopener\">Arrancan en Sanse sus fiestas en honor a San Sebasti\u00e1n M\u00e1rtir con premios, encierros y m\u00fasica<\/a>&nbsp;&nbsp;Cadena SER<\/li>\n<li><a href=\"https:\/\/news.google.com\/rss\/articles\/CBMi5wFBVV95cUxPUHBPSVNkVW5fMFBKVEJ3QThya3pTcjg3OHJmRU11SXFnM3YzaThBS2RnQThNdWlsajJpTDNiTEUyU0ZyS2JjOUt2ZnNBWGpsWGQyZUt3M3d1aTFOOE1fNDdsdWJ3b0todVdfcElOMkxGdmFNOGhKT1ZTRXduVC10QTdhNW5lS2tSTUdSaXNmeWdKazlrQkQ1TGdiNTlBQ1FEVmVxVHlxYjhfNUN5Nm4xVm1OTml6VW1yM1BFc3lTaWRPbXBjMDhZMFd5U1NXTkM4M3BXVWR2VnNrRDZoRklRbkNLQVhTcWPSAewBQVVfeXFMT2pBVmxHRGZ5VmtxM2QydVpPRUc4QjJ2ak5BMlJNSE9FR2trOW9oU2RRbEZqOFVYenExTTJLa25sWjA1al9TTnVmcWZfc0tJQ29XTDlVTVcxUnhzOXgza3kwVUE0YW1MZ242ZXJ0Q2FzaUdyNGItMm9XWERFQXRKSy1YeTNrd09JeklOSWJ6eVlhMHIydGJLclFxMUdzNUQ4NVN2dm1BZ2piVjY1ZzllUTROb1dxcGRQUjRfOV9yVk5vblVON1RVdTF4UDVUV3UyYVpBNW1jdU5scmtlWjVuaG9iQm0xVVhVa1Bqeks?oc=5\" target=\"_blank\" rel=\"nofollow noopener\">Todo listo en San Sebasti\u00e1n de los Reyes para sus encierros blancos<\/a>&nbsp;&nbsp;Telemadrid<\/li>\n<\/ol>\n","protected":false},"excerpt":{"rendered":"Encierros Blancos en San Sebasti\u00e1n de los Reyes 2026: a qu\u00e9 hora son, d\u00f3nde ver por TV, ganader\u00edas&hellip;\n","protected":false},"author":2,"featured_media":343827,"comment_status":"","ping_status":"","sticky":false,"template":"","format":"standard","meta":{"footnotes":""},"categories":[8],"tags":[17,18,2170,729,25,24,13,14,11,19,20,9,10,15,16,23,12,21,22],"class_list":{"0":"post-343826","1":"post","2":"type-post","3":"status-publish","4":"format-standard","5":"has-post-thumbnail","7":"category-espana","8":"tag-breaking-news","9":"tag-breakingnews","10":"tag-como","11":"tag-dda","12":"tag-es","13":"tag-espana","14":"tag-featured-news","15":"tag-featurednews","16":"tag-headlines","17":"tag-latest-news","18":"tag-latestnews","19":"tag-news","20":"tag-noticias","21":"tag-noticias-destacadas","22":"tag-noticiasdestacadas","23":"tag-spain","24":"tag-titulares","25":"tag-ultimas-noticias","26":"tag-ultimasnoticias"},"share_on_mastodon":{"url":"https:\/\/pubeurope.com\/@es\/115904356331851402","error":""},"_links":{"self":[{"href":"https:\/\/www.europesays.com\/es\/wp-json\/wp\/v2\/posts\/343826","targetHints":{"allow":["GET"]}}],"collection":[{"href":"https:\/\/www.europesays.com\/es\/wp-json\/wp\/v2\/posts"}],"about":[{"href":"https:\/\/www.europesays.com\/es\/wp-json\/wp\/v2\/types\/post"}],"author":[{"embeddable":true,"href":"https:\/\/www.europesays.com\/es\/wp-json\/wp\/v2\/users\/2"}],"replies":[{"embeddable":true,"href":"https:\/\/www.europesays.com\/es\/wp-json\/wp\/v2\/comments?post=343826"}],"version-history":[{"count":0,"href":"https:\/\/www.europesays.com\/es\/wp-json\/wp\/v2\/posts\/343826\/revisions"}],"wp:featuredmedia":[{"embeddable":true,"href":"https:\/\/www.europesays.com\/es\/wp-json\/wp\/v2\/media\/343827"}],"wp:attachment":[{"href":"https:\/\/www.europesays.com\/es\/wp-json\/wp\/v2\/media?parent=343826"}],"wp:term":[{"taxonomy":"category","embeddable":true,"href":"https:\/\/www.europesays.com\/es\/wp-json\/wp\/v2\/categories?post=343826"},{"taxonomy":"post_tag","embeddable":true,"href":"https:\/\/www.europesays.com\/es\/wp-json\/wp\/v2\/tags?post=343826"}],"curies":[{"name":"wp","href":"https:\/\/api.w.org\/{rel}","templated":true}]}}