{"id":343839,"date":"2026-01-16T10:54:08","date_gmt":"2026-01-16T10:54:08","guid":{"rendered":"https:\/\/www.europesays.com\/es\/343839\/"},"modified":"2026-01-16T10:54:08","modified_gmt":"2026-01-16T10:54:08","slug":"la-razon-legal-por-la-que-es-casi-imposible-encontrar-aquellos-maravillosos-anos-y-otras-series-miticas-en-ninguna-plataforma-cine-y-tv","status":"publish","type":"post","link":"https:\/\/www.europesays.com\/es\/343839\/","title":{"rendered":"La raz\u00f3n legal por la que es casi imposible encontrar &#8216;Aquellos maravillosos a\u00f1os&#8217; y otras series m\u00edticas en ninguna plataforma | Cine y TV"},"content":{"rendered":"<p class=\"loc\">Madrid<\/p>\n<p><a href=\"https:\/\/cadenaser.com\/ser\/2018\/01\/31\/television\/1517388766_939180.html\" target=\"_blank\" rel=\"noreferrer nofollow noopener\" title=\"https:\/\/cadenaser.com\/ser\/2018\/01\/31\/television\/1517388766_939180.html\">Aquellos maravillosos a\u00f1os es<\/a>, sin duda alguna, una de las <a href=\"https:\/\/cadenaser.com\/programa\/2016\/08\/04\/radio_paradiso\/1470308331_196769.html\" target=\"_blank\" rel=\"noreferrer nofollow noopener\" title=\"https:\/\/cadenaser.com\/programa\/2016\/08\/04\/radio_paradiso\/1470308331_196769.html\">series internacionales de referencia de los a\u00f1os 80. <\/a>Y no solo por repercusi\u00f3n medi\u00e1tica, sino porque fue capaz de devolver a toda una generaci\u00f3n a su infancia. Porque a pesar de que la serie se grab\u00f3 en los a\u00f1os 80, nos mostraba c\u00f3mo fue la adolescencia a finales de los a\u00f1os 60 y principios de los 70. Una serie que lo ten\u00eda absolutamente todo porque mezclaba los momentos m\u00e1s divertidos que te puedas imaginar con el drama m\u00e1s absoluto, acerc\u00e1ndonos as\u00ed a la vida tal y como es en todos los sentidos.<\/p>\n<p>M\u00e1s informaci\u00f3n<\/p>\n<p>\u00bfTe gustar\u00eda volver a verla? Pues lamentamos contarte que va a ser bastante complicado por la v\u00eda legal. O tienes la serie en DVD u olv\u00eddate de poder volver a ver a Kevin Arnold y el resto de la tropa porque no est\u00e1 disponible en ninguna plataforma de v\u00eddeo en streaming. Si quieres comprobarlo con tus propios ojos no tienes m\u00e1s que <a href=\"https:\/\/www.justwatch.com\/es\/serie\/aquellos-maravillosos-anos\" target=\"_blank\" rel=\"noreferrer nofollow noopener\" title=\"https:\/\/www.justwatch.com\/es\/serie\/aquellos-maravillosos-anos\">acceder a la plataforma JustWatch<\/a>, un portal especializado en el que te explican d\u00f3nde puedes ver tus series o pel\u00edculas favoritas, y salir de dudas. \u00bfC\u00f3mo es posible que una serie de este calibre, aclamada por el p\u00fablico y la prensa especializada, no est\u00e9 disponible en streaming? Por una cuesti\u00f3n legal. <\/p>\n<p>El problema de los derechos musicales<\/p>\n<p>As\u00ed nos lo ha explicado Mikel Lejarza en<a href=\"https:\/\/cadenaser.com\/audio\/1768530773473\/\" target=\"_blank\" rel=\"noreferrer nofollow noopener\" title=\"https:\/\/cadenaser.com\/audio\/1768530773473\/\"> una nueva entrega del Si Amanece<\/a>, donde hemos hablado acerca de este tipo de series y por qu\u00e9 no podemos verlas en las distintas plataformas de streaming. Todo ello a ra\u00edz de una conversaci\u00f3n con Ana, una de nuestras oyentes, quien ha recomendado a Roberto S\u00e1nchez y al resto de su equipo que se vuelvan a ver la serie: \u00abYo me voy a salir de la l\u00ednea de hoy en d\u00eda y me gustar\u00eda rescatar Aquellos maravillosos a\u00f1os\u00bb. A pesar de que lleva muchos a\u00f1os sin verla, la oyente nos ha contado que tiene una ni\u00f1a de nueve a\u00f1os y que le gustar\u00eda recuperarla para que pudiera tener otra visi\u00f3n sobre el mundo.<\/p>\n<p>En ese momento, el director del programa ha recordado que tanto esa serie como Ally McBeal y muchas otras series hist\u00f3ricas son pr\u00e1cticamente imposibles de encontrar en plataformas de v\u00eddeo en streaming. Y se ha apoyado en Mikel Lejarza para explicar el problema detr\u00e1s de estas series y pel\u00edculas: \u00abNo est\u00e1n en una plataforma porque utilizaron tal base musical para la cabecera, y en Aquellos maravillosos a\u00f1os pas\u00f3 con muchas m\u00e1s canciones, que no se tienen los derechos musicales sobre aquello que hab\u00eda comprado la serie\u00bb.<\/p>\n<p>No son rentables<\/p>\n<p>Cuando se grabaron estas series, los DVD y las plataformas de v\u00eddeo en streaming todav\u00eda no exist\u00edan. Y claro, los contratos que firmaban las productoras con los m\u00fasicos tan solo permit\u00edan usar las canciones para emisi\u00f3n en televisi\u00f3n. Y como no se inclu\u00edan cl\u00e1usulas para soportes f\u00edsicos como puede ser el DVD, ni tampoco para medios digitales futuros, todas aquellas plataformas que quisieran traer de vuelta estas series se enfrentaban a un problema legal gordo. <\/p>\n<p><img decoding=\"async\" src=\"https:\/\/www.europesays.com\/es\/wp-content\/uploads\/2026\/01\/https:\/\/sdmedia.playser.cadenaser.com\/playser\/image\/20219\/06\/1630951668_asset_still.jpeg\" alt=\"Las series de nuestros oyentes\" width=\"655\"   loading=\"lazy\"\/><\/p>\n<p class=\"tit\">Las series de nuestros oyentes<\/p>\n<p>00:00:0054:03<\/p>\n<p>El c\u00f3digo iframe se ha copiado en el portapapeles<\/p>\n<p>FacebookTwitterLinkedinWhatsAppCerrar<\/p>\n<p>En el caso de Aquellos maravillosos a\u00f1os, la canci\u00f3n de cabecera es una versi\u00f3n de Joe Cocker de With a Little Help from My Friends. Y tiene unos derechos de autor car\u00edsimos. Para poder hacerse con los derechos de la serie, las plataformas tendr\u00edan que volver a pagar por cada una de las canciones que suenan a lo largo de la serie y no les saldr\u00eda rentable. De hecho, saldr\u00eda m\u00e1s caro pagar por la m\u00fasica de lo que la plataforma ganar\u00eda emitiendo la serie. Por todo ello, quienes quisieran emitir este tipo de series ten\u00edan que cambiar la m\u00fasica, como ya se intent\u00f3 en ciertas ediciones de DVD de Aquellos maravillosos a\u00f1os o, simplemente, no emitirla para evitar cuantiosas p\u00e9rdidas econ\u00f3micas. <\/p>\n","protected":false},"excerpt":{"rendered":"Madrid Aquellos maravillosos a\u00f1os es, sin duda alguna, una de las series internacionales de referencia de los a\u00f1os&hellip;\n","protected":false},"author":2,"featured_media":343840,"comment_status":"","ping_status":"","sticky":false,"template":"","format":"standard","meta":{"footnotes":""},"categories":[171],"tags":[146,147,25,24,23,214],"class_list":{"0":"post-343839","1":"post","2":"type-post","3":"status-publish","4":"format-standard","5":"has-post-thumbnail","7":"category-tv","8":"tag-entertainment","9":"tag-entretenimiento","10":"tag-es","11":"tag-espana","12":"tag-spain","13":"tag-tv"},"share_on_mastodon":{"url":"https:\/\/pubeurope.com\/@es\/115904411402619810","error":""},"_links":{"self":[{"href":"https:\/\/www.europesays.com\/es\/wp-json\/wp\/v2\/posts\/343839","targetHints":{"allow":["GET"]}}],"collection":[{"href":"https:\/\/www.europesays.com\/es\/wp-json\/wp\/v2\/posts"}],"about":[{"href":"https:\/\/www.europesays.com\/es\/wp-json\/wp\/v2\/types\/post"}],"author":[{"embeddable":true,"href":"https:\/\/www.europesays.com\/es\/wp-json\/wp\/v2\/users\/2"}],"replies":[{"embeddable":true,"href":"https:\/\/www.europesays.com\/es\/wp-json\/wp\/v2\/comments?post=343839"}],"version-history":[{"count":0,"href":"https:\/\/www.europesays.com\/es\/wp-json\/wp\/v2\/posts\/343839\/revisions"}],"wp:featuredmedia":[{"embeddable":true,"href":"https:\/\/www.europesays.com\/es\/wp-json\/wp\/v2\/media\/343840"}],"wp:attachment":[{"href":"https:\/\/www.europesays.com\/es\/wp-json\/wp\/v2\/media?parent=343839"}],"wp:term":[{"taxonomy":"category","embeddable":true,"href":"https:\/\/www.europesays.com\/es\/wp-json\/wp\/v2\/categories?post=343839"},{"taxonomy":"post_tag","embeddable":true,"href":"https:\/\/www.europesays.com\/es\/wp-json\/wp\/v2\/tags?post=343839"}],"curies":[{"name":"wp","href":"https:\/\/api.w.org\/{rel}","templated":true}]}}