{"id":343851,"date":"2026-01-16T11:02:09","date_gmt":"2026-01-16T11:02:09","guid":{"rendered":"https:\/\/www.europesays.com\/es\/343851\/"},"modified":"2026-01-16T11:02:09","modified_gmt":"2026-01-16T11:02:09","slug":"expresidente-surcoreano-condenado-a-5-anos-de-carcel-en-su-primer-juicio-por-la-ley-marcial","status":"publish","type":"post","link":"https:\/\/www.europesays.com\/es\/343851\/","title":{"rendered":"Expresidente surcoreano condenado a 5 a\u00f1os de c\u00e1rcel en su primer juicio por la ley marcial"},"content":{"rendered":"<p>    <img src=\"https:\/\/www.europesays.com\/es\/wp-content\/uploads\/2026\/01\/2026-01-16T073A073A34Z-90786193.jpg\" width=\"1024\" height=\"696\" alt=\"\" loading=\"eager\" decoding=\"sync\" fetchpriority=\"high\"\/><\/p>\n<p>            afp_tickers        <\/p>\n<p>        Este contenido fue publicado en    <\/p>\n<p>        16 enero 2026 &#8211; 11:07\n<\/p>\n<p>El expresidente surcoreano Yoon Suk Yeol fue condenado este viernes a cinco a\u00f1os de prisi\u00f3n por obstrucci\u00f3n a la justicia y otros cargos, al t\u00e9rmino del primero de una serie de juicios por su fallido intento de imponer la ley marcial en diciembre de 2024.<\/p>\n<p>La pena es inferior a los diez a\u00f1os de prisi\u00f3n solicitados por la fiscal\u00eda contra el exl\u00edder conservador de 65 a\u00f1os, cuya maniobra contra el Parlamento provoc\u00f3 una crisis pol\u00edtica que condujo a su destituci\u00f3n.<\/p>\n<p>Yoon Suk Yeol, un exfiscal, se enfrenta a siete juicios m\u00e1s. Uno de ellos, por insurrecci\u00f3n, podr\u00eda acarrearle la pena de muerte.\u00a0<\/p>\n<p>El viernes, el tribunal del distrito central de Se\u00fal se pronunci\u00f3 sobre uno de los m\u00faltiples aspectos secundarios del caso que sumi\u00f3 al pa\u00eds en varios meses de protestas masivas e inestabilidad pol\u00edtica.\u00a0<\/p>\n<p>Se le acusa de haber excluido a miembros del gobierno de una reuni\u00f3n sobre la preparaci\u00f3n de la imposici\u00f3n de la ley marcial, y de haber impedido que los investigadores lo arrestaran al atrincherarse durante semanas en su residencia de Se\u00fal bajo la protecci\u00f3n de su guardia personal.<\/p>\n<p>Finalmente fue detenido en enero del a\u00f1o pasado durante un operativo que dur\u00f3 varias horas.\u00a0<\/p>\n<p>\u00abA pesar de tener el deber, por encima de todos los dem\u00e1s, de defender la Constituci\u00f3n y observar el estado de derecho como presidente, el acusado mostr\u00f3 en cambio una actitud que ignoraba la (\u2026) Constituci\u00f3n\u00bb, dijo el juez Baek Dae-hyun.\u00a0<\/p>\n<p>\u00abLa culpabilidad del acusado es extremadamente grave\u00bb, a\u00f1adi\u00f3, pero precis\u00f3 que por falta de pruebas no fue hallado culpable de falsificar documentos oficiales.\u00a0<\/p>\n<p>Los abogados de Yoon dijeron que el veredicto \u00abdifumina la frontera entre el ejercicio de la autoridad constitucional de un presidente y la responsabilidad penal\u00bb.<\/p>\n<p>\u00abSi este criterio prevalece, ning\u00fan presidente en el futuro podr\u00e1 tomar medidas firmes en momentos de crisis\u00bb, apunt\u00f3 su abogada Yu Jeong-hwa.<\/p>\n<p>Yoon tiene siete d\u00edas para apelar.<\/p>\n<p>\u2013 \u00abInsurrecci\u00f3n\u00bb \u2013<\/p>\n<p>Esta condena llega d\u00edas despu\u00e9s de que los fiscales, en otro caso, pidieran la pena capital por su papel como el \u00abcabecilla de una insurrecci\u00f3n\u00bb en la orquestaci\u00f3n de la imposici\u00f3n de la ley marcial.<\/p>\n<p>Argumentaron que Yoon merece este castigo porque no ha mostrado \u00abremordimiento\u00bb por acciones que amenazaban el \u00aborden constitucional y la democracia\u00bb.\u00a0<\/p>\n<p>Si se le declara culpable, es muy poco probable que la sentencia se lleve a cabo, ya que Corea del Sur tiene una moratoria no oficial sobre las ejecuciones desde 1997.<\/p>\n<p>El exdirigente estima que la declaraci\u00f3n de ley marcial fue un ejercicio legal de su autoridad presidencial.\u00a0<\/p>\n<p>El martes insisti\u00f3 en que \u00abel ejercicio de los poderes constitucionales de emergencia de un presidente para proteger a la naci\u00f3n y mantener el orden constitucional no puede considerarse un acto de insurrecci\u00f3n\u00bb.\u00a0<\/p>\n<p>Yoon acusa al entonces partido opositor de haber impuesto una \u00abdictadura inconstitucional\u00bb con el control del poder legislativo.\u00a0<\/p>\n<p>En su opini\u00f3n, \u00abno hab\u00eda otra opci\u00f3n que despertar al pueblo, que es soberano\u00bb.<\/p>\n<p>El exdirigente conservador caus\u00f3 estupor al declarar por sorpresa la ley marcial la noche del 3 de diciembre de 2024 y enviar al ej\u00e9rcito a la Asamblea Nacional para imponer su aplicaci\u00f3n.<\/p>\n<p>El mandatario justific\u00f3 su iniciativa alegando la supuesta amenaza de \u00ablas fuerzas comunistas de Corea del Norte\u00bb y \u00abelementos antiestatales\u00bb, y acus\u00f3 a la oposici\u00f3n, mayoritaria en la Asamblea, de estar bloqueando el pa\u00eds.<\/p>\n<p>Horas m\u00e1s tarde, Yoon se vio obligado a dar marcha atr\u00e1s, presionado por miles de manifestantes y por la Asamblea, que consigui\u00f3 reunirse y hacer decaer la ley marcial.<\/p>\n<p>cdl-hs-oho\/roc\/arm-erl\/meb\/avl<\/p>\n","protected":false},"excerpt":{"rendered":"afp_tickers Este contenido fue publicado en 16 enero 2026 &#8211; 11:07 El expresidente surcoreano Yoon Suk Yeol fue&hellip;\n","protected":false},"author":2,"featured_media":343852,"comment_status":"","ping_status":"","sticky":false,"template":"","format":"standard","meta":{"footnotes":""},"categories":[42],"tags":[17,18,13,14,11,61,62,63,64,11894,11895,19,20,7657,9,10,15,16,88,90,12,11896,21,22,65,66,67],"class_list":{"0":"post-343851","1":"post","2":"type-post","3":"status-publish","4":"format-standard","5":"has-post-thumbnail","7":"category-internacional","8":"tag-breaking-news","9":"tag-breakingnews","10":"tag-featured-news","11":"tag-featurednews","12":"tag-headlines","13":"tag-internacional","14":"tag-international","15":"tag-international-news","16":"tag-internationalnews","17":"tag-judiciary-system-of-justice","18":"tag-justice-and-rights","19":"tag-latest-news","20":"tag-latestnews","21":"tag-law-and-order","22":"tag-news","23":"tag-noticias","24":"tag-noticias-destacadas","25":"tag-noticiasdestacadas","26":"tag-politics","27":"tag-ticker","28":"tag-titulares","29":"tag-trials","30":"tag-ultimas-noticias","31":"tag-ultimasnoticias","32":"tag-world","33":"tag-world-news","34":"tag-worldnews"},"share_on_mastodon":{"url":"https:\/\/pubeurope.com\/@es\/115904442808278463","error":""},"_links":{"self":[{"href":"https:\/\/www.europesays.com\/es\/wp-json\/wp\/v2\/posts\/343851","targetHints":{"allow":["GET"]}}],"collection":[{"href":"https:\/\/www.europesays.com\/es\/wp-json\/wp\/v2\/posts"}],"about":[{"href":"https:\/\/www.europesays.com\/es\/wp-json\/wp\/v2\/types\/post"}],"author":[{"embeddable":true,"href":"https:\/\/www.europesays.com\/es\/wp-json\/wp\/v2\/users\/2"}],"replies":[{"embeddable":true,"href":"https:\/\/www.europesays.com\/es\/wp-json\/wp\/v2\/comments?post=343851"}],"version-history":[{"count":0,"href":"https:\/\/www.europesays.com\/es\/wp-json\/wp\/v2\/posts\/343851\/revisions"}],"wp:featuredmedia":[{"embeddable":true,"href":"https:\/\/www.europesays.com\/es\/wp-json\/wp\/v2\/media\/343852"}],"wp:attachment":[{"href":"https:\/\/www.europesays.com\/es\/wp-json\/wp\/v2\/media?parent=343851"}],"wp:term":[{"taxonomy":"category","embeddable":true,"href":"https:\/\/www.europesays.com\/es\/wp-json\/wp\/v2\/categories?post=343851"},{"taxonomy":"post_tag","embeddable":true,"href":"https:\/\/www.europesays.com\/es\/wp-json\/wp\/v2\/tags?post=343851"}],"curies":[{"name":"wp","href":"https:\/\/api.w.org\/{rel}","templated":true}]}}