{"id":343855,"date":"2026-01-16T11:04:08","date_gmt":"2026-01-16T11:04:08","guid":{"rendered":"https:\/\/www.europesays.com\/es\/343855\/"},"modified":"2026-01-16T11:04:08","modified_gmt":"2026-01-16T11:04:08","slug":"burjassot-solicita-declarar-festivo-para-los-escolares-el-16-de-marzo-ajuntament-de-burjassot","status":"publish","type":"post","link":"https:\/\/www.europesays.com\/es\/343855\/","title":{"rendered":"Burjassot solicita declarar festivo para los escolares el 16 de marzo \u2013 Ajuntament de Burjassot"},"content":{"rendered":"<p>El Ayuntamiento de Burjassot va a solicitar a la Generalitat <strong>declarar el pr\u00f3ximo 16 de marzo como d\u00eda \u201cno lectivo\u201d, terminando con<\/strong> ello un d\u00eda m\u00e1s tarde el curso escolar, el 22 de junio, como ya se ha aprobado en la ciudad de Valencia.<\/p>\n<p>El objetivo es que el alumnado burjassotense <strong>disfrute de la totalidad de la semana de Fallas ya que el domingo 15 de marzo es la plant\u00e0<\/strong> de los monumentos infantiles. La iniciativa ha sido aprobada, <strong>a propuesta del Ayuntamiento y por unanimidad<\/strong>, por el Consejo Escolar Municipal de Burjassot en la sesi\u00f3n celebrada esta ma\u00f1ana de viernes, 16 de enero, en el Sal\u00f3n de Plenos del Ayuntamiento. Una sesi\u00f3n presidida por la Concejala de Educaci\u00f3n, Manuela Carrero.<\/p>\n<p>Con un censo <strong>superior a los 7.000 falleros y 13 comisiones falleras<\/strong>, el Consistorio quiere que sus escolares vivan plenamente las Fallas y participen en todas las actividades que se programen durante la semana de manera activa.<\/p>\n","protected":false},"excerpt":{"rendered":"El Ayuntamiento de Burjassot va a solicitar a la Generalitat declarar el pr\u00f3ximo 16 de marzo como d\u00eda&hellip;\n","protected":false},"author":2,"featured_media":343856,"comment_status":"","ping_status":"","sticky":false,"template":"","format":"standard","meta":{"footnotes":""},"categories":[5],"tags":[17,18,25,24,13,14,11,19,20,9,10,15,16,23,12,21,22],"class_list":{"0":"post-343855","1":"post","2":"type-post","3":"status-publish","4":"format-standard","5":"has-post-thumbnail","7":"category-titulares","8":"tag-breaking-news","9":"tag-breakingnews","10":"tag-es","11":"tag-espana","12":"tag-featured-news","13":"tag-featurednews","14":"tag-headlines","15":"tag-latest-news","16":"tag-latestnews","17":"tag-news","18":"tag-noticias","19":"tag-noticias-destacadas","20":"tag-noticiasdestacadas","21":"tag-spain","22":"tag-titulares","23":"tag-ultimas-noticias","24":"tag-ultimasnoticias"},"share_on_mastodon":{"url":"https:\/\/pubeurope.com\/@es\/115904450525890133","error":""},"_links":{"self":[{"href":"https:\/\/www.europesays.com\/es\/wp-json\/wp\/v2\/posts\/343855","targetHints":{"allow":["GET"]}}],"collection":[{"href":"https:\/\/www.europesays.com\/es\/wp-json\/wp\/v2\/posts"}],"about":[{"href":"https:\/\/www.europesays.com\/es\/wp-json\/wp\/v2\/types\/post"}],"author":[{"embeddable":true,"href":"https:\/\/www.europesays.com\/es\/wp-json\/wp\/v2\/users\/2"}],"replies":[{"embeddable":true,"href":"https:\/\/www.europesays.com\/es\/wp-json\/wp\/v2\/comments?post=343855"}],"version-history":[{"count":0,"href":"https:\/\/www.europesays.com\/es\/wp-json\/wp\/v2\/posts\/343855\/revisions"}],"wp:featuredmedia":[{"embeddable":true,"href":"https:\/\/www.europesays.com\/es\/wp-json\/wp\/v2\/media\/343856"}],"wp:attachment":[{"href":"https:\/\/www.europesays.com\/es\/wp-json\/wp\/v2\/media?parent=343855"}],"wp:term":[{"taxonomy":"category","embeddable":true,"href":"https:\/\/www.europesays.com\/es\/wp-json\/wp\/v2\/categories?post=343855"},{"taxonomy":"post_tag","embeddable":true,"href":"https:\/\/www.europesays.com\/es\/wp-json\/wp\/v2\/tags?post=343855"}],"curies":[{"name":"wp","href":"https:\/\/api.w.org\/{rel}","templated":true}]}}