{"id":343859,"date":"2026-01-16T11:10:11","date_gmt":"2026-01-16T11:10:11","guid":{"rendered":"https:\/\/www.europesays.com\/es\/343859\/"},"modified":"2026-01-16T11:10:11","modified_gmt":"2026-01-16T11:10:11","slug":"tudor-siempre-correra-para-ganar-no-por-los-puntos","status":"publish","type":"post","link":"https:\/\/www.europesays.com\/es\/343859\/","title":{"rendered":"\u201cTudor siempre correr\u00e1 para ganar, no por los puntos\u201d"},"content":{"rendered":"<p data-mrf-recirculation=\"Links P\u00e1rrafos\" class=\"ue-c-article__paragraph paragraph ue-c-article--first-letter-highlighted\">\u201cTengo un profundo respeto por tu audiencia y quiero hacer la entrevista en castellano\u201d. Estamos en <strong>Teulada<\/strong>, en la \u00faltima ocasi\u00f3n en el que todos los integrantes de<strong> Tudor Pro Cycling Team<\/strong> van a convivir juntos y el gran patr\u00f3n del equipo, <strong>Fabian Cancellara<\/strong> (Wohlen bei Bern, 1981) se sienta con MARCA para analizar el gran salto de la escuadra suiza y la situaci\u00f3n actual del ciclismo.<\/p>\n<p data-mrf-recirculation=\"Links P\u00e1rrafos\" class=\"ue-c-article__paragraph paragraph\"><strong>Tudor <\/strong>fue el 13\u00ba mejor equipo profesional en 2025 (10.026 puntos). El equipo comenz\u00f3 su andadura en 2022, lo que lastr\u00f3 su puntuaci\u00f3n en el trienio, pero logr\u00f3 acceso directo al <strong>WorldTour <\/strong>v\u00eda invitaci\u00f3n permanente. El plan de <strong>Cancellara <\/strong>ha llegado a la primera base.<\/p>\n<p><img decoding=\"async\" width=\"1980\" height=\"1320\" class=\"ue-c-article__image lazyload\" alt=\"Cancellara con el Tudor Pelagos FDX Chrono Cycling Edition en su mu\u00f1eca.\" loading=\"lazy\" src=\"https:\/\/www.europesays.com\/es\/wp-content\/uploads\/2026\/01\/6968bc08e6912.jpeg\"\/><\/p>\n<p>Cancellara con el Tudor Pelagos FDX Chrono Cycling Edition en su mu\u00f1eca.<\/p>\n<p data-mrf-recirculation=\"Links P\u00e1rrafos\" class=\"ue-c-article__paragraph paragraph\">\u201cEl acceso total al <strong>WordTour<\/strong> significa, sobre todo, seguridad y claridad en la planificaci\u00f3n. Podemos actuar con antelaci\u00f3n, reservar recursos, asignar personal y evitar situaciones como llegar a agosto y darnos cuenta de que necesitamos gente extra. Con los ciclistas podemos definir el calendario completo desde el inicio de la temporada. El a\u00f1o pasado, a estas alturas, no sab\u00edamos c\u00f3mo ser\u00eda la segunda parte del a\u00f1o, ni siquiera qu\u00e9 carreras se disputar\u00edan en abril.<strong> Eso generaba mucha incertidumbre<\/strong>. Ahora el calendario est\u00e1 claro y eso da tranquilidad\u201d, comenta el suizo que se\u00f1ala su estreno en <strong>LaVuelta <\/strong>como el gran cambio para 2026.<\/p>\n<p data-mrf-recirculation=\"Links P\u00e1rrafos\" class=\"ue-c-article__paragraph paragraph\">Exigencia y compromiso son innegociables en <strong>Tudor<\/strong>, pero hay que definir los objetivos. \u201cGanar una etapa en una <strong>Gran Vuelta<\/strong> ser\u00eda fant\u00e1stico. \u00bfEn cu\u00e1l? En cualquiera. Hemos estado muy cerca en los dos \u00faltimos a\u00f1os. Adem\u00e1s, queremos sentar las bases para la pr\u00f3xima d\u00e9cada y asentarnos en la siguiente fase del <strong>WorldTour<\/strong>\u201d, incide el suizo.<\/p>\n<blockquote class=\"ue-c-article__blockquote\">\n<p>Lograr una plaza WorldTour y ganar una etapa en una Gran Vuelta son dos buenos objetivos<\/p>\n<\/blockquote>\n<p>Nacidos para atreverse<\/p>\n<p data-mrf-recirculation=\"Links P\u00e1rrafos\" class=\"ue-c-article__paragraph paragraph\">El nuevo trienio para la <strong>clasificaci\u00f3n UCI <\/strong>arranca en pocos d\u00edas. Pasan las temporadas, pero el modelo sigue abonado a la pol\u00e9mica: \u201cSiempre se puede debatir si el sistema es el m\u00e1s adecuado. Hay carreras que dan muchos puntos y otras muy pocos, pese a su importancia. Adem\u00e1s, cuando los mejores equipos ganan casi todo, el reparto se complica\u201d.<\/p>\n<p data-mrf-recirculation=\"Links P\u00e1rrafos\" class=\"ue-c-article__paragraph paragraph\">En este sentido, <strong>Cancellara <\/strong>descarta hacer un Astana 2025. \u201c<strong>Tudor <\/strong>nunca va a correr exclusivamente para sumar puntos. Si corres solo por puntos y el sistema cambia en dos a\u00f1os, \u00bfqu\u00e9 sentido tiene? Nosotros corremos para ganar, para obtener resultados y para hacer la carrera. Correr \u00fanicamente por puntos no crea cultura de equipo ni hace el ciclismo m\u00e1s atractivo\u201d<\/p>\n<blockquote class=\"ue-c-article__blockquote\">\n<p>Correr \u00fanicamente por puntos no crea cultura de equipo ni hace el ciclismo m\u00e1s atractivo<\/p>\n<\/blockquote>\n<p data-mrf-recirculation=\"Links P\u00e1rrafos\" class=\"ue-c-article__paragraph paragraph\">Llegados a este punto, la pregunta es clara: \u00bfA qu\u00e9 se refiere con \u2018hacer la carrera\u2019? \u201cSiempre vamos a ser protagonistas, vamos a correr de forma activa. No nos limitaremos a estar en el pelot\u00f3n. <strong>Construimos una identidad, una manera de correr <\/strong>que resumimos en Born to Dare (nacidos para atreverse). No es solo un lema, es una forma de vivir el ciclismo\u201d.<\/p>\n<p data-mrf-recirculation=\"Links P\u00e1rrafos\" class=\"ue-c-article__paragraph paragraph\">El a\u00f1o pasado <strong>Tudor<\/strong> cerr\u00f3 la temporada bien arriba:<strong> Michael Storer<\/strong> junto a Pogacar y Evenepoel en<strong> el podio de Il Lombard\u00eda<\/strong>. La sorpresa se ha acabado, los suizos est\u00e1n aqu\u00ed: \u00abFue la culminaci\u00f3n de todo lo que hab\u00edamos hecho durante la temporada. Ganamos, perdimos, tuvimos buena y mala suerte, pero siempre estuvimos en carrera. Terminar el a\u00f1o en un Monumento, en el podio, junto a dos grandes campeones, fue un cierre enorme y totalmente merecido\u201d.<\/p>\n<p><img decoding=\"async\" width=\"835\" height=\"569\" class=\"ue-c-article__image lazyload\" alt=\"Evenepoel, Pogacar y Storer, en el podio de Il Lombard\u00eda 2025.\" loading=\"lazy\" src=\"https:\/\/www.europesays.com\/es\/wp-content\/uploads\/2026\/01\/6968bd84dc0c5.png\"\/><\/p>\n<p>Evenepoel, Pogacar y Storer, en el podio de Il Lombard\u00eda 2025.RCS Sport<\/p>\n<p>Siempre Pogacar<\/p>\n<p data-mrf-recirculation=\"Links P\u00e1rrafos\" class=\"ue-c-article__paragraph paragraph\">El que escribe este texto sostiene que el <strong>Tour de Flandes 2023<\/strong> marc\u00f3 el punto de inflexi\u00f3n en la carrera de <strong>Pogacar<\/strong>. Cuando solt\u00f3 a<strong> Van der Poel<\/strong> en el <strong>Viejo Kwaremont,<\/strong> los pilares del ciclismo vibraron ante un nuevo orden que acababa de nacer. \u00bfQu\u00e9 sinti\u00f3 <strong>Cancellara <\/strong>\u2013ganador de tres t\u00edtulos en <strong>Flandes<\/strong>&#8211; cuando vio a un espigado esloveno de 65 kilos soltar a la bruta bestia neerlandesa en su muro?<\/p>\n<p>As\u00ed fue la brutal victoria de Pogacar en Flandes<\/p>\n<p data-mrf-recirculation=\"Links P\u00e1rrafos\" class=\"ue-c-article__paragraph paragraph\">\u201cEs bonito verlo y creo que es bueno para el deporte. El equipamiento, la nutrici\u00f3n y la forma de correr han cambiado mucho. Siempre me preguntan si podr\u00eda con <strong>Pogacar<\/strong>, pero creo que no se puede comparar. Hoy los corredores se hacen profesionales muy j\u00f3venes y las exigencias son enormes\u201d, confiesa el ex ciclista.<\/p>\n<blockquote class=\"ue-c-article__blockquote\">\n<p>Siempre me preguntan si podr\u00eda ganar a Pogacar, pero creo que no se puede comparar por la evoluci\u00f3n del deporte<\/p>\n<\/blockquote>\n<p data-mrf-recirculation=\"Links P\u00e1rrafos\" class=\"ue-c-article__paragraph paragraph\">Terminamos con la cl\u00e1sica pregunta que se hace a todas las leyendas: <strong>\u00bfCu\u00e1nto puede aguantar Pogacar corriendo as\u00ed? \u00bfLe aguantar\u00e1 el f\u00edsico?<\/strong><strong>Cancellara <\/strong>va un paso m\u00e1s all\u00e1: \u201cEl problema no es de estado de forma, es de motivaci\u00f3n. Ganarlo todo no siempre es un reto. El desaf\u00edo es lo que te hace crecer. En el deporte y en la vida, rodearte de personas que te exijan te ayuda a mejorar. Sin desaf\u00edos, es m\u00e1s dif\u00edcil superar los momentos complicados\u201d.<\/p>\n","protected":false},"excerpt":{"rendered":"\u201cTengo un profundo respeto por tu audiencia y quiero hacer la entrevista en castellano\u201d. Estamos en Teulada, en&hellip;\n","protected":false},"author":2,"featured_media":343860,"comment_status":"","ping_status":"","sticky":false,"template":"","format":"standard","meta":{"footnotes":""},"categories":[273],"tags":[313,312,168,25,24,23,167],"class_list":{"0":"post-343859","1":"post","2":"type-post","3":"status-publish","4":"format-standard","5":"has-post-thumbnail","7":"category-ciclismo","8":"tag-ciclismo","9":"tag-cycling","10":"tag-deportes","11":"tag-es","12":"tag-espana","13":"tag-spain","14":"tag-sports"},"share_on_mastodon":{"url":"https:\/\/pubeurope.com\/@es\/115904474200492594","error":""},"_links":{"self":[{"href":"https:\/\/www.europesays.com\/es\/wp-json\/wp\/v2\/posts\/343859","targetHints":{"allow":["GET"]}}],"collection":[{"href":"https:\/\/www.europesays.com\/es\/wp-json\/wp\/v2\/posts"}],"about":[{"href":"https:\/\/www.europesays.com\/es\/wp-json\/wp\/v2\/types\/post"}],"author":[{"embeddable":true,"href":"https:\/\/www.europesays.com\/es\/wp-json\/wp\/v2\/users\/2"}],"replies":[{"embeddable":true,"href":"https:\/\/www.europesays.com\/es\/wp-json\/wp\/v2\/comments?post=343859"}],"version-history":[{"count":0,"href":"https:\/\/www.europesays.com\/es\/wp-json\/wp\/v2\/posts\/343859\/revisions"}],"wp:featuredmedia":[{"embeddable":true,"href":"https:\/\/www.europesays.com\/es\/wp-json\/wp\/v2\/media\/343860"}],"wp:attachment":[{"href":"https:\/\/www.europesays.com\/es\/wp-json\/wp\/v2\/media?parent=343859"}],"wp:term":[{"taxonomy":"category","embeddable":true,"href":"https:\/\/www.europesays.com\/es\/wp-json\/wp\/v2\/categories?post=343859"},{"taxonomy":"post_tag","embeddable":true,"href":"https:\/\/www.europesays.com\/es\/wp-json\/wp\/v2\/tags?post=343859"}],"curies":[{"name":"wp","href":"https:\/\/api.w.org\/{rel}","templated":true}]}}