{"id":343865,"date":"2026-01-16T11:14:07","date_gmt":"2026-01-16T11:14:07","guid":{"rendered":"https:\/\/www.europesays.com\/es\/343865\/"},"modified":"2026-01-16T11:14:07","modified_gmt":"2026-01-16T11:14:07","slug":"habla-la-ong-que-ha-denunciado-a-julio-iglesias-siempre-las-solicitaba-jovenes-latinas-y-con-un-fisico-de-su-agrado-sociedad","status":"publish","type":"post","link":"https:\/\/www.europesays.com\/es\/343865\/","title":{"rendered":"Habla la ONG que ha denunciado a Julio Iglesias: \u201cSiempre las solicitaba j\u00f3venes, latinas y con un f\u00edsico de su agrado\u201d | Sociedad"},"content":{"rendered":"<p class=\"\">Jovana R\u00edos es la directora ejecutiva de Women\u2019s Link. La abogada Gema Fern\u00e1ndez, es su directora legal para Europa. Esta ONG, que est\u00e1 <a href=\"https:\/\/elpais.com\/sociedad\/2026-01-14\/la-fiscalia-de-la-audiencia-nacional-tomara-declaracion-como-testigos-protegidas-a-las-dos-extrabajadoras-de-julio-iglesias.html\" target=\"_self\" rel=\"nofollow noopener\" title=\"https:\/\/elpais.com\/sociedad\/2026-01-14\/la-fiscalia-de-la-audiencia-nacional-tomara-declaracion-como-testigos-protegidas-a-las-dos-extrabajadoras-de-julio-iglesias.html\">asesorando y acompa\u00f1ando a las denunciantes de Julio Iglesias<\/a>, ha presentado ante la Fiscal\u00eda de la Audiencia Nacional la denuncia de dos extrabajadoras del cantante. Es una denuncia por agresi\u00f3n y acoso sexual y trata de seres humanos con fines de imposici\u00f3n de trabajo forzado y servidumbre. R\u00edos y Fern\u00e1ndez explican en una entrevista por videollamada con EL PA\u00cdS qu\u00e9 esperan de este proceso y por qu\u00e9 lo consideran tan importante para otras v\u00edctimas de violencia sexual. La Fiscal\u00eda escuchar\u00e1 como testigos protegidas el testimonio de Rebeca y Laura (nombres ficticios) las dos extrabajadoras del cantante que relataron a elDiario.es y Univision el clima de terror en el que vivieron a sus \u00f3rdenes. <\/p>\n<p class=\"\"><b>Pregunta<\/b>. \u00bfC\u00f3mo se encuentran estas dos mujeres?<\/p>\n<p class=\"\"><b>Gema Fern\u00e1ndez.<\/b> Hab\u00eda muchos nervios antes de la publicaci\u00f3n. Ahora lo que nos trasmiten es que sienten apoyo y est\u00e1n orgullosas del paso que han dado. Han sido muy valientes, lo saben y sienten que est\u00e1n haciendo lo correcto. <\/p>\n<p class=\"\"><b>Jovana R\u00edos.<\/b> En Women\u2019s Link somos un equipo multidisciplinar y tenemos personas expertas en g\u00e9nero, en violencias, derechos humanos, pol\u00edticas p\u00fablicas, salud mental\u2026 Nos hemos aproximado al caso desde una mirada muy integral, no solo legal. Ellas cuentan con planes de salvaguarda. Mi lectura despu\u00e9s de hablar con ellas es que, en un momento que est\u00e1 siendo complejo, <a href=\"https:\/\/elpais.com\/sociedad\/2026-01-15\/quien-investigara-las-acusaciones-contra-julio-iglesias.html\" target=\"_self\" rel=\"nofollow noopener\" title=\"https:\/\/elpais.com\/sociedad\/2026-01-15\/quien-investigara-las-acusaciones-contra-julio-iglesias.html\">tienen esperanza en el sistema de justicia de Espa\u00f1a<\/a>. <\/p>\n<p class=\"\"><b>P<\/b>. \u00bfConsideran que un episodio como este, con una clara diferencia de poder entre el denunciado y las denunciantes, ser\u00eda un caso aislado? <\/p>\n<p class=\"\"><b>G. M. <\/b>Entendemos que no, por el contexto en el que se producen estas vulneraciones de derechos, estas situaciones de explotaci\u00f3n y estas violencias sexuales. Hay un marco de discriminaci\u00f3n hacia las mujeres, una percepci\u00f3n de que se puede utilizar sus cuerpos, se puede abusar, que hace que no sean casos aislados. Existe un marco de permisividad, tolerancia e impunidad hacia estas situaciones. <\/p>\n<p class=\"\"><b>J. R.<\/b> Desde la organizaci\u00f3n vemos patrones que son muy duros para las supervivientes de violencia, porque una vez dan el paso de denunciar hay una presi\u00f3n inmensa para demostrar que est\u00e1n diciendo la verdad, y eso es muy duro. La carga emocional que sufren las supervivientes es incre\u00edble, <a href=\"https:\/\/elpais.com\/smoda\/feminismo\/heroinas-anonimas-que-nos-salvaron-de-2017.html\" target=\"_self\" rel=\"nofollow noopener\" title=\"https:\/\/elpais.com\/smoda\/feminismo\/heroinas-anonimas-que-nos-salvaron-de-2017.html\">el tener que demostrar una y otra vez que merecen ser cre\u00eddas<\/a>\u2026 Socialmente, est\u00e1n puestas en esta situaci\u00f3n tan compleja de: o pruebo que merezco ser cre\u00edda o me quedo en silencio. La valent\u00eda de Rebeca y Laura en este caso nos ayudan a reflexionar sobre la importancia de creer a las supervivientes<\/p>\n<p class=\"\"><b>P.<\/b> \u00bfQu\u00e9 puede suponer este proceso para otras mujeres?<\/p>\n<p class=\"\"><b>J. R. <\/b>La Fiscal\u00eda de la Audiencia Nacional de Espa\u00f1a est\u00e1 todav\u00eda en fase preprocesal y estamos esperando que tomen una decisi\u00f3n sobre el caso. Pero hay dos cosas importantes: que hayan decidido tomar testimonio tanto de Rebeca como de Laura es fundamental porque ellas han elegido denunciar y quieren ser escuchadas en condiciones que no las revictimicen. Es un mensaje claro de las autoridades hacia otras supervivientes de violencia que est\u00e1n pensando si denunciar. Por otro lado, el concepto de justicia misma es fundamental: creer en que esa justicia puede responder independientemente de qui\u00e9n sea el denunciado, de su poder y su influencia econ\u00f3mica.<\/p>\n<p class=\"\"><b>P.<\/b> \u00bfC\u00f3mo reclutaba Julio Iglesias a las trabajadoras?<\/p>\n<p class=\"\"><b>G. F.<\/b> Lo que hemos visto analizando los testimonios de Rebeca y de Laura, las pruebas y la documentaci\u00f3n aportada, es un cierto modus operandi, un patr\u00f3n de actuaci\u00f3n. Este se\u00f1or tiene dos mansiones, en Punta Cana y en Bahamas, y necesita servicio dom\u00e9stico y personal que le atienda personalmente, con cuidados como fisioterapia, por ejemplo. Hablamos de personal, pero en realidad nos referimos a mujeres y, adem\u00e1s, mujeres con un determinado perfil. \u00c9l cuantificaba las solicitudes y otras empleadas suyas, las denominadas house managers, eran las que se encargaban de encontrar a estas chicas con un perfil que se ajustaba al gusto del denunciado. Mujeres j\u00f3venes, siempre latinas, por lo general racializadas y que tuvieran un f\u00edsico de su agrado. Los atributos f\u00edsicos primaban sobre cualquier otra consideraci\u00f3n en torno a las capacidades de la persona para desarrollar el trabajo que se supone que iba a desarrollar. Las house managers se encargaban de buscar a esas chicas en redes sociales, yo creo que colocaban los anuncios con informaci\u00f3n bastante abstracta en redes donde sab\u00edan que iban a encontrar a j\u00f3venes con estas caracter\u00edsticas. <\/p>\n<p class=\"\"><b>P.<\/b> \u00bfQu\u00e9 papel juega el poder de \u00e9l frente a la precariedad de ellas? <\/p>\n<p class=\"\"><b>J. R.<\/b> Justo pensaba en los elementos de por qu\u00e9 hemos incluido en la denuncia la trata: captaci\u00f3n, traslado, alojamiento, explotaci\u00f3n. Y hay un patr\u00f3n tambi\u00e9n asociado que hemos visto a trav\u00e9s de los testimonios. El primero es el de enga\u00f1o: promete un trabajo con una vida mejor y luego resulta que est\u00e1s enga\u00f1ada. Luego las amenazas. Una vez ellas detectan que no va bien, les hace creer que algo malo va a ocurrir si no obedecen y no siguen funcionando con ese patr\u00f3n sist\u00e9mico en las casas. Despu\u00e9s las violencias en distintas formas: golpes, encierro, agresiones f\u00edsicas, psicol\u00f3gicas, la humillaci\u00f3n constante que ellas denuncian y el abuso de poder tambi\u00e9n en esas situaciones de vulnerabilidad. Y por \u00faltimo la coacci\u00f3n que describen: la presi\u00f3n constante, el control, no permitirles salir de las casas, pedir acceso a sus tel\u00e9fonos.<\/p>\n<p class=\"\"><b>P. <\/b>\u00bfQu\u00e9 han planteado respecto a las personas que colaboraban con Julio Iglesias para captar a las mujeres? <\/p>\n<p class=\"\"><b>G. F. <\/b>Le hemos dado muchas vueltas, tambi\u00e9n desde una perspectiva de entender las din\u00e1micas de poder: hacia arriba y hacia abajo. Las mismas house managers tienen una relaci\u00f3n de jerarqu\u00eda laboral con el denunciado y a su vez est\u00e1n en una posici\u00f3n jer\u00e1rquica superior a las de las dem\u00e1s trabajadoras. Est\u00e1n presentes en la denuncia en la medida que ellas colaboraban con \u00e9l y facilitaban estos encuentros que terminaban en agresiones sexuales. Pero la denuncia es contra \u00e9l. Adem\u00e1s, en t\u00e9rminos de competencia de la justicia espa\u00f1ola, \u00e9l es el que tiene un v\u00ednculo con Espa\u00f1a. <\/p>\n<p class=\"\"><b>P.<\/b> \u00bfQu\u00e9 le dir\u00edan a quienes se preguntan por qu\u00e9 esas mujeres no se fueron de las mansiones y dejaron el trabajo? <\/p>\n<p class=\"\"><b>J. R. <\/b>Explicamos c\u00f3mo funcionan las din\u00e1micas de poder en ciclos de violencia y lo que implica para las condiciones socioecon\u00f3micas de ellas. El impacto de si eres una mujer migrante o no, cuando la posibilidad de permanecer en un pa\u00eds est\u00e1 atada a ese empleo, el miedo de tener que irse y las represalias que pueda haber contra ellas. Es muy importante volver a enfocar esto con las din\u00e1micas de poder: para una persona que no est\u00e1 viviendo esa experiencia de violencia puede parecer algo sencillo, pero no lo es. Todas esas mujeres que pasan por esos procesos sufren mucho. Primero para identificar lo que les est\u00e1 ocurriendo, descubrir la violencia en la que est\u00e1n inmersas. Y para entender qu\u00e9 pasos pueden dar para sobrevivir. Lo segundo es la supervivencia. Necesitaban sobrevivir, en medio de esas circunstancias hay una energ\u00eda emocional psicol\u00f3gica puesta en sobrevivir. <\/p>\n<p class=\"\"><b>P.<\/b> \u00bfCu\u00e1ntas mujeres que aseguran haber trabajado para Julio Iglesias las han contactado y para qu\u00e9?<\/p>\n<p class=\"\"><b>J. R. <\/b>Preferimos no decir cu\u00e1ntas son ni los motivos de sus llamadas, por una cuesti\u00f3n de seguridad, ya que tienen miedo y tambi\u00e9n por la confianza que depositan en nosotras. Tenemos la responsabilidad de guardar esa confidencialidad. <\/p>\n<p class=\"\"><b>P.<\/b> \u00bfTiene este caso similitudes con el de Epstein? <\/p>\n<p class=\"\"><b>J. R.<\/b> Las din\u00e1micas de poder, lo que implica que el denunciado sea una persona famosa con mucha influencia, poder econ\u00f3mico. Pero, a la vez, no hemos recibido ni tenemos conocimiento de informaci\u00f3n que implique que el denunciado [Julio Iglesias] tambi\u00e9n facilitaba explotaci\u00f3n de las mujeres con otros hombres poderosos. No tenemos informaci\u00f3n sobre eso ni ninguna evidencia que nos lleve hacia ello.<\/p>\n<p class=\"\"><b>P.<\/b> \u00bfPor qu\u00e9, al margen de la nacionalidad del denunciado han decidido llevar el caso a un tribunal espa\u00f1ol?<\/p>\n<p class=\"\"><b>G. F. <\/b>Tras preguntar a las v\u00edctimas qu\u00e9 idea de justicia tienen, qu\u00e9 necesitan, qu\u00e9 buscan, identificamos la justicia espa\u00f1ola como una v\u00eda que puede dar respuesta a sus demandas. Por otro lado, hay una conexi\u00f3n con la nacionalidad del denunciado y tambi\u00e9n por la naturaleza de los delitos que creemos que pueden estar presentes en este caso. <\/p>\n","protected":false},"excerpt":{"rendered":"Jovana R\u00edos es la directora ejecutiva de Women\u2019s Link. La abogada Gema Fern\u00e1ndez, es su directora legal para&hellip;\n","protected":false},"author":2,"featured_media":343866,"comment_status":"","ping_status":"","sticky":false,"template":"","format":"standard","meta":{"footnotes":""},"categories":[174],"tags":[13810,10239,6543,21186,255,7232,146,147,25,24,256,8216,19665,492,23,10240,28386,20370],"class_list":{"0":"post-343865","1":"post","2":"type-post","3":"status-publish","4":"format-standard","5":"has-post-thumbnail","7":"category-famosos","8":"tag-abusos-sexuales","9":"tag-acoso-sexual","10":"tag-audiencia-nacional","11":"tag-bahamas","12":"tag-celebrities","13":"tag-delitos","14":"tag-entertainment","15":"tag-entretenimiento","16":"tag-es","17":"tag-espana","18":"tag-famosos","19":"tag-julio-iglesias","20":"tag-republica-dominicana","21":"tag-sociedad","22":"tag-spain","23":"tag-trabajo-domestico","24":"tag-trata-de-mujeres","25":"tag-violencia-sexual"},"share_on_mastodon":{"url":"https:\/\/pubeurope.com\/@es\/115904489999123486","error":""},"_links":{"self":[{"href":"https:\/\/www.europesays.com\/es\/wp-json\/wp\/v2\/posts\/343865","targetHints":{"allow":["GET"]}}],"collection":[{"href":"https:\/\/www.europesays.com\/es\/wp-json\/wp\/v2\/posts"}],"about":[{"href":"https:\/\/www.europesays.com\/es\/wp-json\/wp\/v2\/types\/post"}],"author":[{"embeddable":true,"href":"https:\/\/www.europesays.com\/es\/wp-json\/wp\/v2\/users\/2"}],"replies":[{"embeddable":true,"href":"https:\/\/www.europesays.com\/es\/wp-json\/wp\/v2\/comments?post=343865"}],"version-history":[{"count":0,"href":"https:\/\/www.europesays.com\/es\/wp-json\/wp\/v2\/posts\/343865\/revisions"}],"wp:featuredmedia":[{"embeddable":true,"href":"https:\/\/www.europesays.com\/es\/wp-json\/wp\/v2\/media\/343866"}],"wp:attachment":[{"href":"https:\/\/www.europesays.com\/es\/wp-json\/wp\/v2\/media?parent=343865"}],"wp:term":[{"taxonomy":"category","embeddable":true,"href":"https:\/\/www.europesays.com\/es\/wp-json\/wp\/v2\/categories?post=343865"},{"taxonomy":"post_tag","embeddable":true,"href":"https:\/\/www.europesays.com\/es\/wp-json\/wp\/v2\/tags?post=343865"}],"curies":[{"name":"wp","href":"https:\/\/api.w.org\/{rel}","templated":true}]}}