{"id":343878,"date":"2026-01-16T11:22:16","date_gmt":"2026-01-16T11:22:16","guid":{"rendered":"https:\/\/www.europesays.com\/es\/343878\/"},"modified":"2026-01-16T11:22:16","modified_gmt":"2026-01-16T11:22:16","slug":"irene-de-grecia-la-rara-avis-de-la-realeza-que-dono-900-000-dolares-a-causas-beneficas-y-brillo-sin-ruido","status":"publish","type":"post","link":"https:\/\/www.europesays.com\/es\/343878\/","title":{"rendered":"Irene de Grecia, la &#8216;rara avis&#8217; de la realeza que don\u00f3 900.000 d\u00f3lares a causas ben\u00e9ficas y brill\u00f3 sin ruido"},"content":{"rendered":"\n<p> Sobria, sencilla y ciertamente desapegada de los bienes materiales desde al altura de su visi\u00f3n espiritual de la vida<strong>, Irene de Grecia se ha marchado como vivi\u00f3, sin ruido, sin molestar, sin protagonismo.<\/strong> Pero no por eso ser\u00e1 menos recordada por sus deudos, y en particular por<strong> la reina Sof\u00eda para quien ha sido hermana, amiga, confidente y apoyo inquebrantable a<\/strong> lo largo de toda una vida salpicada de dif\u00edciles avatares. <\/p>\n<p> <strong>Rara avis en el mundo de la realeza,<\/strong> en cuyo coraz\u00f3n neur\u00e1lgico se insert\u00f3 su existencia, do\u00f1a Irene naci\u00f3 en 1942 en los dif\u00edciles d\u00edas del exilio de sus padres en Sud\u00e1frica y fue, a decir de su hermana, el resultado de una educaci\u00f3n en la que hab\u00eda cari\u00f1o y exigencias, caricias y disciplinas. La hija de una familia unida e integrada que giraba en torno a dos padres admirados, <strong>el refinado rey Pablo y la potente y seductora reina Federica;<\/strong> dos grandes iconos que acaso terminaron opac\u00e1ndola con su propio brillo. <\/p>\n<p>               Irene de Grecia junto a sus hermanos. (Getty)             <\/p>\n<p> Trasplantada al sol de Grecia en 1947, fue testigo de <strong>la guerra civil en la que su madre mostr\u00f3 tanto temple y valent\u00eda<\/strong>, recorri\u00f3 con sus padres todos los parajes de la H\u00e9lade y, desde una edad muy temprana, particip\u00f3 con ellos en el fortalecimiento de los fundamentos de la monarqu\u00eda y en sus trabajos para abrir y mostrar el pa\u00eds al mundo. <\/p>\n<p> Educada con sus hermanos, Sofia y Constantino, en las escuelas Arsakion, fundadas por la reina Federica, <strong>su paso por el prestigioso colegio de Salem,<\/strong> dirigido por su t\u00edo el pr\u00edncipe Jorge Guillermo de Hannover, contribuy\u00f3 a curtir y formar su car\u00e1cter y<strong> a asomarla a una cierta espiritualidad anclada en la naturaleza y en su cr\u00edptico lenguaje.<\/strong> Apasionada por la arqueolog\u00eda, fue, sin embargo, en la m\u00fasica donde desarroll\u00f3 un particular talento y encontr\u00f3 la v\u00eda para desarrollar una identidad propia y diferenciada de la de las m\u00e1s homog\u00e9neas princesas de su tiempo, en el seno de una gran red social de pr\u00edncipes de Hannover, Hesse, Hohenlohe-Langenburg, Orleans y un largo etc\u00e9tera <\/p>\n<p> <strong>Lanzada al marcado matrimonial de la realeza en tiempos de gran inflaci\u00f3n de princesas casaderas<\/strong>, en 1965 se habl\u00f3 de su romance con el divorciado y brillante abogado ateniense Stavros Strastigis, al que puso fin la reina Federica, por entonces ya viuda. Se esperaba un matrimonio regio y <strong>hubo rumores, con poco fundamento, de noviazgo con su primo el pr\u00edncipe Miguel de Grecia<\/strong> y de su otro primo el pr\u00edncipe Enrique de Hesse. <\/p>\n<p> Nada significativo cuando la ca\u00edda de la monarqu\u00eda griega, en 1967, golpe\u00f3 fuertemente a la familia que tuvo que buscar refugio en Roma en casa de los primos Hesse y con el apoyo del pr\u00edncipe \u00c1lvaro de Orleans-Borb\u00f3n. Fue entonces cuando, animada por su madre y tras haberse formado con la compositora, pianista y organista francesa Nadia Boulanger<strong>, se entreg\u00f3 al piano apoyada en su carrera por su mentora la pianista cl\u00e1sica griega Gina Bachauer <\/strong>y por ese amigo de la familia que era el director de orquesta Yehudi Menuhin. Tanto que, en entrevista a la revista francesa &#8216;Point de Vue&#8217;, en 1969, declar\u00f3: <strong>\u00abMi vida de pianista pasa por delante de mi vida sentimental. <\/strong>Me gustan todos los compositores, excepto los de vanguardia. No los comprendo bien. <\/p>\n<p> Debut\u00f3 en Londres en presencia del pr\u00edncipe de Gales, realiz\u00f3 una gira por distintas ciudades de los Estados Unidos (en su sobriedad s\u00f3lo llev\u00f3 consigo tres vestidos y tres pares de zapatos) y cedi\u00f3 aquellos ingresos a sus bolsas para estudiantes de m\u00fasica y de teolog\u00eda en Grecia. Ya afloraba en ella un inter\u00e9s, tomado de su familia y de sus t\u00edos los pr\u00edncipes Jorge Guillermo y Sof\u00eda de Hannover, <strong>por la vida espiritual desde una visi\u00f3n sincr\u00e9tica de la experiencia religiosa. <\/strong> <\/p>\n<p>                   Irene de Grecia en una imagen de archivo. (Getty)             <\/p>\n<p> Una inclinaci\u00f3n compartida por su madre que las llev\u00f3 a instalarse, a comienzos de los a\u00f1os 70,<strong> en una villa en la ciudad india de Chennai.<\/strong> Versada en filosof\u00eda y en el estudio de las religiones comparadas, sigui\u00f3 ense\u00f1anzas del profesor M.T. P. Mahadevan, experto en Brahmanismo hind\u00fa, se form\u00f3 en el linaje de los Kanchi, conoci\u00f3 numerosos ashrams y se especializ\u00f3 en el estudio de la relaci\u00f3n existente entre la Patr\u00edstica de la iglesia ortodoxa griega y el Vedanta oriental. <\/p>\n<p> A\u00f1os de profunda transformaci\u00f3n personal y de compromiso con una cultura que, desde entonces, impregn\u00f3 su vida alejada de los intereses propios de su grupo social de pertenencia en el que, sin embargo, siempre fue altamente respetada aunque, quiz\u00e1, no suficientemente comprendida salvo por unos pocos. Desde la restauraci\u00f3n de la monarqu\u00eda en Espa\u00f1a<strong> particip\u00f3 \u00edntimamente de la vida de la familia rea<\/strong>l, sin olvidar su entrada directa en las cortes de Londres, Copenhague y Estocolmo y, tras el inesperado fallecimiento de su madre en 1981, se instal\u00f3 definitivamente en el palacio de la Zarzuela. <\/p>\n<p> <strong>En 1986 cre\u00f3 su fundaci\u00f3n Mundo en Armon\u00eda<\/strong>, a la que se entreg\u00f3 en cuerpo y alma, llevando apoyo material a numerosos pa\u00edses del mundo y en particular a la India, donde conoci\u00f3 y trat\u00f3 a Indira Gandhi y mantuvo una buena relaci\u00f3n con la Madre Teresa de Calcuta. <\/p>\n<p> <strong>Se habl\u00f3 de una estrecha amistad con el embajador alem\u00e1n en Espa\u00f1a, Guido Brunner,<\/strong> pero su vida ya giraba en torno a su fundaci\u00f3n, y a la promoci\u00f3n del micro cr\u00e9dito en el tercer mundo a trav\u00e9s del Grameen Bank de Bangladesh de Muhammad Yunnus. Contribuy\u00f3 a financiar proyectos de la Cruz Roja, colabor\u00f3 con la Fundaci\u00f3n Nelson Mandela para ni\u00f1os y con el Philani Nutritional Project de Sud\u00e1frica y perteneci\u00f3 a numerosas instituciones y fundaciones de car\u00e1cter asistencial, como la African Cultural Organization, por citar solo algunos de sus muchos aportes en favor de la erradicaci\u00f3n de la pobreza. Sirva como resumen decir que, en 2003, <strong>cedi\u00f3 a su fundaci\u00f3n los 900.000 d\u00f3lares que le correspondieron de la indemnizaci\u00f3n que el gobierno griego dio a su familia <\/strong>como compensaci\u00f3n por los bienes de la familia real griega incautados en 1974. <\/p>\n<p>               Irene de Grecia en una imagen de archivo. (Gtres)             <\/p>\n<p> Una vida, en suma, que partiendo de las ventajas del alto nacimiento y del privilegio, y<strong> alejada de todo signo de ostentaci\u00f3n, se consagr\u00f3 a la verdadera reparaci\u00f3n en esta princesa singular y elevadamente espiritual, <\/strong>siempre leal a los suyos y capaz de moverse sin molestar pero sin perder su altura regia. Una severa p\u00e9rdida para do\u00f1a Sof\u00eda y para toda la familia real espa\u00f1ola de la que, en realidad, ha formado parte esencial durante las \u00faltimas cuatro d\u00e9cadas. <\/p>\n<p> Sobria, sencilla y ciertamente desapegada de los bienes materiales desde al altura de su visi\u00f3n espiritual de la vida<strong>, Irene de Grecia se ha marchado como vivi\u00f3, sin ruido, sin molestar, sin protagonismo.<\/strong> Pero no por eso ser\u00e1 menos recordada por sus deudos, y en particular por<strong> la reina Sof\u00eda para quien ha sido hermana, amiga, confidente y apoyo inquebrantable a<\/strong> lo largo de toda una vida salpicada de dif\u00edciles avatares. <\/p>\n","protected":false},"excerpt":{"rendered":"Sobria, sencilla y ciertamente desapegada de los bienes materiales desde al altura de su visi\u00f3n espiritual de la&hellip;\n","protected":false},"author":2,"featured_media":343879,"comment_status":"","ping_status":"","sticky":false,"template":"","format":"standard","meta":{"footnotes":""},"categories":[91],"tags":[146,147,25,24,23],"class_list":{"0":"post-343878","1":"post","2":"type-post","3":"status-publish","4":"format-standard","5":"has-post-thumbnail","7":"category-entretenimiento","8":"tag-entertainment","9":"tag-entretenimiento","10":"tag-es","11":"tag-espana","12":"tag-spain"},"share_on_mastodon":{"url":"https:\/\/pubeurope.com\/@es\/115904521339145851","error":""},"_links":{"self":[{"href":"https:\/\/www.europesays.com\/es\/wp-json\/wp\/v2\/posts\/343878","targetHints":{"allow":["GET"]}}],"collection":[{"href":"https:\/\/www.europesays.com\/es\/wp-json\/wp\/v2\/posts"}],"about":[{"href":"https:\/\/www.europesays.com\/es\/wp-json\/wp\/v2\/types\/post"}],"author":[{"embeddable":true,"href":"https:\/\/www.europesays.com\/es\/wp-json\/wp\/v2\/users\/2"}],"replies":[{"embeddable":true,"href":"https:\/\/www.europesays.com\/es\/wp-json\/wp\/v2\/comments?post=343878"}],"version-history":[{"count":0,"href":"https:\/\/www.europesays.com\/es\/wp-json\/wp\/v2\/posts\/343878\/revisions"}],"wp:featuredmedia":[{"embeddable":true,"href":"https:\/\/www.europesays.com\/es\/wp-json\/wp\/v2\/media\/343879"}],"wp:attachment":[{"href":"https:\/\/www.europesays.com\/es\/wp-json\/wp\/v2\/media?parent=343878"}],"wp:term":[{"taxonomy":"category","embeddable":true,"href":"https:\/\/www.europesays.com\/es\/wp-json\/wp\/v2\/categories?post=343878"},{"taxonomy":"post_tag","embeddable":true,"href":"https:\/\/www.europesays.com\/es\/wp-json\/wp\/v2\/tags?post=343878"}],"curies":[{"name":"wp","href":"https:\/\/api.w.org\/{rel}","templated":true}]}}