{"id":343888,"date":"2026-01-16T11:32:11","date_gmt":"2026-01-16T11:32:11","guid":{"rendered":"https:\/\/www.europesays.com\/es\/343888\/"},"modified":"2026-01-16T11:32:11","modified_gmt":"2026-01-16T11:32:11","slug":"wawrinka-habla-sobre-la-comparacion-federer-nadal-con-alcaraz-sinner","status":"publish","type":"post","link":"https:\/\/www.europesays.com\/es\/343888\/","title":{"rendered":"Wawrinka habla sobre la comparaci\u00f3n Federer\/Nadal con Alcaraz\/Sinner"},"content":{"rendered":"<p class=\"quota-display text-align-center\">\n        <a href=\"https:\/\/www.puntodebreak.com\/MDBA-B3-PDB-QUOTA-25\" rel=\"sponsored nofollow noopener\" title=\"Apuesta en bet365\" target=\"_blank\"><\/p>\n<p>            <img decoding=\"async\" alt=\"Bet365\" class=\"bet-logo lazyload\" loading=\"lazy\" src=\"https:\/\/www.europesays.com\/es\/wp-content\/uploads\/2026\/01\/b365.jpg\"\/>Streaming ATP Auckland en directo<\/p>\n<p> \ud83c\udfbe Sebastian Baez vs Jakub Mensik<\/p>\n<ol class=\"stream-card__steps\">\n<li>Entra aqu\u00ed y reg\u00edstrate en Bet365<\/li>\n<li>Haz tu primer dep\u00f3sito de m\u00ednimo 5\u00a0\u20ac<\/li>\n<li>Entra en la secci\u00f3n \u00abDirecto\u00bb y ve todos los partidos<\/li>\n<\/ol>\n<p>\n                                Ver partido en Bet365\n                            <\/p>\n<p>        <\/a>\n      <\/p>\n<p bis_size=\"{&quot;x&quot;:8,&quot;y&quot;:8,&quot;w&quot;:1181,&quot;h&quot;:63,&quot;abs_x&quot;:208,&quot;abs_y&quot;:2463}\" class=\"text-align-justify\"><a bis_size=\"{&quot;x&quot;:8,&quot;y&quot;:10,&quot;w&quot;:112,&quot;h&quot;:17,&quot;abs_x&quot;:208,&quot;abs_y&quot;:2465}\" href=\"https:\/\/www.puntodebreak.com\/tag\/stan-wawrinka\" rel=\"nofollow noopener\" target=\"_blank\"><strong bis_size=\"{&quot;x&quot;:8,&quot;y&quot;:10,&quot;w&quot;:112,&quot;h&quot;:18,&quot;abs_x&quot;:208,&quot;abs_y&quot;:2465}\">Stan\u00a0Wawrinka<\/strong><\/a> regresa al jard\u00edn de sus recuerdos, al lugar donde inici\u00f3 su leyenda. Es imposible no asociar cada edici\u00f3n del <strong>Open de Australia<\/strong> con el suizo: aqu\u00ed comenz\u00f3 su andadura en las grandes ligas hace ya m\u00e1s de una d\u00e9cada, en un 2014 en el que tras derrotar a <strong>Rafael Nadal<\/strong> se convirti\u00f3 en campe\u00f3n de Grand Slam. Acabar\u00eda ganando dos coronas de Major m\u00e1s, pero quiz\u00e1s ninguna tan especial como la primera, en un Melbourne que se rindi\u00f3 a sus pies y a su tenis.<\/p>\n<p bis_size=\"{&quot;x&quot;:8,&quot;y&quot;:87,&quot;w&quot;:1181,&quot;h&quot;:63,&quot;abs_x&quot;:208,&quot;abs_y&quot;:2542}\" class=\"text-align-justify\">Doce a\u00f1os despu\u00e9s, el suizo vuelve a su casa en circunstancias completamente diferentes. Es su <strong>a\u00f1o de despedida<\/strong> del tenis profesional y la organizaci\u00f3n, tras momentos de dudas y titubeos, decidi\u00f3 finalmente otorgarle una m\u00e1s que merecida invitaci\u00f3n. Antes de su debut frente a Laslo Djere, Stan pas\u00f3 por <strong>rueda de prensa<\/strong> para analizar su gran inicio de a\u00f1o en la <strong>United Cup<\/strong>, los motivos detr\u00e1s de la decisi\u00f3n de retirarse y algunos gratos recuerdos de sus aventuras por tierras oce\u00e1nicas\u00a0que a buen seguro alegrar\u00e1n a cualquier aficionado al tenis.<\/p>\n<p><strong bis_size=\"{&quot;x&quot;:8,&quot;y&quot;:169,&quot;w&quot;:1168,&quot;h&quot;:21,&quot;abs_x&quot;:208,&quot;abs_y&quot;:2624}\">Wawrinka\u00a0habla de sus emociones antes de su \u00faltimo Open de Australia y describe los duros momentos antes de tomar la decisi\u00f3n de retirarse<\/strong><\/p>\n<p><strong bis_size=\"{&quot;x&quot;:8,&quot;y&quot;:208,&quot;w&quot;:758,&quot;h&quot;:19,&quot;abs_x&quot;:208,&quot;abs_y&quot;:2663}\">&#8211; Sus grandes actuaciones en la United Cup, donde demostr\u00f3 ser todav\u00eda plenamente competitivo<\/strong><\/p>\n<p bis_size=\"{&quot;x&quot;:8,&quot;y&quot;:237,&quot;w&quot;:1181,&quot;h&quot;:63,&quot;abs_x&quot;:208,&quot;abs_y&quot;:2692}\" class=\"text-align-justify\">\u00abLa United Cup fue genial. Hasta el momento, todo ha ido como la seda en Australia. Fue fant\u00e1stico jugar en un evento as\u00ed. Belinda (Bencic) estuvo a un nivel fabuloso. El equipo fue genial. Poder llegar a la final fue muy satisfactorio para nosotros, nos hubiese encantado ganar, pero nos lo pasamos muy bien en pista. A nivel ten\u00edstico estoy muy feliz, todo est\u00e1 yendo genial. La preparaci\u00f3n ha sido fenomenal, la pretemporada ha sido muy buena y sigo trabajando para mantener mi nivel. Tengo ganas de que comience la acci\u00f3n aqu\u00ed\u00bb.<\/p>\n<p bis_size=\"{&quot;x&quot;:8,&quot;y&quot;:237,&quot;w&quot;:1181,&quot;h&quot;:63,&quot;abs_x&quot;:208,&quot;abs_y&quot;:2692}\" class=\"text-align-justify\"><img decoding=\"async\" alt=\"\u00bfSer\u00e1 competitivo Wawrinka hasta el final de su periplo como jugador? Fuente: Getty\" data-entity-type=\"file\" data-entity-uuid=\"32d62d2e-a449-4abf-8841-2590bcb2c70d\" width=\"612\" height=\"408\" loading=\"lazy\" class=\"lazyload\" src=\"https:\/\/www.europesays.com\/es\/wp-content\/uploads\/2026\/01\/wawrinka-competitivo-hasta-final.jpg\"\/><\/p>\n<p><strong bis_size=\"{&quot;x&quot;:8,&quot;y&quot;:319,&quot;w&quot;:829,&quot;h&quot;:17,&quot;abs_x&quot;:208,&quot;abs_y&quot;:2774}\">&#8211; Todo lo que hay detr\u00e1s de la decisi\u00f3n de retirarse y lo dif\u00edcil que fue confirmar que 2026 es su \u00faltimo a\u00f1o<\/strong><\/p>\n<p bis_size=\"{&quot;x&quot;:8,&quot;y&quot;:347,&quot;w&quot;:1181,&quot;h&quot;:105,&quot;abs_x&quot;:208,&quot;abs_y&quot;:2802}\" class=\"text-align-justify\">\u00abA finales del a\u00f1o pasado, entre octubre, noviembre y diciembre ya ten\u00eda cosas en mi mente. A lo largo del a\u00f1o pasado a\u00fan no lo ten\u00eda claro, sab\u00eda que quer\u00eda continuar, era feliz jugando y, de hecho, todav\u00eda lo soy. Sin embargo, de repente, a finales del a\u00f1o pasado, me di cuenta de que era muy claro que 2026 deb\u00eda ser mi \u00faltima temporada. No fue una decisi\u00f3n complicada, fue muy f\u00e1cil. Estoy muy feliz con esta decisi\u00f3n, estoy en paz. Tengo ganas de este a\u00f1o. Un a\u00f1o de tenis es mucho tiempo, el a\u00f1o es muy largo y yo no voy a hacer joven. Tambi\u00e9n estoy feliz por jugar esta temporada siendo todav\u00eda competitivo, jugando bien. No quer\u00eda parar de repente por una lesi\u00f3n o por cosas de este estilo, cosas que pueden ocurrir a este nivel. Todav\u00eda siento pasi\u00f3n por este deporte. Estoy plenamente centrado. Es la manera en la que sent\u00ed que era correcto irme\u00bb.<\/p>\n<p bis_size=\"{&quot;x&quot;:8,&quot;y&quot;:469,&quot;w&quot;:1181,&quot;h&quot;:21,&quot;abs_x&quot;:208,&quot;abs_y&quot;:2924}\" class=\"text-align-justify\"><strong bis_size=\"{&quot;x&quot;:8,&quot;y&quot;:471,&quot;w&quot;:894,&quot;h&quot;:18,&quot;abs_x&quot;:208,&quot;abs_y&quot;:2926}\">&#8211; La comparaci\u00f3n entre la era de Roger o Rafa, con la que aterriz\u00f3 en el circuito, y la de Jannik y Carlos, con la que se marcha<\/strong><\/p>\n<p bis_size=\"{&quot;x&quot;:8,&quot;y&quot;:507,&quot;w&quot;:1181,&quot;h&quot;:63,&quot;abs_x&quot;:208,&quot;abs_y&quot;:2962}\" class=\"text-align-justify\">\u00abNo las comparo. No comparo generaciones. Disfruto de ambas. Disfruto de verles jugar y disfruto de haber jugado frente a ellos. Lo veo como aficionado de este deporte: el nivel de estos \u00faltimos 20 a\u00f1os, con generaciones distintas, ha sido incre\u00edble de presenciar. Como competidor, enfrentarles ha sido una delicia. Siempre un desaf\u00edo tremendo. El a\u00f1o pasado, el nivel de Sinner y Alcaraz fue impresionante. Van a seguir en esa direcci\u00f3n: como aficionado del tenis, solo te queda disfrutarlo\u00bb.<\/p>\n<p><strong bis_size=\"{&quot;x&quot;:8,&quot;y&quot;:589,&quot;w&quot;:667,&quot;h&quot;:17,&quot;abs_x&quot;:208,&quot;abs_y&quot;:3044}\">&#8211; Modificaciones en su juego para mantenerse competitivo en las \u00faltimas temporadas<\/strong><\/p>\n<p bis_size=\"{&quot;x&quot;:8,&quot;y&quot;:617,&quot;w&quot;:1181,&quot;h&quot;:63,&quot;abs_x&quot;:208,&quot;abs_y&quot;:3072}\" class=\"text-align-justify\">\u00abNo me he mantenido tan arriba en los \u00faltimos a\u00f1os (sonr\u00ede). Ahora mismo soy el 130 del mundo. Lo m\u00e1s importante era yo mismo. S\u00ed, te tienes que enfrentar a tus rivales, pero siempre he querido ser la mejor versi\u00f3n de un jugador de tenis que pod\u00eda ser. Siempre se trat\u00f3 de explorar mis l\u00edmites a nivel ten\u00edstico, f\u00edsico y mental, tratar de llegar al punto m\u00e1s alto que pudiera alcanzar. Luego te enfrentas a jugadores y generaciones diferentes, pero no te centras en los rivales a los que te enfrentas, te centras en ti mismo\u00bb.<\/p>\n<p><strong bis_size=\"{&quot;x&quot;:8,&quot;y&quot;:699,&quot;w&quot;:1181,&quot;h&quot;:39,&quot;abs_x&quot;:208,&quot;abs_y&quot;:3154}\">&#8211; Sobre su rev\u00e9s y la evoluci\u00f3n que ha tenido: \u00bfcu\u00e1ndo lo ha disfrutado m\u00e1s? \u00bfLo ha sentido como una carga, jugar con rev\u00e9s a una mano, en alg\u00fan momento?<\/strong><\/p>\n<p bis_size=\"{&quot;x&quot;:8,&quot;y&quot;:751,&quot;w&quot;:1181,&quot;h&quot;:63,&quot;abs_x&quot;:208,&quot;abs_y&quot;:3206}\" class=\"text-align-justify\">\u00abSiempre he disfrutado de ese golpe, y me ha dado muchos partido. Me ha ayudado a ganar cosas incre\u00edbles. La pasi\u00f3n por este deporte, la pasi\u00f3n por el rev\u00e9s a una mano siempre ha sido la misma, m\u00e1s o menos joven. Al fin y al cabo, como ya he dicho, siempre quise llevarme al l\u00edmite, tratar de dar mi mejor versi\u00f3n. Cuando pasas los 30 o 35 a\u00f1os eso es m\u00e1s complicado, claro, pero mientras seas honesto contigo mismo y sepas qu\u00e9 puedes lograr, d\u00f3nde quieres ir, la pasi\u00f3n permanecer\u00e1 ah\u00ed\u00bb.<\/p>\n<p><strong bis_size=\"{&quot;x&quot;:8,&quot;y&quot;:832,&quot;w&quot;:720,&quot;h&quot;:19,&quot;abs_x&quot;:208,&quot;abs_y&quot;:3287}\">&#8211; Sobre los planes de la ATP de reducir torneos 250 y el nuevo Masters 1000 en Arabia Saud\u00ed<\/strong><\/p>\n<p bis_size=\"{&quot;x&quot;:8,&quot;y&quot;:861,&quot;w&quot;:1181,&quot;h&quot;:84,&quot;abs_x&quot;:208,&quot;abs_y&quot;:3316}\" class=\"text-align-justify\">\u00abNecesitamos ver qu\u00e9 va a pasar, de momento est\u00e1n a\u00f1adiendo m\u00e1s tenis que el que est\u00e1n quitando. El calendario es m\u00e1s largo y los torneos son m\u00e1s grandes. Ahora mismo, la temporada es muy larga. Los torneos son muy largos. Tienes a Masters 1000 cada vez m\u00e1s duraderos, con 10 d\u00edas de evento y finales, incluso, los mi\u00e9rcoles. Dir\u00eda que el calendario est\u00e1 demasiado disperso y desordenado. Es dif\u00edcil para la generaci\u00f3n joven, adem\u00e1s, aceptar que deben sacrificar algunos torneos y algo de dinero a final de a\u00f1o para priorizar su salud. Veremos qu\u00e9 direcci\u00f3n toma el circuito en pr\u00f3ximas temporadas\u00bb.<\/p>\n<p bis_size=\"{&quot;x&quot;:8,&quot;y&quot;:962,&quot;w&quot;:1181,&quot;h&quot;:21,&quot;abs_x&quot;:208,&quot;abs_y&quot;:3417}\" class=\"text-align-justify\">\u00a0<\/p>\n","protected":false},"excerpt":{"rendered":"Streaming ATP Auckland en directo \ud83c\udfbe Sebastian Baez vs Jakub Mensik Entra aqu\u00ed y reg\u00edstrate en Bet365 Haz&hellip;\n","protected":false},"author":2,"featured_media":343889,"comment_status":"","ping_status":"","sticky":false,"template":"","format":"standard","meta":{"footnotes":""},"categories":[274],"tags":[168,25,24,23,167,327,326],"class_list":{"0":"post-343888","1":"post","2":"type-post","3":"status-publish","4":"format-standard","5":"has-post-thumbnail","7":"category-tenis","8":"tag-deportes","9":"tag-es","10":"tag-espana","11":"tag-spain","12":"tag-sports","13":"tag-tenis","14":"tag-tennis"},"share_on_mastodon":{"url":"https:\/\/pubeurope.com\/@es\/115904560856930089","error":""},"_links":{"self":[{"href":"https:\/\/www.europesays.com\/es\/wp-json\/wp\/v2\/posts\/343888","targetHints":{"allow":["GET"]}}],"collection":[{"href":"https:\/\/www.europesays.com\/es\/wp-json\/wp\/v2\/posts"}],"about":[{"href":"https:\/\/www.europesays.com\/es\/wp-json\/wp\/v2\/types\/post"}],"author":[{"embeddable":true,"href":"https:\/\/www.europesays.com\/es\/wp-json\/wp\/v2\/users\/2"}],"replies":[{"embeddable":true,"href":"https:\/\/www.europesays.com\/es\/wp-json\/wp\/v2\/comments?post=343888"}],"version-history":[{"count":0,"href":"https:\/\/www.europesays.com\/es\/wp-json\/wp\/v2\/posts\/343888\/revisions"}],"wp:featuredmedia":[{"embeddable":true,"href":"https:\/\/www.europesays.com\/es\/wp-json\/wp\/v2\/media\/343889"}],"wp:attachment":[{"href":"https:\/\/www.europesays.com\/es\/wp-json\/wp\/v2\/media?parent=343888"}],"wp:term":[{"taxonomy":"category","embeddable":true,"href":"https:\/\/www.europesays.com\/es\/wp-json\/wp\/v2\/categories?post=343888"},{"taxonomy":"post_tag","embeddable":true,"href":"https:\/\/www.europesays.com\/es\/wp-json\/wp\/v2\/tags?post=343888"}],"curies":[{"name":"wp","href":"https:\/\/api.w.org\/{rel}","templated":true}]}}