{"id":343890,"date":"2026-01-16T11:33:09","date_gmt":"2026-01-16T11:33:09","guid":{"rendered":"https:\/\/www.europesays.com\/es\/343890\/"},"modified":"2026-01-16T11:33:09","modified_gmt":"2026-01-16T11:33:09","slug":"el-adios-de-simon-yates-y-las-senales-que-inquietan-al-ciclismo","status":"publish","type":"post","link":"https:\/\/www.europesays.com\/es\/343890\/","title":{"rendered":"el adi\u00f3s de Simon Yates y las se\u00f1ales que inquietan al ciclismo"},"content":{"rendered":"<p>&#13;<br \/>\n  &#13;<\/p>\n<p>El anuncio inesperado de la retirada de Simon Yates ha abierto un frente de incertidumbre en el mundo del <a href=\"https:\/\/www.todomountainbike.net\/competicion\/simon-yates-anuncia-retirada-cerrar-carrera-giro-italia-historico\" class=\"auto-il\" rel=\"nofollow noopener\" target=\"_blank\">ciclismo profesional<\/a>. No solo por la decisi\u00f3n en s\u00ed, sino por el contexto, el momento elegido y una serie de movimientos posteriores que han alimentado el debate en un deporte especialmente sensible a todo lo que rodea a la confianza y la transparencia.<\/p>\n<p><img decoding=\"async\" fetchpriority=\"high\" loading=\"eager\" width=\"1200\" height=\"1200\" style=\"aspect-ratio: 1200\/1200;\" alt=\"Simon Yates. Imagen: Visma \u2013 Lease a Bike\" src=\"https:\/\/www.europesays.com\/es\/wp-content\/uploads\/2026\/01\/simon-yates-retirada-sospechosa.jpg\"\/>Simon Yates. Imagen: Visma \u2013 Lease a BikeUn anuncio inesperado que dej\u00f3 en shock a su propio equipo<\/p>\n<p>El primer elemento que llam\u00f3 la atenci\u00f3n fue el momento escogido. La decisi\u00f3n del brit\u00e1nico lleg\u00f3 en plenas Navidades, cuando la temporada 2026 estaba ya planificada y el corredor se hab\u00eda integrado con normalidad en la estructura de Visma \u2013 Lease a Bike. Campos de entrenamiento completados, material presentado y fotograf\u00edas oficiales realizadas formaban parte de una hoja de ruta que, de repente, qued\u00f3 anulada.<\/p>\n<p>El impacto fue inmediato dentro del equipo neerland\u00e9s. El vigente l\u00edder del conjunto, Jonas Vingegaard, reconoci\u00f3 p\u00fablicamente la sorpresa: Por supuesto que fue un gran impacto para nosotros. Se supon\u00eda que iba a ser una gran parte del equipo del Tour, un muy buen gregario. Un testimonio que refleja hasta qu\u00e9 punto la retirada no entraba en los planes internos.<\/p>\n<p>Desde la direcci\u00f3n deportiva, Grischa Niermann confirm\u00f3 que el programa de Yates estaba cerrado desde finales de noviembre. El calendario inclu\u00eda pruebas de m\u00e1ximo nivel y con galones de liderazgo, como Par\u00eds-Niza o el Crit\u00e9rium del Dauphin\u00e9. A finales de noviembre y principios de diciembre lo ten\u00edamos todo resuelto. Todos estos planes inclu\u00edan a Simon, pero durante las Navidades nos dijo que quer\u00eda terminar su carrera, explic\u00f3 el alem\u00e1n en declaraciones recogidas por la prensa belga.<\/p>\n<p>&#13;<br \/>\n  &#13;<\/p>\n<p>La consecuencia directa es evidente: carreras clave han quedado sin un referente claro para la general y el equipo no reaccion\u00f3 con la contrataci\u00f3n de un sustituto. Una se\u00f1al m\u00e1s de que la decisi\u00f3n fue tan repentina como definitiva.<\/p>\n<p>Dos lecturas que conviven en el an\u00e1lisis<\/p>\n<p>En torno a la retirada de Simon Yates se han formado dos corrientes de opini\u00f3n que no son necesariamente excluyentes. Por un lado, la m\u00e1s comprensiva. El brit\u00e1nico abandona el ciclismo tras conquistar el <strong>Giro de <a href=\"https:\/\/www.todomountainbike.net\/competicion\/giro-italia-mas-insolito-historia-caos-nieve-decisiones-polemicas\" class=\"auto-il\" rel=\"nofollow noopener\" target=\"_blank\">Italia<\/a><\/strong>, cerrando un c\u00edrculo personal iniciado en 2018, cuando perdi\u00f3 la carrera en el <strong>Colle delle Finestre<\/strong>, el mismo escenario que a\u00f1os despu\u00e9s le sirvi\u00f3 de revancha definitiva.<\/p>\n<p>Desde esta \u00f3ptica, resulta l\u00f3gico pensar en un posible <strong>burnout<\/strong> deportivo. Yates ha ganado una gran <a href=\"https:\/\/www.todomountainbike.net\/competicion\/vuelta-espana-2024-clasificaciones-mejores-momentos-9-etapa\" class=\"auto-il\" rel=\"nofollow noopener\" target=\"_blank\">vuelta<\/a>, ha sido protagonista durante m\u00e1s de una d\u00e9cada y no pocos corredores optan por retirarse en lo m\u00e1s alto antes de convertirse en una versi\u00f3n residual de s\u00ed mismos dentro del pelot\u00f3n.<\/p>\n<p>Sin embargo, existe una segunda lectura m\u00e1s inc\u00f3moda. En un deporte con un historial complejo en t\u00e9rminos de credibilidad, el momento elegido y la escasa explicaci\u00f3n p\u00fablica generan suspicacias. La carta de despedida del brit\u00e1nico evit\u00f3 detallar razones concretas y dej\u00f3 al equipo en una posici\u00f3n delicada, algo que no ha pasado desapercibido en el entorno profesional.<\/p>\n<p>&#13;<br \/>\n  &#13;<\/p>\n<p>En diciembre, adem\u00e1s, trascendi\u00f3 una posible ca\u00edda durante un campo de entrenamiento, un argumento que habr\u00eda aportado mayor claridad a la decisi\u00f3n. Ese episodio nunca fue mencionado oficialmente. A ello se suma que apenas semanas antes, el propio Yates se mostraba ilusionado con la nueva temporada y con su regreso al Giro durante la presentaci\u00f3n del recorrido en Roma.<\/p>\n<p>Redes sociales y un gesto dif\u00edcil de interpretar<\/p>\n<p>Cuando el debate parec\u00eda estabilizarse, surgi\u00f3 un nuevo elemento que volvi\u00f3 a agitar el ambiente. En los \u00faltimos d\u00edas, Simon Yates comenz\u00f3 a bloquear de forma masiva en la red social X a cuentas relacionadas con el ciclismo: medios especializados, analistas, presentadores de p\u00f3dcast e incluso creadores de contenido.<\/p>\n<p>El detalle no es menor. La cuenta utilizada llevaba inactiva desde 2020 y todav\u00eda mostraba una imagen del corredor con el maillot de su antiguo equipo, Jayco AlUla. Un movimiento que, lejos de pasar desapercibido, increment\u00f3 las dudas en un contexto ya sensible.<\/p>\n<p>En el recuerdo reciente del pelot\u00f3n pesa el caso de Oier Lazkano, cuyos movimientos en redes precedieron a su posterior sanci\u00f3n por parte de la UCI. La comparaci\u00f3n, inevitable para muchos, no ayuda a rebajar la tensi\u00f3n.<\/p>\n<p>&#13;<br \/>\n  &#13;<\/p>\n<p>Es leg\u00edtimo que un deportista decida desconectarse del foco medi\u00e1tico o abandonar las redes tras una carrera exigente. Sin embargo, el bloqueo selectivo y masivo genera el efecto contrario al deseado. En lugar de cerrar el debate, a\u00f1ade ruido y alimenta interpretaciones que el ciclismo actual dif\u00edcilmente puede permitirse.<\/p>\n<p>A d\u00eda de hoy, no existen pruebas ni indicios oficiales que vayan m\u00e1s all\u00e1 de una retirada voluntaria. Pero la gesti\u00f3n de los tiempos, la comunicaci\u00f3n limitada y estos gestos digitales han convertido el adi\u00f3s de Simon Yates en algo m\u00e1s que una simple despedida deportiva.<\/p>\n<p>El ciclismo vive una etapa de vigilancia constante, donde cada detalle se analiza con lupa. La \u00fanica consecuencia clara de esta sucesi\u00f3n de decisiones es un aumento de la desconfianza general, justo el escenario que el ciclismo menos necesita. Est\u00e1 por ver si, desgraciadamente, la UCI no anuncia en breve la mala noticia que ya se respira en el ambiente.<\/p>\n<p>&#13;<br \/>\n&#13;<\/p>\n","protected":false},"excerpt":{"rendered":"&#13; &#13; El anuncio inesperado de la retirada de Simon Yates ha abierto un frente de incertidumbre en&hellip;\n","protected":false},"author":2,"featured_media":343891,"comment_status":"","ping_status":"","sticky":false,"template":"","format":"standard","meta":{"footnotes":""},"categories":[273],"tags":[313,312,168,25,24,23,167],"class_list":{"0":"post-343890","1":"post","2":"type-post","3":"status-publish","4":"format-standard","5":"has-post-thumbnail","7":"category-ciclismo","8":"tag-ciclismo","9":"tag-cycling","10":"tag-deportes","11":"tag-es","12":"tag-espana","13":"tag-spain","14":"tag-sports"},"share_on_mastodon":{"url":"https:\/\/pubeurope.com\/@es\/115904564597704163","error":""},"_links":{"self":[{"href":"https:\/\/www.europesays.com\/es\/wp-json\/wp\/v2\/posts\/343890","targetHints":{"allow":["GET"]}}],"collection":[{"href":"https:\/\/www.europesays.com\/es\/wp-json\/wp\/v2\/posts"}],"about":[{"href":"https:\/\/www.europesays.com\/es\/wp-json\/wp\/v2\/types\/post"}],"author":[{"embeddable":true,"href":"https:\/\/www.europesays.com\/es\/wp-json\/wp\/v2\/users\/2"}],"replies":[{"embeddable":true,"href":"https:\/\/www.europesays.com\/es\/wp-json\/wp\/v2\/comments?post=343890"}],"version-history":[{"count":0,"href":"https:\/\/www.europesays.com\/es\/wp-json\/wp\/v2\/posts\/343890\/revisions"}],"wp:featuredmedia":[{"embeddable":true,"href":"https:\/\/www.europesays.com\/es\/wp-json\/wp\/v2\/media\/343891"}],"wp:attachment":[{"href":"https:\/\/www.europesays.com\/es\/wp-json\/wp\/v2\/media?parent=343890"}],"wp:term":[{"taxonomy":"category","embeddable":true,"href":"https:\/\/www.europesays.com\/es\/wp-json\/wp\/v2\/categories?post=343890"},{"taxonomy":"post_tag","embeddable":true,"href":"https:\/\/www.europesays.com\/es\/wp-json\/wp\/v2\/tags?post=343890"}],"curies":[{"name":"wp","href":"https:\/\/api.w.org\/{rel}","templated":true}]}}