{"id":343894,"date":"2026-01-16T11:36:09","date_gmt":"2026-01-16T11:36:09","guid":{"rendered":"https:\/\/www.europesays.com\/es\/343894\/"},"modified":"2026-01-16T11:36:09","modified_gmt":"2026-01-16T11:36:09","slug":"empece-a-ganar-mucho-dinero-y-en-un-momento-determinado-me-empezo-a-consumir","status":"publish","type":"post","link":"https:\/\/www.europesays.com\/es\/343894\/","title":{"rendered":"Empec\u00e9 a ganar mucho dinero y en un momento determinado me empez\u00f3 a consumir"},"content":{"rendered":"<p data-gtm-element-container=\"modulo-texto-link\" class=\"paragraph\">El dinero siempre ha sido el centro de la pol\u00e9mica en el f\u00fatbol. Son muchos los que no terminan de comprender las astron\u00f3micas cantidades de dinero que se mueven en fichajes y contratos y que, muchas veces, no son capaces de asumir ciertos jugadores, que acaban perdiendo la cabeza.\u00a0<\/p>\n<p data-gtm-element-container=\"modulo-texto-link\" class=\"paragraph\">M\u00e1s en la actualidad, en la que las estrellas son cada vez m\u00e1s j\u00f3venes y se convierten en absolutos millonarios. Es algo que ya han advertido muchas veces ciertos futbolistas y el \u00faltimo en tratar el asunto ha sido <strong>Augusto Fern\u00e1ndez <\/strong>en el podcast Offsiders.\u00a0<\/p>\n<p data-gtm-element-container=\"modulo-texto-link\" class=\"paragraph\">El argentino, que arranc\u00f3 la carrera pronto en las filas de <strong>River Plate<\/strong>, tuvo que saber gestionar el manejar tanto dinero tan pronto. No tuvo un paso sencillo por la cantera del club, en el que vivi\u00f3 durante su ni\u00f1ez. <strong>\u00abCrec\u00ed en River, en una pensi\u00f3n para 36 ni\u00f1os con dos ba\u00f1os\u00bb<\/strong>, una situaci\u00f3n muy diferente a la actual. Pas\u00f3 por todo. \u00abEn un momento, en el 2.000, claudico. Lidiaba con un entrenador que no era lo que yo pensaba y fui un poquito v\u00edctima de las circunstancias\u00bb, relata Augusto Fern\u00e1ndez, que echaba de menos sus amigos y familia y al regresar a Pergamino y hablarlo con sus padres, encontr\u00f3 el apoyo.<\/p>\n<p data-gtm-element-container=\"modulo-texto-link\" class=\"paragraph\">\u00abMi padre era una persona con mucho temperamento, por momentos exigente conmigo en el f\u00fatbol, pero no lo suficiente como para ver a un hijo sufrir y que le diga &#8216;ves igual&#8217;. Para mi fue un alivio muy grande en ese momento\u00bb, cuenta <strong>Augusto<\/strong>, que fue cedido un a\u00f1o por River y al siguiente regres\u00f3 para no marcharse nunca.\u00a0<\/p>\n<p data-gtm-element-container=\"modulo-texto-link\" class=\"paragraph\">Su explosi\u00f3n fue mete\u00f3rica. Con 19 tuvo la oportunidad de debutar con el primer equipo pero una circunstancia inesperada se lo priv\u00f3, puesto que hac\u00eda uso de un inhalador con corticoides que hubiera dado positivo en el control. \u00abEstaba calentando en la banda cuando el m\u00e9dico me dijo que no pod\u00eda jugar. Yo le dije que me la jugaba, pero no me dejaron\u00bb, explica Augusto, que ya no volvi\u00f3 a salir del primer equipo y con Passarella recibi\u00f3 el contrato ya como jugador del primer equipo. <strong>\u00abTras un entrenamiento, me mandaron a firmar un nuevo contrato. Firmo y fue una locura, pas\u00e9 a cobrar 100 veces m\u00e1s. <\/strong>No lo pod\u00eda creer, no llam\u00e9 ni al representante de ese momento. Me cambi\u00f3 la vida. Pas\u00e9 a ganar much\u00edsimo dinero en un d\u00eda. Empec\u00e9 a manejar un volumen de dinero que no me entraba en mi cabeza\u00bb, arranca diciendo Augusto, que lleg\u00f3 a perder la cabeza.\u00a0<\/p>\n<p data-gtm-element-container=\"modulo-texto-link\" class=\"paragraph\"><strong>\u00abFue dif\u00edcil gestionar. Entra una confusi\u00f3n poco evitable. Yo ten\u00eda una buena familia conmigo, pero pas\u00e9 a ganar mucho dinero, a ser una persona p\u00fablica&#8230; en un club como River, que es lo m\u00e1ximo. En un determinado momento, no se cuando pas\u00f3, me empez\u00f3 a consumir, me empec\u00e9 a equivocar. Empiezas inconscientemente a mermar el rendimiento, por m\u00e1s que no lo quieras admitir. <\/strong>Tu gente, la que vale, te empieza&#8230; luego est\u00e1n los que se suben al barco divertido. Los que sufren a tu lado te dicen que te est\u00e1s equivocando\u00bb, aclara el ex del <strong>Celta de Vigo,<\/strong>\u00a0<strong>Atl\u00e9tico de Madrid y C\u00e1diz.\u00a0<\/strong><\/p>\n<p>                <img loading=\"lazy\" decoding=\"async\" data-full-src=\"https:\/\/www.mundodeportivo.com\/uploads\/2017\/11\/04\/60e7d63e75654.jpeg\" alt=\"Horizontal\" width=\"449\" height=\"254\" src=\"https:\/\/www.europesays.com\/es\/wp-content\/uploads\/2026\/01\/60e7d63e75654.jpeg\" class=\"lazy\"\/><\/p>\n<p class=\"caption-title \">Augusto Fern\u00e1ndez volvi\u00f3 a jugar con el Atl\u00e9tico de Madrid un a\u00f1o despu\u00e9s de su lesi\u00f3n.<\/p>\n<p>                    Terceros<\/p>\n<p data-gtm-element-container=\"modulo-texto-link\" class=\"paragraph\">Fue tal la situaci\u00f3n, que lleg\u00f3 incluso a los odios de Passarella, aun su entrenador, que lo confront\u00f3. \u00abEn un momento me saca, porque sab\u00eda todo, y me dec\u00eda &#8216;m\u00edrame&#8217;, yo temblaba. Se impone, tiene presencia sin quererlo. &#8216;Saliste anoche&#8217;, me dijo, y yo lo negaba. Por ah\u00ed, honestamente, no hab\u00eda hecho nada pero te dejaba el miedo en el cuerpo. Te quer\u00eda hablar y te quer\u00eda oler. &#8216;Te vieron por avenida libertador&#8217;, dec\u00eda. Me he equivocado pero supe escuchar a mi entorno para equilibrarme a tiempo\u00bb, expresa Augusto, antes de relatar su peor episodio. <strong>\u00abEn un entrenamiento Passarella me saca, me empieza a decir de todo delante de todos porque estaba ahogado.<\/strong> Y no hab\u00eda dormido bien porque me hab\u00eda comprado mi primer auto, tras hacer varias cosas por la familia con mi primer contrato. Ah\u00ed, que ya llevaba un tiempo en Primera, me compr\u00e9 el coche y estaba con la ansiedad de cogerlo. No pude dormir. Y Pasarela me saca y me expone delante del grupo\u00bb.<\/p>\n<p>    Lee tambi\u00e9n<\/p>\n<p data-gtm-element-container=\"modulo-texto-link\" class=\"paragraph\">No se qued\u00f3 callado Augusto, solo en primera instancia, pues luego fue a ver su t\u00e9cnico. \u00abMe acuerdo, ten\u00eda mi personalidad, sent\u00ed que all\u00ed delante me falt\u00f3 al respeto y golpeo la puerta de su vestuario para hablar con \u00e9l. Me cerr\u00f3 la puerta y yo se la abro. Nadie se le iba a plantar, pero le empiezo a explicar porque no dorm\u00ed y que me falt\u00f3 al respeto. Passarella me miraba de reojo y le digo que cuando me vuelva a poner, no me va a sacar m\u00e1s. Cerr\u00e9 la puerta y me fui. No me habl\u00f3 durante dos o tres semanas e iba desconvocado. Me estaba probando. De un momento para el otro me convoca y entr\u00f3 al vestuario y estaba de titular. Ya no sal\u00ed m\u00e1s, fue mi mejor a\u00f1o\u00bb, zanja Augusto.\u00a0<\/p>\n","protected":false},"excerpt":{"rendered":"El dinero siempre ha sido el centro de la pol\u00e9mica en el f\u00fatbol. Son muchos los que no&hellip;\n","protected":false},"author":2,"featured_media":343895,"comment_status":"","ping_status":"","sticky":false,"template":"","format":"standard","meta":{"footnotes":""},"categories":[268],"tags":[168,25,24,280,282,281,23,167],"class_list":{"0":"post-343894","1":"post","2":"type-post","3":"status-publish","4":"format-standard","5":"has-post-thumbnail","7":"category-futbol","8":"tag-deportes","9":"tag-es","10":"tag-espana","11":"tag-football","12":"tag-futbol","13":"tag-soccer","14":"tag-spain","15":"tag-sports"},"share_on_mastodon":{"url":"https:\/\/pubeurope.com\/@es\/115904576772419158","error":""},"_links":{"self":[{"href":"https:\/\/www.europesays.com\/es\/wp-json\/wp\/v2\/posts\/343894","targetHints":{"allow":["GET"]}}],"collection":[{"href":"https:\/\/www.europesays.com\/es\/wp-json\/wp\/v2\/posts"}],"about":[{"href":"https:\/\/www.europesays.com\/es\/wp-json\/wp\/v2\/types\/post"}],"author":[{"embeddable":true,"href":"https:\/\/www.europesays.com\/es\/wp-json\/wp\/v2\/users\/2"}],"replies":[{"embeddable":true,"href":"https:\/\/www.europesays.com\/es\/wp-json\/wp\/v2\/comments?post=343894"}],"version-history":[{"count":0,"href":"https:\/\/www.europesays.com\/es\/wp-json\/wp\/v2\/posts\/343894\/revisions"}],"wp:featuredmedia":[{"embeddable":true,"href":"https:\/\/www.europesays.com\/es\/wp-json\/wp\/v2\/media\/343895"}],"wp:attachment":[{"href":"https:\/\/www.europesays.com\/es\/wp-json\/wp\/v2\/media?parent=343894"}],"wp:term":[{"taxonomy":"category","embeddable":true,"href":"https:\/\/www.europesays.com\/es\/wp-json\/wp\/v2\/categories?post=343894"},{"taxonomy":"post_tag","embeddable":true,"href":"https:\/\/www.europesays.com\/es\/wp-json\/wp\/v2\/tags?post=343894"}],"curies":[{"name":"wp","href":"https:\/\/api.w.org\/{rel}","templated":true}]}}