{"id":343896,"date":"2026-01-16T11:37:09","date_gmt":"2026-01-16T11:37:09","guid":{"rendered":"https:\/\/www.europesays.com\/es\/343896\/"},"modified":"2026-01-16T11:37:09","modified_gmt":"2026-01-16T11:37:09","slug":"antonia-dellatte-arremete-en-la-revuelta-contra-alessandro-lecquio","status":"publish","type":"post","link":"https:\/\/www.europesays.com\/es\/343896\/","title":{"rendered":"Antonia Dell&#8217;Atte arremete en &#8216;La Revuelta&#8217; contra Alessandro Lecquio"},"content":{"rendered":"<p>\n        La invitada de &#8216;<a href=\"https:\/\/www.deia.eus\/tags\/la-revuelta\/\" title=\"La Revuelta\" target=\"_blank\" class=\"link copy\" rel=\"nofollow noopener\"><strong>La Revuelta<\/strong><\/a>&#8216; de este jueves, 15 de enero, fue <strong>la modelo, actriz y presentadora italiana Antonia Dell\u2019Atte<\/strong>, quien acud\u00eda al programa para anunciar el estreno de\u00a0&#8216;<strong>DecoMasters<\/strong>&#8216;, \u00abel nuevo\u00a0talent\u00a0de decoraci\u00f3n e interiorismo de RTVE en el que 10 parejas de famosos se embarcan en un desaf\u00edo ins\u00f3lito\u00bb.\n<\/p>\n<p>  <strong>Antonia Dell\u2019Atte <\/strong>anuncia en &#8216;La Revuelta&#8217; el estreno de\u00a0&#8216;<strong>DecoMasters<\/strong>&#8216;<\/p>\n<p class=\"article-body__text \">\n        \u00abUna mujer sin pelos en la lengua\u00a0y con una energ\u00eda desbordante e incontenible. Y, si no, que se lo pregunten a\u00a0<a href=\"https:\/\/www.deia.eus\/tags\/la-revuelta\/\" title=\"David Broncano\" target=\"_blank\" class=\"link copy\" rel=\"nofollow noopener\"><strong>David Broncano<\/strong><\/a>\u00a0tras su paso por\u00a0&#8216;La Revuelta&#8217;. Se ha convertido en<strong> un torrente de declaraciones y grandes titulares<\/strong> en torno a\u00a0su ex pareja Alessandro Lequio, un ataque frontal a varias <strong>periodistas del coraz\u00f3n<\/strong> y\u00a0un dardo hacia quienes fueron sus compa\u00f1eros\u00a0en el hist\u00f3rico programa\u00a0&#8216;<strong>Qu\u00e9 apostamos&#8217;<\/strong>.\n<\/p>\n<blockquote class=\"twitter-tweet\" data-lang=\"es\">\n<p lang=\"es\" dir=\"ltr\">Hablo por todos y creo que vamos a recordar durante mucho tiempo esta entrevista \ud83d\udea7<\/p>\n<p>Creo que ha quedado muy claro lo que ha venido a presentar, \u00bfno? Cero dudas<a href=\"https:\/\/twitter.com\/hashtag\/LaRevuelta?src=hash&amp;ref_src=twsrc%5Etfw\" rel=\"nofollow noopener\" target=\"_blank\">#LaRevuelta<\/a> <a href=\"https:\/\/twitter.com\/AtteDell?ref_src=twsrc%5Etfw\" rel=\"nofollow noopener\" target=\"_blank\">@AtteDell<\/a> <a href=\"https:\/\/t.co\/cESP62G7qu\" rel=\"nofollow\">pic.twitter.com\/cESP62G7qu<\/a><\/p>\n<p>\u2014 La Revuelta (@LaRevuelta_TVE) <a href=\"https:\/\/twitter.com\/LaRevuelta_TVE\/status\/2011926366980116775?ref_src=twsrc%5Etfw\" rel=\"nofollow noopener\" target=\"_blank\">15 de enero de 2026<\/a><\/p><\/blockquote>\n<p>  Antonia Dell&#8217;Atte carga en &#8216;La Revuelta&#8217; contra\u00a0periodistas y medios de comunicaci\u00f3n: \u00abSab\u00edan que\u00a0era un maltratador y le han re\u00eddo las gracias\u00bb<\/p>\n<p class=\"article-body__text \">\n        \u00ab<strong>M\u00e1s de 25 a\u00f1os<\/strong> ha durado el<strong> proceso judicial<\/strong> desde que<strong>\u00a0Antonia Dell\u2019Atte denunciara a <\/strong><a href=\"https:\/\/www.deia.eus\/tags\/alessandro-lequio\/\" title=\"Alessandro Lequio\" target=\"_blank\" class=\"link copy\" rel=\"nofollow noopener\"><strong>Alessandro Lequio<\/strong><\/a><strong> por malos tratos<\/strong>, y recientemente ha podido celebrar su <strong>despido como colaborador de un programa de televisi\u00f3n<\/strong>: &#8216;Esto es un llamamiento de justicia social, (\u2026) los maltratadores no deber\u00edan trabajar en televisi\u00f3n,\u00a0lo he conseguido'\u00bb, comenzaban relatando desde <a href=\"https:\/\/www.rtve.es\/\" title=\"RTVE\" rel=\"nofollow noopener\" target=\"_blank\" class=\"link copy\"><strong>RTVE<\/strong><\/a>.\n<\/p>\n<blockquote class=\"twitter-tweet\" data-lang=\"es\">\n<p lang=\"es\" dir=\"ltr\">Contra el maltrato<\/p>\n<p>Antonia Dell&#8217;Atte: \u00abEsto es un llamamiento de justicia social. He hecho una lucha contra las injusticias y para apoyar a las mujeres\u00bb<a href=\"https:\/\/twitter.com\/hashtag\/LaRevuelta?src=hash&amp;ref_src=twsrc%5Etfw\" rel=\"nofollow noopener\" target=\"_blank\">#LaRevuelta<\/a> <a href=\"https:\/\/twitter.com\/AtteDell?ref_src=twsrc%5Etfw\" rel=\"nofollow noopener\" target=\"_blank\">@AtteDell<\/a> <a href=\"https:\/\/t.co\/YD277Raewu\" rel=\"nofollow\">pic.twitter.com\/YD277Raewu<\/a><\/p>\n<p>\u2014 La Revuelta (@LaRevuelta_TVE) <a href=\"https:\/\/twitter.com\/LaRevuelta_TVE\/status\/2011913961034101067?ref_src=twsrc%5Etfw\" rel=\"nofollow noopener\" target=\"_blank\">15 de enero de 2026<\/a><\/p><\/blockquote>\n<p class=\"article-body__text \">\n        Desde &#8216;La Revuelta&#8217; continuaban as\u00ed explicando el testimonio de la modelo, actriz y presentadora italiana durante su intervenci\u00f3n en el programa: \u00abLa que fuera <strong>musa del dise\u00f1ador Giorgio Armani<\/strong> ha recordado que &#8216;<strong>durante mucho tiempo han dicho que ment\u00eda<\/strong>, ha habido una investigaci\u00f3n, me han cerrado todas las puertas&#8217;, acusando a periodistas y medios de comunicaci\u00f3n: &#8216;<strong>Sab\u00edan que\u00a0era un maltratador y le han re\u00eddo las gracias<\/strong>, le han tapado\u00a0y ahora tienen que caer&#8217;. En este sentido, ha se\u00f1alado con nombres y apellidos a<strong> Ana Rosa Quintana<\/strong>, de quien ha dicho que <strong>&#8216;durante 27 a\u00f1os ha blanqueado&#8217; a Lequio<\/strong>. &#8216;Me han destrozado la vida, quer\u00edan hundirme, me acusaban del delito de falsificar documentos, pero la justicia me ha dado la raz\u00f3n&#8217;, celebraba en\u00a0&#8216;La Revuelta'\u00bb.\n<\/p>\n<p>            <script async src=\"https:\/\/platform.twitter.com\/widgets.js\" charset=\"utf-8\"><\/script><\/p>\n","protected":false},"excerpt":{"rendered":"La invitada de &#8216;La Revuelta&#8216; de este jueves, 15 de enero, fue la modelo, actriz y presentadora italiana&hellip;\n","protected":false},"author":2,"featured_media":343897,"comment_status":"","ping_status":"","sticky":false,"template":"","format":"standard","meta":{"footnotes":""},"categories":[174],"tags":[15651,78092,33613,16360,255,50214,146,147,25,24,256,1783,15652,528,23],"class_list":{"0":"post-343896","1":"post","2":"type-post","3":"status-publish","4":"format-standard","5":"has-post-thumbnail","7":"category-famosos","8":"tag-alessandro","9":"tag-ana-rosa-quintana-lo-sabia","10":"tag-antonia","11":"tag-arremete","12":"tag-celebrities","13":"tag-dellatte","14":"tag-entertainment","15":"tag-entretenimiento","16":"tag-es","17":"tag-espana","18":"tag-famosos","19":"tag-la","20":"tag-lecquio","21":"tag-revuelta","22":"tag-spain"},"share_on_mastodon":{"url":"https:\/\/pubeurope.com\/@es\/115904580427253456","error":""},"_links":{"self":[{"href":"https:\/\/www.europesays.com\/es\/wp-json\/wp\/v2\/posts\/343896","targetHints":{"allow":["GET"]}}],"collection":[{"href":"https:\/\/www.europesays.com\/es\/wp-json\/wp\/v2\/posts"}],"about":[{"href":"https:\/\/www.europesays.com\/es\/wp-json\/wp\/v2\/types\/post"}],"author":[{"embeddable":true,"href":"https:\/\/www.europesays.com\/es\/wp-json\/wp\/v2\/users\/2"}],"replies":[{"embeddable":true,"href":"https:\/\/www.europesays.com\/es\/wp-json\/wp\/v2\/comments?post=343896"}],"version-history":[{"count":0,"href":"https:\/\/www.europesays.com\/es\/wp-json\/wp\/v2\/posts\/343896\/revisions"}],"wp:featuredmedia":[{"embeddable":true,"href":"https:\/\/www.europesays.com\/es\/wp-json\/wp\/v2\/media\/343897"}],"wp:attachment":[{"href":"https:\/\/www.europesays.com\/es\/wp-json\/wp\/v2\/media?parent=343896"}],"wp:term":[{"taxonomy":"category","embeddable":true,"href":"https:\/\/www.europesays.com\/es\/wp-json\/wp\/v2\/categories?post=343896"},{"taxonomy":"post_tag","embeddable":true,"href":"https:\/\/www.europesays.com\/es\/wp-json\/wp\/v2\/tags?post=343896"}],"curies":[{"name":"wp","href":"https:\/\/api.w.org\/{rel}","templated":true}]}}