{"id":34391,"date":"2025-08-08T18:34:17","date_gmt":"2025-08-08T18:34:17","guid":{"rendered":"https:\/\/www.europesays.com\/es\/34391\/"},"modified":"2025-08-08T18:34:17","modified_gmt":"2025-08-08T18:34:17","slug":"handball-tiro-federal-perdio-en-los-cuartos-del-nacional-c","status":"publish","type":"post","link":"https:\/\/www.europesays.com\/es\/34391\/","title":{"rendered":"Handball: Tiro Federal perdi\u00f3 en los cuartos del Nacional C"},"content":{"rendered":"<p>Tiro Federal cay\u00f3 por los cuartos de final del Torneo Nacional de Clubes Adultos \u201cC\u201d que se disputa en Chaco.<\/p>\n<p>Fue por 25 a 23 ante Asociaci\u00f3n Escolar Goethe Handball de Boulogne en lo que fue la \u00fanica derrota del aurivioleta en el certamen. Juan Pablo Jorge fue el m\u00e1ximo anotador en el bahiense con seis goles.<\/p>\n<p>El equipo bahiense, dirigido por Jos\u00e9 Sumay, hab\u00eda vencido el domingo 33-25 a Club Atl\u00e9tico Pellegrini (Salta), el lunes por 24-21 a Municipal Palazzo (Chubut) y el martes a IFES Handball (Neuqu\u00e9n) por 29 a 28.<\/p>\n<p>Ahora Tiro jugar\u00e1 para ordenarse del quinto al octavo lugar este viernes a las 14:30 horas ante Club A.G.Gimnasia.<\/p>\n<p>&#8211;\u00a0<strong>Plantel<\/strong>: Ram\u00edrez, Dimilo, R\u00edos Pelendir, Pavetto, Reckziegel, Antunes, Gamio, L\u00f3pez Guerra, J. P. Sumay, Vel\u00e1zquez, J. P. Jorge, Monaldi, Coppola y Legarreta.<br \/>&#8211;\u00a0<strong>Entrenadores<\/strong>: Jos\u00e9 Sumay y Walter S\u00e1nchez.<\/p>\n","protected":false},"excerpt":{"rendered":"Tiro Federal cay\u00f3 por los cuartos de final del Torneo Nacional de Clubes Adultos \u201cC\u201d que se disputa&hellip;\n","protected":false},"author":2,"featured_media":34392,"comment_status":"","ping_status":"","sticky":false,"template":"","format":"standard","meta":{"footnotes":""},"categories":[278],"tags":[376,17556,168,25,24,375,17557,23,167,17558],"class_list":{"0":"post-34391","1":"post","2":"type-post","3":"status-publish","4":"format-standard","5":"has-post-thumbnail","7":"category-balonmano","8":"tag-balonmano","9":"tag-chaco","10":"tag-deportes","11":"tag-es","12":"tag-espana","13":"tag-handball","14":"tag-nacional-c","15":"tag-spain","16":"tag-sports","17":"tag-tiro-federal"},"share_on_mastodon":{"url":"","error":""},"_links":{"self":[{"href":"https:\/\/www.europesays.com\/es\/wp-json\/wp\/v2\/posts\/34391","targetHints":{"allow":["GET"]}}],"collection":[{"href":"https:\/\/www.europesays.com\/es\/wp-json\/wp\/v2\/posts"}],"about":[{"href":"https:\/\/www.europesays.com\/es\/wp-json\/wp\/v2\/types\/post"}],"author":[{"embeddable":true,"href":"https:\/\/www.europesays.com\/es\/wp-json\/wp\/v2\/users\/2"}],"replies":[{"embeddable":true,"href":"https:\/\/www.europesays.com\/es\/wp-json\/wp\/v2\/comments?post=34391"}],"version-history":[{"count":0,"href":"https:\/\/www.europesays.com\/es\/wp-json\/wp\/v2\/posts\/34391\/revisions"}],"wp:featuredmedia":[{"embeddable":true,"href":"https:\/\/www.europesays.com\/es\/wp-json\/wp\/v2\/media\/34392"}],"wp:attachment":[{"href":"https:\/\/www.europesays.com\/es\/wp-json\/wp\/v2\/media?parent=34391"}],"wp:term":[{"taxonomy":"category","embeddable":true,"href":"https:\/\/www.europesays.com\/es\/wp-json\/wp\/v2\/categories?post=34391"},{"taxonomy":"post_tag","embeddable":true,"href":"https:\/\/www.europesays.com\/es\/wp-json\/wp\/v2\/tags?post=34391"}],"curies":[{"name":"wp","href":"https:\/\/api.w.org\/{rel}","templated":true}]}}