{"id":343916,"date":"2026-01-16T11:49:08","date_gmt":"2026-01-16T11:49:08","guid":{"rendered":"https:\/\/www.europesays.com\/es\/343916\/"},"modified":"2026-01-16T11:49:08","modified_gmt":"2026-01-16T11:49:08","slug":"los-extranjeros-se-consolidan-como-el-motor-del-empleo-tras-aportar-el-40-de-los-nuevos-afiliados-en-2025-economia-y-negocios","status":"publish","type":"post","link":"https:\/\/www.europesays.com\/es\/343916\/","title":{"rendered":"Los extranjeros se consolidan como el motor del empleo tras aportar el 40% de los nuevos afiliados en 2025 | Econom\u00eda y negocios"},"content":{"rendered":"<p class=\"loc\">Madrid<\/p>\n<p>La expansi\u00f3n del mercado laboral que estamos viendo en los \u00faltimos a\u00f1os tiene varias explicaciones, pero hay una fundamental: la presencia, cada vez mayor, de trabajadores for\u00e1neos.<\/p>\n<p>M\u00e1s informaci\u00f3n<\/p>\n<p>Las cifras as\u00ed lo demuestran. En 2025, el empleo extranjero concentr\u00f3 el 40% del crecimiento de la afiliaci\u00f3n y por tercer a\u00f1o consecutivo la Seguridad Social sum\u00f3 m\u00e1s de 200.000 cotizantes procedentes de otros pa\u00edses. El a\u00f1o pasado fueron 204.659.<\/p>\n<p>Para Elma Saiz, la ministra encargada del \u00e1rea, el balance de 2025 demuestra que \u00abla aportaci\u00f3n de las personas extranjeras es estructural y decisiva para el crecimiento del empleo, la sostenibilidad del sistema de pensiones y la prosperidad compartida de nuestro pa\u00eds\u00bb.<\/p>\n<p>Espa\u00f1a cuenta con 3.085.477 trabajadores extranjeros que representan al 14,12% del total de afiliados. En ocho autonom\u00edas, se supera ese porcentaje con Baleares a la cabeza donde uno de cada cinco cotizantes vienen de fuera.<\/p>\n<p>Otra cifra que pone en valor el desempe\u00f1o de estas personas es que, desde diciembre de 2019, la afiliaci\u00f3n de trabajadores extranjeros ha crecido un 45%.<\/p>\n<p>Marruecos es el pa\u00eds del que procede el mayor n\u00famero de trabajadores afiliados a la Seguridad Social, con 373.436 cotizantes, seguido de Ruman\u00eda (336.530) y Colombia (250.248).<\/p>\n<p>Sin embargo, es Venezuela el pa\u00eds que registra el mayor incremento de trabajadores extranjeros en los \u00faltimos doce meses con 215.735 afiliados, lo que supone un incremento del 23,2% desde diciembre de 2024.<\/p>\n<p>\u00bfEn qu\u00e9 trabajan los extranjeros?<\/p>\n<p>Quienes vienen de fuera se ocupan principalmente en el sector dom\u00e9stico y en el agrario. En 42% de las altas registradas en el R\u00e9gimen Especial del Hogar corresponden a extranjeros, en el caso del agrario es el 37%. Le siguen la hosteler\u00eda y la construcci\u00f3n.<\/p>\n<p>Entre los aut\u00f3nomos extranjeros la cosa cambia. Vemos un avance significativo de la afiliaci\u00f3n en las profesiones de alta valor a\u00f1adido; es el caso de sectores como la informaci\u00f3n y comunicaci\u00f3n donde se registra un incremento del 25,94% en tan solo un a\u00f1o, otro ejemplo lo encontramos en las actividades cient\u00edficas y t\u00e9cnicas que avanzan un 19,24%.<\/p>\n","protected":false},"excerpt":{"rendered":"Madrid La expansi\u00f3n del mercado laboral que estamos viendo en los \u00faltimos a\u00f1os tiene varias explicaciones, pero hay&hellip;\n","protected":false},"author":2,"featured_media":343917,"comment_status":"","ping_status":"","sticky":false,"template":"","format":"standard","meta":{"footnotes":""},"categories":[8],"tags":[17,18,25,24,13,14,11,78093,19,20,9,10,15,16,23,12,21,22],"class_list":{"0":"post-343916","1":"post","2":"type-post","3":"status-publish","4":"format-standard","5":"has-post-thumbnail","7":"category-espana","8":"tag-breaking-news","9":"tag-breakingnews","10":"tag-es","11":"tag-espana","12":"tag-featured-news","13":"tag-featurednews","14":"tag-headlines","15":"tag-housekeepers","16":"tag-latest-news","17":"tag-latestnews","18":"tag-news","19":"tag-noticias","20":"tag-noticias-destacadas","21":"tag-noticiasdestacadas","22":"tag-spain","23":"tag-titulares","24":"tag-ultimas-noticias","25":"tag-ultimasnoticias"},"share_on_mastodon":{"url":"https:\/\/pubeurope.com\/@es\/115904627643229707","error":""},"_links":{"self":[{"href":"https:\/\/www.europesays.com\/es\/wp-json\/wp\/v2\/posts\/343916","targetHints":{"allow":["GET"]}}],"collection":[{"href":"https:\/\/www.europesays.com\/es\/wp-json\/wp\/v2\/posts"}],"about":[{"href":"https:\/\/www.europesays.com\/es\/wp-json\/wp\/v2\/types\/post"}],"author":[{"embeddable":true,"href":"https:\/\/www.europesays.com\/es\/wp-json\/wp\/v2\/users\/2"}],"replies":[{"embeddable":true,"href":"https:\/\/www.europesays.com\/es\/wp-json\/wp\/v2\/comments?post=343916"}],"version-history":[{"count":0,"href":"https:\/\/www.europesays.com\/es\/wp-json\/wp\/v2\/posts\/343916\/revisions"}],"wp:featuredmedia":[{"embeddable":true,"href":"https:\/\/www.europesays.com\/es\/wp-json\/wp\/v2\/media\/343917"}],"wp:attachment":[{"href":"https:\/\/www.europesays.com\/es\/wp-json\/wp\/v2\/media?parent=343916"}],"wp:term":[{"taxonomy":"category","embeddable":true,"href":"https:\/\/www.europesays.com\/es\/wp-json\/wp\/v2\/categories?post=343916"},{"taxonomy":"post_tag","embeddable":true,"href":"https:\/\/www.europesays.com\/es\/wp-json\/wp\/v2\/tags?post=343916"}],"curies":[{"name":"wp","href":"https:\/\/api.w.org\/{rel}","templated":true}]}}