{"id":343918,"date":"2026-01-16T11:50:20","date_gmt":"2026-01-16T11:50:20","guid":{"rendered":"https:\/\/www.europesays.com\/es\/343918\/"},"modified":"2026-01-16T11:50:20","modified_gmt":"2026-01-16T11:50:20","slug":"defensa-mantiene-operativas-sus-comunicaciones-hasta-la-sustitucion-del-spainsat-ng-ii","status":"publish","type":"post","link":"https:\/\/www.europesays.com\/es\/343918\/","title":{"rendered":"Defensa mantiene operativas sus comunicaciones hasta la sustituci\u00f3n del SPAINSAT-NG II"},"content":{"rendered":"<p>\t\t\t\t\t\t16\/01\/2026<br \/>\n\t\t\t\t\t\t<a href=\"https:\/\/twitter.com\/Defensagob\" title=\"Twitter\" rel=\"nofollow noopener\" target=\"_blank\"><img decoding=\"async\" src=\"https:\/\/www.europesays.com\/es\/wp-content\/uploads\/2025\/07\/siguenosTwitter1.png\" alt=\"Twitter\"\/> <\/a><\/p>\n<p>\n\t\t\t\t\t\t\t<strong>El sistema actual garantiza la cobertura hasta la puesta en marcha de un nuevo sat\u00e9lite<\/strong>\n\t\t\t\t\t\t<\/p>\n<p>Hisdesat, en coordinaci\u00f3n con el Ministerio de Defensa, ha puesto en marcha el proceso de solicitud de ofertas para el sat\u00e9lite SPAINSAT NG III, destinado a sustituir al SPAINSAT NG II, una vez constatado que los da\u00f1os provocados por el impacto de una part\u00edcula espacial impiden a este \u00faltimo cumplir la misi\u00f3n asignada.<\/p>\n<p>Hasta que el nuevo sat\u00e9lite no sea una realidad, la cobertura de comunicaciones est\u00e1 asegurada gracias a la combinaci\u00f3n de las capacidades del sistema SPAINSAT-NG, actualmente en servicio, y del sat\u00e9lite SPAINSAT, que contin\u00faa plenamente operativo.<\/p>\n<p>Esta configuraci\u00f3n garantiza en todo momento la continuidad de las comunicaciones del Ministerio de Defensa y el normal desarrollo de las operaciones de las Fuerzas Armadas, sin que se haya producido afectaci\u00f3n alguna a los servicios prestados.<\/p>\n<p>El Programa SATCOM-SPAINSAT NG constituye uno de los pilares fundamentales de la modernizaci\u00f3n de las comunicaciones por sat\u00e9lite de las Fuerzas Armadas. Su objetivo es sustituir progresivamente a los sistemas actuales SPAINSAT y XTAR-EUR por una nueva generaci\u00f3n de sat\u00e9lites m\u00e1s avanzados, seguros y resilientes, capaces de operar en las bandas X, Ka y UHF.<\/p>\n<p>El Ministerio de Defensa continuar\u00e1 trabajando de forma coordinada con Hisdesat en el marco del programa, para reforzar la resiliencia del sistema y asegurar la continuidad a largo plazo de las capacidades nacionales de comunicaciones por sat\u00e9lite, consideradas esenciales para la seguridad y la defensa.<\/p>\n<p>\t\t\t\t<script async src=\"https:\/\/platform.twitter.com\/widgets.js\" charset=\"utf-8\"><\/script><\/p>\n","protected":false},"excerpt":{"rendered":"16\/01\/2026 El sistema actual garantiza la cobertura hasta la puesta en marcha de un nuevo sat\u00e9lite Hisdesat, en&hellip;\n","protected":false},"author":2,"featured_media":2463,"comment_status":"","ping_status":"","sticky":false,"template":"","format":"standard","meta":{"footnotes":""},"categories":[5],"tags":[17,18,1616,2591,25,2586,24,2593,13,14,2588,2589,2590,2587,11,19,20,2592,2585,2584,9,10,15,16,23,12,21,22],"class_list":{"0":"post-343918","1":"post","2":"type-post","3":"status-publish","4":"format-standard","5":"has-post-thumbnail","7":"category-titulares","8":"tag-breaking-news","9":"tag-breakingnews","10":"tag-defensa","11":"tag-ejrcito-espaol","12":"tag-es","13":"tag-espaa","14":"tag-espana","15":"tag-fas","16":"tag-featured-news","17":"tag-featurednews","18":"tag-ffaa","19":"tag-fuerzas-armadas","20":"tag-fuerzas-armadas-profesionales","21":"tag-gobierno-de-espaa","22":"tag-headlines","23":"tag-latest-news","24":"tag-latestnews","25":"tag-mde","26":"tag-ministerio-de-defensa","27":"tag-ministerio-defensa","28":"tag-news","29":"tag-noticias","30":"tag-noticias-destacadas","31":"tag-noticiasdestacadas","32":"tag-spain","33":"tag-titulares","34":"tag-ultimas-noticias","35":"tag-ultimasnoticias"},"share_on_mastodon":{"url":"https:\/\/pubeurope.com\/@es\/115904631450413993","error":""},"_links":{"self":[{"href":"https:\/\/www.europesays.com\/es\/wp-json\/wp\/v2\/posts\/343918","targetHints":{"allow":["GET"]}}],"collection":[{"href":"https:\/\/www.europesays.com\/es\/wp-json\/wp\/v2\/posts"}],"about":[{"href":"https:\/\/www.europesays.com\/es\/wp-json\/wp\/v2\/types\/post"}],"author":[{"embeddable":true,"href":"https:\/\/www.europesays.com\/es\/wp-json\/wp\/v2\/users\/2"}],"replies":[{"embeddable":true,"href":"https:\/\/www.europesays.com\/es\/wp-json\/wp\/v2\/comments?post=343918"}],"version-history":[{"count":0,"href":"https:\/\/www.europesays.com\/es\/wp-json\/wp\/v2\/posts\/343918\/revisions"}],"wp:featuredmedia":[{"embeddable":true,"href":"https:\/\/www.europesays.com\/es\/wp-json\/wp\/v2\/media\/2463"}],"wp:attachment":[{"href":"https:\/\/www.europesays.com\/es\/wp-json\/wp\/v2\/media?parent=343918"}],"wp:term":[{"taxonomy":"category","embeddable":true,"href":"https:\/\/www.europesays.com\/es\/wp-json\/wp\/v2\/categories?post=343918"},{"taxonomy":"post_tag","embeddable":true,"href":"https:\/\/www.europesays.com\/es\/wp-json\/wp\/v2\/tags?post=343918"}],"curies":[{"name":"wp","href":"https:\/\/api.w.org\/{rel}","templated":true}]}}