{"id":343919,"date":"2026-01-16T11:55:07","date_gmt":"2026-01-16T11:55:07","guid":{"rendered":"https:\/\/www.europesays.com\/es\/343919\/"},"modified":"2026-01-16T11:55:07","modified_gmt":"2026-01-16T11:55:07","slug":"federer-regresa-a-lo-grande-gana-a-ruud-en-un-tie-break-a-sus-44-anos","status":"publish","type":"post","link":"https:\/\/www.europesays.com\/es\/343919\/","title":{"rendered":"Federer regresa a lo grande: gana a Ruud en un tie-break a sus 44 a\u00f1os"},"content":{"rendered":"<p class=\"\"><b>El regreso de Roger Federer al Open de Australia<\/b> casi seis a\u00f1os despu\u00e9s de su \u00faltima participaci\u00f3n en Melbourne ha generado mucha expectaci\u00f3n antes de que el suizo, campe\u00f3n de 20 Grand Slam, participe este s\u00e1bado en una exhibici\u00f3n junto a otras grandes figuras del tenis como Lleyton Hewitt, Patrick Rafter o Andr\u00e9 Agassi.<\/p>\n<p class=\"\">Sin embargo <b>Federer demostr\u00f3 este viernes que, a sus 44 a\u00f1os y tres a\u00f1os despu\u00e9s de colgar la raqueta, a\u00fan podr\u00eda estar incluso para jugar a nivel profesional ya que el suizo disput\u00f3 un tie-break ante el noruego Casper Ruud<\/b> en un desempate en el que Federer se impuso por 7-2 ante un Rod Laver Arena que volvi\u00f3 a alucinar con la magia de \u2018Su Majestad\u2019.<\/p>\n<p class=\"\">Un tie-break que comenz\u00f3 con bola a la red de Federer antes de que el suizo empezase a sacar a pasear su excelso rev\u00e9s a una mano para cerrar con un smash y poner el 1-1 y lograr un gran saque para adelantarse por 2-1. <b>Federer volvi\u00f3 a hacer de las suyas con un rev\u00e9s cortado para superar a Ruud con un golpe cruzado y poner el 3-1.<\/b> Un error de Ruud le permiti\u00f3 al suizo situarse con 4-1 antes de que la cinta impidiese que entrase un rev\u00e9s paralelo de Federer, lo que hizo que Ruud recortase distancias con el 4-2.<\/p>\n<p class=\"\"><b>Federer sigui\u00f3 ampliando su ventaja con un saque directo para el 5-2 y logr\u00f3 un incre\u00edble resto paralelo con su rev\u00e9s a una mano para lograr el 6-2 <\/b>ante un Rod Laver Arena que alucinaba con el nivel de juego del suizo. Federer cerr\u00f3 el tie-break con un golpe de Ruud que se march\u00f3 fuera para imponerse por 7-2 y demostrar que, a sus 44 a\u00f1os, a\u00fan mantiene la clase como uno de los mejores tenistas de la historia.<\/p>\n<p class=\"\">Un Ruud que, pese a la derrota, no dud\u00f3 en presumir de este buen entrenamiento con Federer, con quien se hizo una foto con el comentario: <b>\u201cEl mejor compa\u00f1ero de entrenamientos en mucho tiempo\u201d, <\/b>afirm\u00f3 el noruego, que pudo ver c\u00f3mo Roger Federer mantiene su alto nivel de tenis pese a retirarse hace tres a\u00f1os como profesional.<\/p>\n<p>Noticias relacionadas<\/p>\n<p class=\"\"><b>\u00a1Tus opiniones importan!<\/b> Comenta en los art\u00edculos y suscr\u00edbete gratis a nuestra <a href=\"https:\/\/asfan.as.com\/newsletters\/\" target=\"_blank\" rel=\"nofollow noopener\" title=\"https:\/\/asfan.as.com\/newsletters\/\">newsletter<\/a> y a las alertas informativas en la <a href=\"https:\/\/as.com\/aplicacion-de-as-n\/\" target=\"_blank\" rel=\"nofollow noopener\" title=\"https:\/\/as.com\/aplicacion-de-as-n\/\">App<\/a> o el canal de <a href=\"https:\/\/www.whatsapp.com\/channel\/0029VaAasdA7j6g745nz9M10\" target=\"_blank\" rel=\"nofollow noopener\" title=\"https:\/\/www.whatsapp.com\/channel\/0029VaAasdA7j6g745nz9M10\">WhatsApp<\/a>.<\/p>\n<p class=\"\">\u00bfBuscas licenciar contenido? Haz clic <a href=\"https:\/\/profesional.elpais.com\/soluciones-sindicacion?utm_medium=interno&amp;utm_source=crosslinking&amp;utm_campaign=sindicacion_as_pie_articulos\" target=\"_blank\" rel=\"nofollow noopener\" title=\"https:\/\/profesional.elpais.com\/soluciones-sindicacion?utm_medium=interno&amp;utm_source=crosslinking&amp;utm_campaign=sindicacion_as_pie_articulos\">aqu\u00ed<\/a><\/p>\n","protected":false},"excerpt":{"rendered":"El regreso de Roger Federer al Open de Australia casi seis a\u00f1os despu\u00e9s de su \u00faltima participaci\u00f3n en&hellip;\n","protected":false},"author":2,"featured_media":343920,"comment_status":"","ping_status":"","sticky":false,"template":"","format":"standard","meta":{"footnotes":""},"categories":[274],"tags":[168,25,24,23,167,327,326],"class_list":{"0":"post-343919","1":"post","2":"type-post","3":"status-publish","4":"format-standard","5":"has-post-thumbnail","7":"category-tenis","8":"tag-deportes","9":"tag-es","10":"tag-espana","11":"tag-spain","12":"tag-sports","13":"tag-tenis","14":"tag-tennis"},"share_on_mastodon":{"url":"https:\/\/pubeurope.com\/@es\/115904651146317276","error":""},"_links":{"self":[{"href":"https:\/\/www.europesays.com\/es\/wp-json\/wp\/v2\/posts\/343919","targetHints":{"allow":["GET"]}}],"collection":[{"href":"https:\/\/www.europesays.com\/es\/wp-json\/wp\/v2\/posts"}],"about":[{"href":"https:\/\/www.europesays.com\/es\/wp-json\/wp\/v2\/types\/post"}],"author":[{"embeddable":true,"href":"https:\/\/www.europesays.com\/es\/wp-json\/wp\/v2\/users\/2"}],"replies":[{"embeddable":true,"href":"https:\/\/www.europesays.com\/es\/wp-json\/wp\/v2\/comments?post=343919"}],"version-history":[{"count":0,"href":"https:\/\/www.europesays.com\/es\/wp-json\/wp\/v2\/posts\/343919\/revisions"}],"wp:featuredmedia":[{"embeddable":true,"href":"https:\/\/www.europesays.com\/es\/wp-json\/wp\/v2\/media\/343920"}],"wp:attachment":[{"href":"https:\/\/www.europesays.com\/es\/wp-json\/wp\/v2\/media?parent=343919"}],"wp:term":[{"taxonomy":"category","embeddable":true,"href":"https:\/\/www.europesays.com\/es\/wp-json\/wp\/v2\/categories?post=343919"},{"taxonomy":"post_tag","embeddable":true,"href":"https:\/\/www.europesays.com\/es\/wp-json\/wp\/v2\/tags?post=343919"}],"curies":[{"name":"wp","href":"https:\/\/api.w.org\/{rel}","templated":true}]}}