{"id":343921,"date":"2026-01-16T11:56:10","date_gmt":"2026-01-16T11:56:10","guid":{"rendered":"https:\/\/www.europesays.com\/es\/343921\/"},"modified":"2026-01-16T11:56:10","modified_gmt":"2026-01-16T11:56:10","slug":"el-gran-premio-castellon-ruta-de-la-ceramica-2026-reunira-a-la-elite-del-ciclismo-mundial-en-onda-esciclismo-com","status":"publish","type":"post","link":"https:\/\/www.europesays.com\/es\/343921\/","title":{"rendered":"El Gran Premio Castell\u00f3n-Ruta de la Cer\u00e1mica 2026 reunir\u00e1 a la \u00e9lite del ciclismo mundial en Onda &#8211; EsCiclismo.com"},"content":{"rendered":"<ol>\n<li><a href=\"https:\/\/news.google.com\/rss\/articles\/CBMiakFVX3lxTFBDX1BQQmdSbU14MVpvN2szYzFzZTVYbThEV25ZLVJ0MHRnREdOZGs4Y1BXWjJfUzFlUnREZmp4dTBGT0t2aWZhS1dnWUphaEdSWFNmWlpqWHhWTm1TMEQyTlhtUjZ6Vlo3cEE?oc=5\" target=\"_blank\" rel=\"nofollow noopener\">El Gran Premio Castell\u00f3n-Ruta de la Cer\u00e1mica 2026 reunir\u00e1 a la \u00e9lite del ciclismo mundial en Onda<\/a>&nbsp;&nbsp;EsCiclismo.com<\/li>\n<li><a href=\"https:\/\/news.google.com\/rss\/articles\/CBMi6AFBVV95cUxNanExNFl4NVh5dDdtWm9BREh1NnJTQVNQT2w4dnlKLXQzZFpGWlVFMGxlay0tZi1qcFh1VWxXcU54U1l4ZzhEcjUtdTRfTG1IQXhWR3E5YWFfeUVTZWc4TU5jbk1mb3FaLUg4bDltak45M2IyWTROcTQ1VVBHSF8xTmYxa3RXZDZzUkJiZ0JtaFFKYmJpRjlPRWwtUzVEVTVtUXBIczhwZm1Ud3JxakRDdGRvWVU2RzJ1NGVoVjdTV1ZnbGtBOTJURUp0WG9RdkMwTkVtS0RoWU5vQUNvd0oxRjJVYmczcEVo0gH8AUFVX3lxTE1KYlB2MTNxblRlMEVyLWVUa1N0M1JTcHNvVDVkMWVGempIWkxqY0hYZlY3bk1GOG0ybS0xLWZOTW16YnQ4MVpZMksyZXBPNFFKaDVGRGRaeVRVYl9qZTZSR3E5VEZINmhRVjU1b0VlVXkxREpZX0IxQW9xQTh5cElseUlsT1V1cmgyMnNOZ2x5UnQwaF9WRHhtUFpPc3hjb1lwMnduVUlveUtmUDFnSjVrZmlhdDJpYkxtTHZ1X3BISE54VHMtMTkyX2RVaC1zRlc0Y1ViNHRFTnhtNG82b1JnY2dqVnlpRE13Z2JBUEdPVkRMVFFQZUJCdkk2VA?oc=5\" target=\"_blank\" rel=\"nofollow noopener\">Onda da el pistoletazo de salida al III Gran Premio Castell\u00f3n \u2013 Ruta de la Cer\u00e1mica: un \u201cMundial\u201d en miniatura<\/a>&nbsp;&nbsp;Diario AS<\/li>\n<li><a href=\"https:\/\/news.google.com\/rss\/articles\/CBMi9wFBVV95cUxOTXR5Rk0xdC1kTnU3NlZRalB3ZjF0cVBtYWVOYTF3ZTBSQ1hfSFI0dGlqSFlJS01SLW9BRjB3bGZGb0UzNUpjLVRVX3RmYm5Wd2ZWdE1ZNUY2eF9tdjFPVnduWkxSZHg2NHQzT1JPYW5HQWItVm9QNHozdEgybkV1ZHh2Njh5MUlzN25BR3NIc2V0ck5QalRhVVE1QmItVnFZQ05XYnI1TzJaSF8xLU5OS3JMeUFaZ3lKNy1hQUwtcnBfSm1xbFpESFNPWmowb1YyRV9rYWNVNHFyckpkSlV6dEtyMFg5WGU1YmNLUHA1bGZ2a3dKVFBF?oc=5\" target=\"_blank\" rel=\"nofollow noopener\">El Gran Premio Castell\u00f3n abrir\u00e1 la temporada ciclista nacional con \u00abgran responsabilidad y orgullo\u00bb<\/a>&nbsp;&nbsp;Europa Press<\/li>\n<li><a href=\"https:\/\/news.google.com\/rss\/articles\/CBMiV0FVX3lxTE1HaDBIenZZaFhacDIzb2JDeGVwRm11aGFQTEo3V1dYVTBlU0k2UWZPM0dfWk1Oc1VwTzI4VW51TXd6M3YwWlQ3Z01EU29MeHZvbm8tclc1NA?oc=5\" target=\"_blank\" rel=\"nofollow noopener\">De la cer\u00e1mica al ciclismo: Onda, final de una prueba que proyecta Castell\u00f3n al mundo<\/a>&nbsp;&nbsp;Ayuntamiento Onda<\/li>\n<li><a href=\"https:\/\/news.google.com\/rss\/articles\/CBMihAJBVV95cUxOVzVXTzdBLUhPZEdUYkhCcmF1UF9tRGtEODFieWVpdlNIOVZGTjVTRmUxSF9YZVd4TjJweloybDBuUHZUeWxuNVFDT1NLOVdUWjFvcndqV1pRNEUzRFh4QW83RHUzLTgxWjRNYWNBVG0tNVJxaDFnTDY5SXlHemJiT3YxZjU3S1VZWmFvQUVVc0FwbU9Nb0hzOFhFSlBUUE1qRVJmSkxhUlpvYTEwTXhRM0t1ZGFvaDhHbTVHOC1NRkV5SlZIRU1GSlAwMnVTUzVOR2J1dFZ1ZWlwaVZ2ckstU2dKc2d1Q0UzeHVsTkRBQnBiZlNYWVFwNnpuLUZwX01HVnRTMNIBhAJBVV95cUxNMUhvSC1BcUdQMTlfdjdJVG5Pc01oV1R4Zkx2enhGWmRVT1dPcE1oUE12Q2xuTC12Q1Nza0p0a0xSTTZTOHRLWHI1RmR0dkJiYkN1Z096R0lmb0c2enhreV9oOTIwdzMxWGp3M3J1ZmRlRlphOFlySGtlVlpIUU8wRzkwU3BWUHRSbk1KV2xnU0cwbzh6Q3E1QjFBbmxkaU1TamRDbE9XVlZoSkRRR3gyNVAwbzJINmdiblFTdVpiNzlDaHp0V0pueHZtWmM5eE8wUmRVU3ltdHVwYWJTR0hIclYtbVd5aEd2dTh6NVBWYU5obWRUa0NXUXRKVFMycHJqOURpNQ?oc=5\" target=\"_blank\" rel=\"nofollow noopener\">Onda da el pistoletazo de salida al III Gran Premio Castell\u00f3n \u2013 Ruta de la Cer\u00e1mica<\/a>&nbsp;&nbsp;Onda Cero Radio<\/li>\n<\/ol>\n","protected":false},"excerpt":{"rendered":"El Gran Premio Castell\u00f3n-Ruta de la Cer\u00e1mica 2026 reunir\u00e1 a la \u00e9lite del ciclismo mundial en Onda&nbsp;&nbsp;EsCiclismo.com Onda&hellip;\n","protected":false},"author":2,"featured_media":343922,"comment_status":"","ping_status":"","sticky":false,"template":"","format":"standard","meta":{"footnotes":""},"categories":[273],"tags":[2231,29184,78094,3965,6122,313,2838,7716,777,8111,312,168,2197,1155,17936,25,24,3956,13056,61,16250,1783,19102,2676,289,3144,28082,843,2682,2436,3444,13527,2236,23,167,2393,15177,16743],"class_list":{"0":"post-343921","1":"post","2":"type-post","3":"status-publish","4":"format-standard","5":"has-post-thumbnail","7":"category-ciclismo","8":"tag-acogera","9":"tag-autoridades","10":"tag-campaneta","11":"tag-castellon","12":"tag-ceramica","13":"tag-ciclismo","14":"tag-ciclistas","15":"tag-cita","16":"tag-ciudad","17":"tag-consolida","18":"tag-cycling","19":"tag-deportes","20":"tag-edicion","21":"tag-edificio","22":"tag-enero","23":"tag-es","24":"tag-espana","25":"tag-gran","26":"tag-h","27":"tag-internacional","28":"tag-invierno","29":"tag-la","30":"tag-locales","31":"tag-lugar","32":"tag-oficial","33":"tag-onda","34":"tag-patrocinadores","35":"tag-premio","36":"tag-presencia","37":"tag-presentacion","38":"tag-proximo","39":"tag-referente","40":"tag-ruta","41":"tag-spain","42":"tag-sports","43":"tag-tercera","44":"tag-tuvo","45":"tag-un"},"share_on_mastodon":{"url":"https:\/\/pubeurope.com\/@es\/115904655089854760","error":""},"_links":{"self":[{"href":"https:\/\/www.europesays.com\/es\/wp-json\/wp\/v2\/posts\/343921","targetHints":{"allow":["GET"]}}],"collection":[{"href":"https:\/\/www.europesays.com\/es\/wp-json\/wp\/v2\/posts"}],"about":[{"href":"https:\/\/www.europesays.com\/es\/wp-json\/wp\/v2\/types\/post"}],"author":[{"embeddable":true,"href":"https:\/\/www.europesays.com\/es\/wp-json\/wp\/v2\/users\/2"}],"replies":[{"embeddable":true,"href":"https:\/\/www.europesays.com\/es\/wp-json\/wp\/v2\/comments?post=343921"}],"version-history":[{"count":0,"href":"https:\/\/www.europesays.com\/es\/wp-json\/wp\/v2\/posts\/343921\/revisions"}],"wp:featuredmedia":[{"embeddable":true,"href":"https:\/\/www.europesays.com\/es\/wp-json\/wp\/v2\/media\/343922"}],"wp:attachment":[{"href":"https:\/\/www.europesays.com\/es\/wp-json\/wp\/v2\/media?parent=343921"}],"wp:term":[{"taxonomy":"category","embeddable":true,"href":"https:\/\/www.europesays.com\/es\/wp-json\/wp\/v2\/categories?post=343921"},{"taxonomy":"post_tag","embeddable":true,"href":"https:\/\/www.europesays.com\/es\/wp-json\/wp\/v2\/tags?post=343921"}],"curies":[{"name":"wp","href":"https:\/\/api.w.org\/{rel}","templated":true}]}}