{"id":343957,"date":"2026-01-16T12:24:10","date_gmt":"2026-01-16T12:24:10","guid":{"rendered":"https:\/\/www.europesays.com\/es\/343957\/"},"modified":"2026-01-16T12:24:10","modified_gmt":"2026-01-16T12:24:10","slug":"oportunidad-para-lo-celso-en-pleno-mercado-para-respaldar-la-intencion-comunicada-al-betis","status":"publish","type":"post","link":"https:\/\/www.europesays.com\/es\/343957\/","title":{"rendered":"Oportunidad para Lo Celso en pleno mercado para respaldar la intenci\u00f3n comunicada al Betis"},"content":{"rendered":"<p>El rosarino, en el centro de las especulaciones sobre su salida, ha dejado claro sus intenciones al Betis y este s\u00e1bado tiene la ocasi\u00f3n de reivindicarse en funci\u00f3n de su extraordinaria estad\u00edstica contra el Villarreal <\/p>\n<p class=\"parrafo\"><strong>Giovani Lo Celso no atraviesa por su mejor momento en el Betis <\/strong>y su protagonismo actual no responde precisamente a su peso en el equipo de Pellegrini, sino a las especulaciones sobre su posible salida en enero por su ausencia de continuidad y la opci\u00f3n de hacer caja, lo que <strong>en Heli\u00f3polis tampoco se ve con malos ojos <\/strong>a la par que se librar\u00eda de una de las fichas m\u00e1s altas del plantel.<\/p>\n<p class=\"parrafo\">Pretendientes no le faltan y la direcci\u00f3n deportiva incluso ha ojeado el mercado por si acaso, como demuestra <a href=\"https:\/\/www.estadiodeportivo.com\/futbol\/betis\/vinculan-betis-con-sebastian-szymanski-por-celso-marcha-pero-argentino-agarra-escudo-con-compromiso-del-primer-dia-20260115-526744.html\" target=\"_blank\" class=\"intext-link\" rel=\"nofollow noopener\"><strong>la vinculaci\u00f3n de Sebastian Szymanski<\/strong>, <strong>mediapunta del Fenerbah\u00e7e<\/strong><\/a><strong>,<\/strong> si bien <strong>el rosarino no est\u00e1 por labor de abandonar La Palmera <\/strong>a d\u00eda de hoy con el Mundial a la vuelta de la esquina. De hecho, recientemente, ya evidenci\u00f3 su compromiso e intenciones en redes sociales.<\/p>\n<p>Lo Celso ha transmitido al club su deseo de no moverse en enero <\/p>\n<p class=\"parrafo\">\u00abCon el de hoy ya son 101 partidos defendiendo esta camiseta. <strong>Un orgullo enorme defender este escudo. Con la misma ilusi\u00f3n y el mismo compromiso del primer d\u00eda<\/strong>. Agradecido por el apoyo y cari\u00f1o de siempre. Seguimos a por m\u00e1s. Todos Juntos. Lo mejor est\u00e1 por venir. \u00a1&#8217;Musho&#8217; Betis hoy y siempre!\u00bb, apunt\u00f3 el futbolista, que ya ha conversado con el club sobre su futuro inmediato y, seg\u00fan ABC, <strong>le ha transmitido su deseo de no moverse en esta ventana <\/strong>independientemente de que el Betis haya llegado a valorarlo seriamente.<\/p>\n<p><a class=\"elementos-rel-t2\" href=\"https:\/\/www.estadiodeportivo.com\/futbol\/betis\/celso-queda-zanja-cualquier-debate-mejor-esta-por-venir-20260110-526221.html\" title=\"Lo Celso se queda y zanja cualquier debate: &quot;Lo mejor est\u00e1 por venir&quot;\" rel=\"nofollow noopener\" target=\"_blank\"><\/p>\n<p class=\"titular titulo-4\">Lo Celso se queda y zanja cualquier debate: \u00abLo mejor est\u00e1 por venir\u00bb<\/p>\n<p><img decoding=\"async\" src=\"https:\/\/www.europesays.com\/es\/wp-content\/uploads\/2026\/01\/5570ea4d-3bf4-4237-81c4-31dd9ea07d2d_320x180.jpeg\" alt=\"Lo Celso se queda y zanja cualquier debate: &quot;Lo mejor est\u00e1 por venir&quot;\"\/><\/a><a class=\"elementos-rel-t2\" href=\"https:\/\/www.estadiodeportivo.com\/futbol\/betis\/puntos-uno-uno-del-betis-partido-laliga-contra-oviedo-celso-levanta-voz-con-cucho-antony-como-coro-20260110-526164.html\" title=\"Puntos uno a uno del Betis en el partido de LaLiga contra el Oviedo: Lo Celso levanta la voz con Cucho y Antony como coro \" rel=\"nofollow noopener\" target=\"_blank\"><\/p>\n<p class=\"titular titulo-4\">Puntos uno a uno del Betis en el partido de LaLiga contra el Oviedo: Lo Celso levanta la voz con Cucho y Antony como coro <\/p>\n<p><img decoding=\"async\" src=\"https:\/\/www.europesays.com\/es\/wp-content\/uploads\/2026\/01\/d9beb870-d81c-4cc6-97d7-d26ef5886986_320x180.jpeg\" alt=\"Puntos uno a uno del Betis en el partido de LaLiga contra el Oviedo: Lo Celso levanta la voz con Cucho y Antony como coro \"\/><\/a><\/p>\n<p class=\"parrafo\">Lo Celso, con el respaldo de Pellegrini, de momento m\u00e1s por palabras que por hechos,<strong> est\u00e1 convencido de que revertir\u00e1 la situaci\u00f3n <\/strong>de cara a no caerse de la lista de Argentina para el Mundial y <strong>este s\u00e1bado puede disponer de una gran oportunidad ante el Villarreal<\/strong>. De hecho, a priori, se erige en <strong>una ocasi\u00f3n pintiparada para reivindicarse <\/strong>ante un beticismo que le dedic\u00f3 alg\u00fan silbido cuando entr\u00f3 en el campo en la segunda parte de la cita copera ante el Elche.<\/p>\n<p>El Villarreal, la v\u00edctima favorita de Lo Celso con una estad\u00edstica espectacular <\/p>\n<p class=\"parrafo\">Lo Celso ha perdido predicamento entre la afici\u00f3n y la importante cita contra los castellonenses es una v\u00eda potencial para recuperarlo, pues <strong>hist\u00f3ricamente al argentino se le ha dado muy bien el que fuera su exequipo. <\/strong>De hecho, se trata de <strong>su v\u00edctima preferida durante su carrera<\/strong>, lo que se refleja en que <strong>ha marcado cuatro goles en cinco partidos ante los amarillos.<\/strong><\/p>\n<p class=\"parrafo\">Est\u00e1 por ver si despu\u00e9s de haber sido el salvador contra el Oviedo en su regreso al once y suplente en Copa <strong>Pellegrini lo devuelve a la titularidad <\/strong>a tenor de sus n\u00fameros para ofrecerle la oportunidad de reivindicarse y recuperar el pleno cari\u00f1o de la afici\u00f3n.<\/p>\n<p><img decoding=\"async\" src=\"https:\/\/www.europesays.com\/es\/wp-content\/uploads\/2026\/01\/8043f383-bd5d-47b2-872b-29ab41088c5e_800x1000.jpeg\" loading=\"lazy\"\/><\/p>\n<p class=\"parrafo\">As\u00ed la cosas, <strong>en la temporada 18\/19 le marc\u00f3 tres goles<\/strong>, dos en casa en el 2-1, <strong>y el cuarto lo anot\u00f3 el curso pasado <\/strong>en La Cer\u00e1mica en la victoria por 1-2 de los verdiblancos. Tambi\u00e9n le ha marcado cuatro tantos al Espanyol, pero en ocho encuentros.<\/p>\n","protected":false},"excerpt":{"rendered":"El rosarino, en el centro de las especulaciones sobre su salida, ha dejado claro sus intenciones al Betis&hellip;\n","protected":false},"author":2,"featured_media":343958,"comment_status":"","ping_status":"","sticky":false,"template":"","format":"standard","meta":{"footnotes":""},"categories":[268],"tags":[168,25,24,284,280,282,41329,286,281,23,167],"class_list":{"0":"post-343957","1":"post","2":"type-post","3":"status-publish","4":"format-standard","5":"has-post-thumbnail","7":"category-futbol","8":"tag-deportes","9":"tag-es","10":"tag-espana","11":"tag-estadio-deportivo","12":"tag-football","13":"tag-futbol","14":"tag-lo-celso","15":"tag-real-betis-balompie","16":"tag-soccer","17":"tag-spain","18":"tag-sports"},"share_on_mastodon":{"url":"https:\/\/pubeurope.com\/@es\/115904765296813390","error":""},"_links":{"self":[{"href":"https:\/\/www.europesays.com\/es\/wp-json\/wp\/v2\/posts\/343957","targetHints":{"allow":["GET"]}}],"collection":[{"href":"https:\/\/www.europesays.com\/es\/wp-json\/wp\/v2\/posts"}],"about":[{"href":"https:\/\/www.europesays.com\/es\/wp-json\/wp\/v2\/types\/post"}],"author":[{"embeddable":true,"href":"https:\/\/www.europesays.com\/es\/wp-json\/wp\/v2\/users\/2"}],"replies":[{"embeddable":true,"href":"https:\/\/www.europesays.com\/es\/wp-json\/wp\/v2\/comments?post=343957"}],"version-history":[{"count":0,"href":"https:\/\/www.europesays.com\/es\/wp-json\/wp\/v2\/posts\/343957\/revisions"}],"wp:featuredmedia":[{"embeddable":true,"href":"https:\/\/www.europesays.com\/es\/wp-json\/wp\/v2\/media\/343958"}],"wp:attachment":[{"href":"https:\/\/www.europesays.com\/es\/wp-json\/wp\/v2\/media?parent=343957"}],"wp:term":[{"taxonomy":"category","embeddable":true,"href":"https:\/\/www.europesays.com\/es\/wp-json\/wp\/v2\/categories?post=343957"},{"taxonomy":"post_tag","embeddable":true,"href":"https:\/\/www.europesays.com\/es\/wp-json\/wp\/v2\/tags?post=343957"}],"curies":[{"name":"wp","href":"https:\/\/api.w.org\/{rel}","templated":true}]}}