{"id":343961,"date":"2026-01-16T12:26:10","date_gmt":"2026-01-16T12:26:10","guid":{"rendered":"https:\/\/www.europesays.com\/es\/343961\/"},"modified":"2026-01-16T12:26:10","modified_gmt":"2026-01-16T12:26:10","slug":"el-jardin-artistico-de-gabriel-ventura-en-la-galeria-mayoral","status":"publish","type":"post","link":"https:\/\/www.europesays.com\/es\/343961\/","title":{"rendered":"El jard\u00edn art\u00edstico de Gabriel Ventura en la galer\u00eda Mayoral"},"content":{"rendered":"<p data-gtm-element-container=\"modulo-texto-link\" class=\"paragraph\">\u201cCon esta exposici\u00f3n colectiva quer\u00edamos recuperar una idea muy mironiana, la de estar al lado del poeta. Una figura que nos abre puertas y nos sorprende\u201d, desvela Jordi Mayoral durante la inauguraci\u00f3n de Transnarc\u00eds en su galer\u00eda de Consell de Cent. Es martes por la tarde y creadores, alumnos de escuelas de arte, diletantes y alg\u00fan curioso llamado por el jolgorio que alcanza la calle pasean desordenadamente por el espacio. No hay un recorrido que seguir, ni carteles que desvelen los autores de las obras. Los visitantes fijan su mirada aqu\u00ed y all\u00e1, exentos de grilletes, mientras el d\u00fao barcelon\u00e9s Ciutat se ocupa de la banda sonora. \u201cLa idea era crear un paseo de flores, con una mirada libre, donde poder dejarse llevar y descubrir de una forma m\u00e1s inocente y po\u00e9tica\u201d, sigue Mayoral, que ha confiado el comisariado de la muestra a Gabriel Ventura.<\/p>\n<p data-gtm-element-container=\"modulo-texto-link\" class=\"paragraph\">La transversalidad del poeta de Granollers, cuyo trabajo se expande hacia disciplinas como la performance o el cine, encajaba a la perfecci\u00f3n con la misi\u00f3n de la Mayoral, y fue invitado a trabajar con su fondo. Ventura ha seleccionado m\u00e1s de veinte obras de actitud transgresora y que exploran la idea de traves\u00eda sensorial y mental. Algunas pertenecen a sonados nombres de las vanguardias del siglo XX, como Salvador Dal\u00ed y Joan Mir\u00f3, y otras a figuras m\u00e1s contempor\u00e1neas, como <a href=\"https:\/\/www.lavanguardia.com\/qf\/artes\/20250523\/10706743\/arte-florece-jardin-vertical-gotico.html\" target=\"_blank\" rel=\"nofollow noopener\">Rosa Tharrats<\/a>, Jos\u00e9 Luis Barquero, <a href=\"https:\/\/www.lavanguardia.com\/cultura\/culturas\/20220924\/8537131\/expansion-marria-pratts.html\" target=\"_blank\" rel=\"nofollow noopener\">Marria Pratts<\/a> o Sergio Roger. \u201cPero todas ellas presentan el mismo esp\u00edritu. Un esp\u00edritu que comparten con el \u00e1lbum Transnarc\u00eds, de<a href=\"https:\/\/www.lavanguardia.com\/cultura\/20170819\/43637639793\/pau-riba-hippy-catalanismo-taxista.html\" target=\"_blank\" rel=\"nofollow noopener\"> Pau Riba<\/a>, que da nombre a la exposici\u00f3n\u201d, se\u00f1ala Ventura. Este libro-disco-objeto tambi\u00e9n forma parte de la muestra, que se podr\u00e1 ver gratuitamente hasta el 14 de marzo.<\/p>\n<p>Jordi Mayoral explica que \u201cesta no es una exposici\u00f3n estructurada o cient\u00edfica, sino m\u00e1s bien literaria\u201d<\/p>\n<p data-gtm-element-container=\"modulo-texto-link\" class=\"paragraph\">\u201cRiba concibi\u00f3 Transnarc\u00eds como una obra de teatro. Despu\u00e9s se convirti\u00f3 en un disco narrativo, que se public\u00f3 en formato libro, y gener\u00f3 una serie de perfumes a partir de sus canciones. Esa mutaci\u00f3n constante es lo que refleja la exposici\u00f3n\u201d, cuenta el poeta.<\/p>\n<p data-gtm-element-container=\"modulo-texto-link\" class=\"paragraph\">Nada m\u00e1s entrar en la galer\u00eda, una de las voluptuosas y coloridas figuras femeninas de la francesa Niki de Saint Phalle recibe al visitante. Justo al lado, Barking Dogs, del estadounidense <a href=\"https:\/\/www.lavanguardia.com\/cultura\/20210529\/7487913\/unico-mural-keith-haring-resiste-barcelona-enfrenta-futuro-incierto.html\" target=\"_blank\" rel=\"nofollow noopener\">Keith Haring<\/a>, viste la pared, y si se contin\u00faa explorando, florecen en distintas salas el visceral trabajo de Jos\u00e9 Luis Barquero, los dibujosa l\u00e1piz del gran Fernando Botero, las formas sensuales y colores seductores de <a href=\"https:\/\/www.lavanguardia.com\/cultura\/20240703\/9779429\/activismo-vaginas-mari-chorda-macba-exposicion.html\" target=\"_blank\" rel=\"nofollow noopener\">Mari Chord\u00e0<\/a>, la bell\u00edsima Espagnole de Francis Picabia\u2026 \u201cPicabia era pintor, pero tambi\u00e9n editor de revistas, poeta\u2026 Rosa Tharrats pasa de lo escult\u00f3rico a lo textil, como Carolina Caycedo\u2026 Ejemplifican transformaci\u00f3n y tr\u00e1nsito\u201d.<\/p>\n<p>                <img loading=\"lazy\" decoding=\"async\" data-full-src=\"https:\/\/www.lavanguardia.com\/uploads\/2026\/01\/15\/6968cb076152a.jpeg\" alt=\"Transnarc\u00eds\" width=\"449\" height=\"299\" src=\"https:\/\/www.europesays.com\/es\/wp-content\/uploads\/2026\/01\/6968cb076152a.jpeg\" class=\"lazy\"\/><\/p>\n<p class=\"caption-title \">\u2018Les baigneurs (The Bathers)\u2019, de\u00a0Niki de Saint Phalle<\/p>\n<p>                    Nacho Vera<\/p>\n<p>                <img loading=\"lazy\" decoding=\"async\" data-full-src=\"https:\/\/www.lavanguardia.com\/uploads\/2026\/01\/15\/6968cb06719d2.jpeg\" alt=\"Transnarc\u00eds\" width=\"449\" height=\"299\" src=\"https:\/\/www.europesays.com\/es\/wp-content\/uploads\/2026\/01\/6968cb06719d2.jpeg\" class=\"lazy\"\/><\/p>\n<p class=\"caption-title \">Inauguraci\u00f3n de \u2018Transnarc\u00eds\u2019, el pasado martes en la Mayoral<\/p>\n<p>                    Nacho Vera<\/p>\n<p data-gtm-element-container=\"modulo-texto-link\" class=\"paragraph\">De esa hambre de cambio y libertad brota la decisi\u00f3n de no rotular las obras. \u201cTransnarc\u00eds busca que una pieza lleve a la otra, por las formas, la m\u00fasica, la propia obra. La gente reconocer\u00e1 el trazo de Mir\u00f3 o de Dal\u00ed, y tambi\u00e9n el de artistas contempor\u00e1neos\u201d, se\u00f1ala el poeta. \u201cNo es una exposici\u00f3n estructurada o cient\u00edfica, sino m\u00e1s bien literaria. Y recoge una mirada transversal de la cultura\u201d, termina Mayoral.<\/p>\n","protected":false},"excerpt":{"rendered":"\u201cCon esta exposici\u00f3n colectiva quer\u00edamos recuperar una idea muy mironiana, la de estar al lado del poeta. Una&hellip;\n","protected":false},"author":2,"featured_media":343962,"comment_status":"","ping_status":"","sticky":false,"template":"","format":"standard","meta":{"footnotes":""},"categories":[173],"tags":[229,233,231,230,232,234,146,147,25,24,23],"class_list":{"0":"post-343961","1":"post","2":"type-post","3":"status-publish","4":"format-standard","5":"has-post-thumbnail","7":"category-arte-y-diseno","8":"tag-arte","9":"tag-arte-y-diseno","10":"tag-arts","11":"tag-arts-and-design","12":"tag-design","13":"tag-diseno","14":"tag-entertainment","15":"tag-entretenimiento","16":"tag-es","17":"tag-espana","18":"tag-spain"},"share_on_mastodon":{"url":"https:\/\/pubeurope.com\/@es\/115904773059040435","error":""},"_links":{"self":[{"href":"https:\/\/www.europesays.com\/es\/wp-json\/wp\/v2\/posts\/343961","targetHints":{"allow":["GET"]}}],"collection":[{"href":"https:\/\/www.europesays.com\/es\/wp-json\/wp\/v2\/posts"}],"about":[{"href":"https:\/\/www.europesays.com\/es\/wp-json\/wp\/v2\/types\/post"}],"author":[{"embeddable":true,"href":"https:\/\/www.europesays.com\/es\/wp-json\/wp\/v2\/users\/2"}],"replies":[{"embeddable":true,"href":"https:\/\/www.europesays.com\/es\/wp-json\/wp\/v2\/comments?post=343961"}],"version-history":[{"count":0,"href":"https:\/\/www.europesays.com\/es\/wp-json\/wp\/v2\/posts\/343961\/revisions"}],"wp:featuredmedia":[{"embeddable":true,"href":"https:\/\/www.europesays.com\/es\/wp-json\/wp\/v2\/media\/343962"}],"wp:attachment":[{"href":"https:\/\/www.europesays.com\/es\/wp-json\/wp\/v2\/media?parent=343961"}],"wp:term":[{"taxonomy":"category","embeddable":true,"href":"https:\/\/www.europesays.com\/es\/wp-json\/wp\/v2\/categories?post=343961"},{"taxonomy":"post_tag","embeddable":true,"href":"https:\/\/www.europesays.com\/es\/wp-json\/wp\/v2\/tags?post=343961"}],"curies":[{"name":"wp","href":"https:\/\/api.w.org\/{rel}","templated":true}]}}