{"id":344020,"date":"2026-01-16T13:10:08","date_gmt":"2026-01-16T13:10:08","guid":{"rendered":"https:\/\/www.europesays.com\/es\/344020\/"},"modified":"2026-01-16T13:10:08","modified_gmt":"2026-01-16T13:10:08","slug":"la-exnutricionista-vasca-del-real-madrid-tenia-que-atender-a-escondidas-a-los-jugadores-en-el-parking","status":"publish","type":"post","link":"https:\/\/www.europesays.com\/es\/344020\/","title":{"rendered":"La exnutricionista vasca del Real Madrid: \u00abTen\u00eda que atender a escondidas a los jugadores en el parking\u00bb"},"content":{"rendered":"<p>Itziar Gonz\u00e1lez, exnutricionista del Real Madrid, ha descrito su paso por el club blanco como un aut\u00e9ntico pozo que le ha dejado \u00abuna huella de  &#8230; maltrato\u00bb, seg\u00fan ha relatado en el programa Goazen Reala!, conducido por Maite Jim\u00e9nez e Iris Moreno. La experta en salud, despu\u00e9s de haber denunciado al club por haberle hecho \u00abvivir un infierno\u00bb, relata haber intentado trabajar en un ambiente laboral extremadamente hostil caracterizado por insultos, amenazas, pr\u00e1cticas machistas y denuncias internas falsas que buscaban forzar su salida del club. La irunesa define su experiencia diaria como \u00abuna sensaci\u00f3n de c\u00e1rcel\u00bb y un entorno t\u00f3xico donde incluso lleg\u00f3 a sufrir episodios de angustia y tristeza cada vez que ten\u00eda que entrar a las instalaciones del club blanco.<\/p>\n<p class=\"v-p\">Las dificultades para desempe\u00f1ar su labor t\u00e9cnica fueron constantes debido a lo que ella describe como \u00abun problema de ego por parte de los servicios m\u00e9dicos y otros empleados\u00bb. Como uno de los ejemplos que pone la nutricionista est\u00e1 el hecho de que le intentaron \u00abimponer suplementos de un patrocinador que consideraba perjudiciales para el rendimiento y la salud de los futbolistas, recibiendo incluso \u00bbamenazas de dicho patrocinador al negarme a administrarlos\u00ab.<\/p>\n<p class=\"v-p\">Adem\u00e1s, Gonz\u00e1lez denuncia obst\u00e1culos absurdos y discriminatorios, como la prohibici\u00f3n de pisar el c\u00e9sped de las instalaciones bajo el argumento de que es mujer, lo que dificultaba gravemente el seguimiento personalizado que los jugadores requer\u00edan para prevenir lesiones. \u00abAlgo que no entend\u00edan dentro del club es que los jugadores deben comer lo que les siente bien, no lo que les guste\u00bb, explica. Si bien se ha sorprendido por lo receptivos que eran los futbolistas pese a sus prejuicios iniciales de que quiz\u00e1 no le iban a hacer caso.<\/p>\n<p>\n\u00abEn los clubes no entienden que los futbolistas deben comer lo que les sienta bien, no lo que les gusta\u00bb\n<\/p>\n<p class=\"v-p\">Ante el aislamiento impuesto por la direcci\u00f3n y los servicios m\u00e9dicos, Gonz\u00e1lez tuvo que recurrir a m\u00e9todos poco convencionales para asegurar que los deportistas cumplieran con sus planes nutricionales. La experta relata que deb\u00eda abordar a los jugadores durante apenas dos minutos en el parking o revisar la basura para verificar si los botes de suplementaci\u00f3n estaban vac\u00edos. A pesar de que institucionalmente se le aseguraba que la plantilla la rechazaba, los jugadores mostraron su respaldo con un abrazo colectivo tras un par\u00f3n internacional, gesto que, seg\u00fan le informaron, molest\u00f3 profundamente a los servicios m\u00e9dicos y desencaden\u00f3 su prohibici\u00f3n definitiva de entrada a Valdebebas.<\/p>\n<p class=\"v-p\">Tambi\u00e9n relata haber recibido hasta \u00abtres denuncias falsas\u00bb cuya falsedad ya ha podido demostrar. \u00abTengo amenazas hasta por Whatsapp que no puedo detallar hasta que se celebre el juicio\u00bb, a\u00f1ade. Explica que su decisi\u00f3n de denunciar al Real Madrid le fue desaconsejada incluso por sus abogados, \u00abpero tengo que defender mi prestigio profesional y es la forma de que Florentino P\u00e9rez se entere de lo que ha ocurrido\u00bb.<\/p>\n<p>La salida de Xabi Alonso del Real Madrid<\/p>\n<p class=\"v-p\">Durante la charla, las periodistas le preguntan sobre la salida de Xabi Alonso del Real Madrid. Aunque Gonz\u00e1lez aclara que no conoce personalmente al exfutbolista, ya que no le llegaron a dejar trabajar con \u00e9l ni con su equipo m\u00e1s cercano, expresa que \u00abimagino que lo ha tenido que pasar mal,.. ya que haya podido trabajar m\u00e1s o menos, no lo s\u00e9, pero supongo que ha tenido que sufrir\u00bb.<\/p>\n<p class=\"v-p\">Vuelve a lo que considera que es \u00abuna lucha de egos\u00bb continua en el club blanco para hablar del ya exentrenador del club. \u00abNo parece tener ese perfil de tener un ego tan importante como para imponer las cosas, habr\u00e1 tomado decisiones dif\u00edciles y habr\u00e1 querido implantar sus decisiones y quiz\u00e1 eso no ha gustado mucho\u00bb.<\/p>\n<p class=\"v-p\">La nutricionista irunesa confiesa que no sigue el mundo del f\u00fatbol m\u00e1s all\u00e1 del rendimiento de sus pacientes, pero insiste en que la falta de respaldo y las din\u00e1micas internas del club hacen que la experiencia no sea la adecuada. En su caso personal, asegura que no desea repetir en el futuro trabajando para ning\u00fan otro equipo. \u00abAhora solo quiero paz mental y recuperarme, aunque creo que la huella del maltrato se va a quedar ah\u00ed siempre\u00bb, dice.<\/p>\n","protected":false},"excerpt":{"rendered":"Itziar Gonz\u00e1lez, exnutricionista del Real Madrid, ha descrito su paso por el club blanco como un aut\u00e9ntico pozo&hellip;\n","protected":false},"author":2,"featured_media":344021,"comment_status":"","ping_status":"","sticky":false,"template":"","format":"standard","meta":{"footnotes":""},"categories":[268],"tags":[39936,168,25,23865,24,78106,280,282,2713,205,31270,798,281,23,167,11777],"class_list":["post-344020","post","type-post","status-publish","format-standard","has-post-thumbnail","category-futbol","tag-atender","tag-deportes","tag-es","tag-escondidas","tag-espana","tag-exnutricionista","tag-football","tag-futbol","tag-jugadores","tag-madrid","tag-parking","tag-real","tag-soccer","tag-spain","tag-sports","tag-vasca"],"share_on_mastodon":{"url":"https:\/\/pubeurope.com\/@es\/115904946244861337","error":""},"_links":{"self":[{"href":"https:\/\/www.europesays.com\/es\/wp-json\/wp\/v2\/posts\/344020","targetHints":{"allow":["GET"]}}],"collection":[{"href":"https:\/\/www.europesays.com\/es\/wp-json\/wp\/v2\/posts"}],"about":[{"href":"https:\/\/www.europesays.com\/es\/wp-json\/wp\/v2\/types\/post"}],"author":[{"embeddable":true,"href":"https:\/\/www.europesays.com\/es\/wp-json\/wp\/v2\/users\/2"}],"replies":[{"embeddable":true,"href":"https:\/\/www.europesays.com\/es\/wp-json\/wp\/v2\/comments?post=344020"}],"version-history":[{"count":0,"href":"https:\/\/www.europesays.com\/es\/wp-json\/wp\/v2\/posts\/344020\/revisions"}],"wp:featuredmedia":[{"embeddable":true,"href":"https:\/\/www.europesays.com\/es\/wp-json\/wp\/v2\/media\/344021"}],"wp:attachment":[{"href":"https:\/\/www.europesays.com\/es\/wp-json\/wp\/v2\/media?parent=344020"}],"wp:term":[{"taxonomy":"category","embeddable":true,"href":"https:\/\/www.europesays.com\/es\/wp-json\/wp\/v2\/categories?post=344020"},{"taxonomy":"post_tag","embeddable":true,"href":"https:\/\/www.europesays.com\/es\/wp-json\/wp\/v2\/tags?post=344020"}],"curies":[{"name":"wp","href":"https:\/\/api.w.org\/{rel}","templated":true}]}}