{"id":344113,"date":"2026-01-16T14:20:09","date_gmt":"2026-01-16T14:20:09","guid":{"rendered":"https:\/\/www.europesays.com\/es\/344113\/"},"modified":"2026-01-16T14:20:09","modified_gmt":"2026-01-16T14:20:09","slug":"carlos-orozco-se-pronuncia-tras-renuncia-de-fatima-chavez-en-vivo-firmamos-un-acuerdo-hasta-diciembre-es-lamentable-fotos-espectaculos","status":"publish","type":"post","link":"https:\/\/www.europesays.com\/es\/344113\/","title":{"rendered":"Carlos Orozco se pronuncia tras renuncia de F\u00e1tima Ch\u00e1vez en vivo: \u201cFirmamos un acuerdo hasta diciembre. Es lamentable\u00bb | fotos | ESPECTACULOS"},"content":{"rendered":"<p itemprop=\"description\" class=\"story-contents__font-paragraph \"><b>Carlos Orozco,<\/b> l\u00edder de<b> La Roro Network<\/b>, se pronunci\u00f3 luego de la sorpresiva renuncia de <b>F\u00e1tima Ch\u00e1vez <\/b>a su espacio<b> Bendito Estado Fallido<\/b>, a tan solo ocho d\u00edas de haber estrenado el programa. <\/p>\n<p>Mira tambi\u00e9n:<\/p>\n<p><a itemprop=\"url\" href=\"https:\/\/trome.com\/espectaculos\/tv\/christian-cueva-colegio-de-sus-hijos-con-pamela-lopez-revela-falta-de-seguridad-de-los-menores-van-en-taxi-sin-compania-de-adultos-video-fotos-farandula-noticia\/\" rel=\"nofollow noopener\" target=\"_blank\"><img src=\"https:\/\/www.europesays.com\/es\/wp-content\/uploads\/2026\/01\/563NLCR6JZECNEGXTFFPXWBPKY.png\" alt=\"Colegio de los hijos de Cueva revela falta de seguridad de los menores: \u201cEsta situaci\u00f3n expone a los ni\u00f1os a riesgos\u201d\" decoding=\"async\" class=\"lazy story-content__link-list-image w-full h-full lazy\"\/><\/a><a itemprop=\"url\" href=\"https:\/\/trome.com\/espectaculos\/tv\/christian-cueva-colegio-de-sus-hijos-con-pamela-lopez-revela-falta-de-seguridad-de-los-menores-van-en-taxi-sin-compania-de-adultos-video-fotos-farandula-noticia\/\" rel=\"nofollow noopener\" target=\"_blank\">Colegio de los hijos de Cueva revela falta de seguridad de los menores: \u201cEsta situaci\u00f3n expone a los ni\u00f1os a riesgos\u201d<\/a><\/p>\n<p itemprop=\"description\" class=\"story-contents__font-paragraph \">Todo comenz\u00f3 la noche del \u00faltimo mi\u00e9rcoles, cuando la periodista us\u00f3 unos minutos de su programa para anunciar que estaba dando un paso al costado del proyecto de streaming. <\/p>\n<p itemprop=\"description\" class=\"story-contents__font-paragraph \">\u201cQuiero darles un mensaje bastante breve,<b> yo voy hasta hoy, a partir de ma\u00f1ana otra persona liderar\u00e1 probablemente el espacio. <\/b>Quiero agradecerles a todos ustedes, especialmente a los seguidores, a la comunidad, a este equipo maravilloso. Ha sido una experiencia breve pero bastante enriquecedora, as\u00ed que nos vamos a ver en una pr\u00f3xima oportunidad\u201d, coment\u00f3. <\/p>\n<p itemprop=\"description\" class=\"story-contents__font-paragraph \">Asimismo, la conductora asegur\u00f3 que su decisi\u00f3n solo responde a <b>decisiones personales y profesionales<\/b>. \u201cLos quiero mucho, gracias gente de Bendito Estado Fallido. Nos reencontramos pronto, gracias por tanto\u201d, concluy\u00f3<b> F\u00e1tima Ch\u00e1vez<\/b>. <\/p>\n<p><img loading=\"lazy\" src=\"https:\/\/www.europesays.com\/es\/wp-content\/uploads\/2026\/01\/6EOYAXDLFZG6VFZ26DNBVV66QY.png\" alt=\"Carlos Orozco habla de la salida de F\u00e1tima Ch\u00e1vez de La Roro Network\" decoding=\"async\" class=\"lazy story-contents__image w-full o-cover\" style=\"--aspect-ratio:882\/484\" width=\"882\" height=\"484\"\/><\/p>\n<p>Carlos Orozco habla de la salida de F\u00e1tima Ch\u00e1vez de La Roro Network<\/p>\n<p> <b>CARLOS OROZCO LAMENTA SALIDA DE F\u00c1TIMA CH\u00c1VEZ DE BEF<\/b><\/p>\n<p itemprop=\"description\" class=\"story-contents__font-paragraph \"><b>Carlos Orozco <\/b>tom\u00f3 varios minutos de su programa <b>Ouke <\/b>para comentar la salida de <b>F\u00e1tima Ch\u00e1vez de BEF.<\/b> En ese sentido, dijo que se sent\u00eda triste por la noticia y lament\u00f3 que se hayan hecho tantos esfuerzos econ\u00f3micos para traerla a La Roro Network para que poco despu\u00e9s renuncie. <\/p>\n<p itemprop=\"description\" class=\"story-contents__font-paragraph \">\u201cLamentable, es una noticia que me pone triste. <b>Yo no hice un acuerdo con F\u00e1tima por ocho d\u00edas, nosotros firmamos un acuerdo contractual hasta el final de diciembre de este a\u00f1o.<\/b> Conversamos varias veces y en el momento de la negociaci\u00f3n yo le propuse un proyecto, ella me hizo llegar sus pretenciones, negociamos, llegamos a un punto y se le contrat\u00f3 haciendo un gran esfuerzo. No fue una contrataci\u00f3n sencilla, tengan en cuenta que era traer un talento que estaba con contrato vigente el televisi\u00f3n. Hab\u00eda que convencerla de retirarse de ese trabajo donde hab\u00eda estado 10 a\u00f1os.<b> Econ\u00f3micamente para nosotros era un esfuerzo bastante importante<\/b>\u201d, dijo el comunicador. <\/p>\n<p itemprop=\"description\" class=\"story-contents__font-paragraph \">Adem\u00e1s, detall\u00f3 que cuando la periodista inici\u00f3 con su programa de streaming, muchos medios la contactaron para \u2018jal\u00e1rsela\u2019, aunque uno en especial le hizo finalmente una propuesta que no pudo rechazar. <\/p>\n<p><img loading=\"lazy\" src=\"https:\/\/www.europesays.com\/es\/wp-content\/uploads\/2026\/01\/JV4LOKS7NNHBTCT6N4A4AFY2SQ.png\" alt=\"F\u00e1tima Ch\u00e1vez en su \u00faltimo programa en La Roro Network\" decoding=\"async\" class=\"lazy story-contents__image w-full o-cover\" style=\"--aspect-ratio:676\/378\" width=\"676\" height=\"378\"\/><\/p>\n<p>F\u00e1tima Ch\u00e1vez en su \u00faltimo programa en La Roro Network<\/p>\n<p itemprop=\"description\" class=\"story-contents__font-paragraph \">\u201cEmpez\u00f3 a trabajar ac\u00e1 y la gente se entera que ya estaba libre de la televisi\u00f3n y la empiezan a llamar de diferentes medios, <b>uno de ellos, al que finalmente se ha ido, fue el m\u00e1s insistente. En su momento F\u00e1tima, entiendo yo, rechaz\u00f3 su propuesta pero este medio duplic\u00f3 sus esfuerzos, hizo una inversi\u00f3n mucho m\u00e1s generosa, al punto de exceder los l\u00edmites de este canal<\/b>\u201d, coment\u00f3. <\/p>\n<p itemprop=\"description\" class=\"story-contents__font-paragraph \">En ese sentido, destac\u00f3 que m\u00e1s personalidades est\u00e9n apostando por el streaming, como Mar\u00eda P\u00eda Copello, y se est\u00e9 librando una batalla por los talentos. <\/p>\n<p itemprop=\"description\" class=\"story-contents__font-paragraph \">\u201cHoy estamos viendo que sale un streaming como el de Mar\u00eda P\u00eda, la fortuna de la familia Dyer es la n\u00famero 15 del Per\u00fa, entonces si ella ma\u00f1ana quiere comprarse a todos los talentos, podr\u00eda hacerlo. Eso es un poco lo que sucedi\u00f3, buscaron a F\u00e1tima y le hicieron una propuesta mucho m\u00e1s importante de la que le hicimos ac\u00e1. <b>Me ha pedido F\u00e1tima que no mencione el medio pero regresa a un medio tradicional<\/b>\u201d, inform\u00f3 Carlos Orozco.<\/p>\n<p><img loading=\"lazy\" src=\"https:\/\/www.europesays.com\/es\/wp-content\/uploads\/2026\/01\/https:\/\/cdn.jwplayer.com\/v2\/media\/xWiRFpSQ\/poster.jpg\" alt=\"TROME - Carlos Orozco le responde a F\u00e1tima Ch\u00e1vez tras su renuncia a la Roro Network 2\" decoding=\"async\" id=\"image_xWiRFpSQ\" class=\"lazy \" style=\"width:100%\" width=\"580\" height=\"326\"\/>Carlos Orozco le responde a F\u00e1tima Ch\u00e1vez tras su renuncia a la Roro Network 2. Video: TikTok <a href=\"\"\/><\/p>\n<p itemprop=\"description\" class=\"story-contents__font-paragraph \">Adem\u00e1s, el l\u00edder de<b> La Roro Network <\/b>anunci\u00f3 que el programa de<b> F\u00e1tima Ch\u00e1vez <\/b>ya no iba m\u00e1s, porque no iba traer otro talento para reemplazarla. En ese sentido, lament\u00f3 que las personas de la producci\u00f3n se hayan quedado en el aire. <\/p>\n<p itemprop=\"description\" class=\"story-contents__font-paragraph \"><b>\u201cYo extend\u00ed mi mano para darle un nuevo giro a su carrera, si ella decide optar por regresar a un medio tradicional es su derecho. Yo no retengo ni obligo a quedarse a ning\u00fan talento. Para m\u00ed esto ha sido un dolor, una sorpresa\u201d,<\/b> acot\u00f3.<\/p>\n<p><b>MART\u00cdN RIEPL TAMBI\u00c9N SE VA DE LA RORO<\/b><\/p>\n<p itemprop=\"description\" class=\"story-contents__font-paragraph \"><b>Carlos Orozco<\/b> tambi\u00e9n anunci\u00f3 que el periodista <b>Mart\u00edn Riepl,<\/b> que estaba en<b> Veo Noticias<\/b>, tambi\u00e9n solo continuar\u00e1 hasta finales de enero. Seg\u00fan sus declaraciones, el comunicador se ir\u00eda nuevamente a un medio tradicional. <\/p>\n<p><b>F\u00c1TIMA CH\u00c1VEZ SE VA A LA TELE<\/b><\/p>\n<p itemprop=\"description\" class=\"story-contents__font-paragraph \">Un miembro de la producci\u00f3n del desaparecido <b>Bendito Estado Fallido <\/b>coment\u00f3 que le pidi\u00f3 a<b> F\u00e1tima Ch\u00e1vez <\/b>continuar hasta el viernes de esta semana pero ella se neg\u00f3 puesto que ya ten\u00eda compromisos pactados con su nuevo trabajo. <\/p>\n<p><b>TE PUEDE INTERESAR<\/b><\/p>\n","protected":false},"excerpt":{"rendered":"Carlos Orozco, l\u00edder de La Roro Network, se pronunci\u00f3 luego de la sorpresiva renuncia de F\u00e1tima Ch\u00e1vez a&hellip;\n","protected":false},"author":2,"featured_media":344114,"comment_status":"","ping_status":"","sticky":false,"template":"","format":"standard","meta":{"footnotes":""},"categories":[174],"tags":[78129,78126,255,146,147,25,24,256,78128,78127,23],"class_list":{"0":"post-344113","1":"post","2":"type-post","3":"status-publish","4":"format-standard","5":"has-post-thumbnail","7":"category-famosos","8":"tag-bef","9":"tag-carlos-orozco","10":"tag-celebrities","11":"tag-entertainment","12":"tag-entretenimiento","13":"tag-es","14":"tag-espana","15":"tag-famosos","16":"tag-fatima-chavez","17":"tag-la-roro-network","18":"tag-spain"},"share_on_mastodon":{"url":"https:\/\/pubeurope.com\/@es\/115905221526374771","error":""},"_links":{"self":[{"href":"https:\/\/www.europesays.com\/es\/wp-json\/wp\/v2\/posts\/344113","targetHints":{"allow":["GET"]}}],"collection":[{"href":"https:\/\/www.europesays.com\/es\/wp-json\/wp\/v2\/posts"}],"about":[{"href":"https:\/\/www.europesays.com\/es\/wp-json\/wp\/v2\/types\/post"}],"author":[{"embeddable":true,"href":"https:\/\/www.europesays.com\/es\/wp-json\/wp\/v2\/users\/2"}],"replies":[{"embeddable":true,"href":"https:\/\/www.europesays.com\/es\/wp-json\/wp\/v2\/comments?post=344113"}],"version-history":[{"count":0,"href":"https:\/\/www.europesays.com\/es\/wp-json\/wp\/v2\/posts\/344113\/revisions"}],"wp:featuredmedia":[{"embeddable":true,"href":"https:\/\/www.europesays.com\/es\/wp-json\/wp\/v2\/media\/344114"}],"wp:attachment":[{"href":"https:\/\/www.europesays.com\/es\/wp-json\/wp\/v2\/media?parent=344113"}],"wp:term":[{"taxonomy":"category","embeddable":true,"href":"https:\/\/www.europesays.com\/es\/wp-json\/wp\/v2\/categories?post=344113"},{"taxonomy":"post_tag","embeddable":true,"href":"https:\/\/www.europesays.com\/es\/wp-json\/wp\/v2\/tags?post=344113"}],"curies":[{"name":"wp","href":"https:\/\/api.w.org\/{rel}","templated":true}]}}