{"id":344120,"date":"2026-01-16T14:28:11","date_gmt":"2026-01-16T14:28:11","guid":{"rendered":"https:\/\/www.europesays.com\/es\/344120\/"},"modified":"2026-01-16T14:28:11","modified_gmt":"2026-01-16T14:28:11","slug":"jedet-y-andrea-se-imponen-en-la-ultima-etapa-y-se-proclaman-ganadoras-de-hasta-el-fin-del-mundo-tve","status":"publish","type":"post","link":"https:\/\/www.europesays.com\/es\/344120\/","title":{"rendered":"Jedet y Andrea se imponen en la \u00faltima etapa y se proclaman ganadoras de &#8216;Hasta el fin del mundo&#8217; (TVE)"},"content":{"rendered":"\n<p> Televisi\u00f3n Espa\u00f1ola echa el cierre a Hasta el fin del mundo con la proclamaci\u00f3n de su primera pareja de ganadores:<strong> Andrea y Jedet conquistan la \u00faltima etapa<\/strong>. Jos\u00e9 Lamu\u00f1o y Aldo casi lo consiguen, pero se han tenido que conformar con la medalla de subcampeones. <\/p>\n<p> Superar los obst\u00e1culos del camino entre las fronteras de Chile y Argentina, o cruzar el Estrecho de Magallanes ha puesto punto y final a los aventureros de Paula V\u00e1zquez. El espacio de Zeppelin TV cierra su dif\u00edcil periplo con famosos al otro lado del charco y <strong>tras recorrer m\u00e1s de 15.000 kil\u00f3metros hasta pisar Ushuaia (Argentina).<\/strong> <\/p>\n<p> En sexta posici\u00f3n lleg\u00f3 la pareja de Yolanda Ramos y su sobrina Ainhoa; en quito lugar, el d\u00fao de Cristina Cifuentes y Alba Carrillo; los cuartos, la pareja formada por Nia y J. Kabello; <strong>en tercer lugar han quedado el t\u00e1ndem de Roc\u00edo Carrasco y Anabel Due\u00f1as; Jos\u00e9 Lamu\u00f1o y Aldo fueron los segundos<\/strong> clasificados. <\/p>\n<p> Las seis parejas participantes echaron a andar en Costa Rica, pero <strong>solo pod\u00eda ganar una. Esa fue la compuesta por Jedet y Andrea<\/strong>, uno de los d\u00faos m\u00e1s competitivos y que en las \u00faltimas etapas impusieron su candidatura con fortaleza para liderar el juego. Han pasado dos meses, ocho pa\u00edses y sesenta d\u00edas. <\/p>\n<blockquote class=\"twitter-tweet\" data-media-max-width=\"560\">\n<p lang=\"es\" dir=\"ltr\">\ud83d\udea8 ALERTA SPOILER \ud83d\udea8<\/p>\n<p>Y la pareja ganadora de <a href=\"https:\/\/twitter.com\/hashtag\/HastaElFinDelMundo?src=hash&amp;ref_src=twsrc%5Etfw\" rel=\"nofollow noopener\" target=\"_blank\">#HastaElFinDelMundo<\/a> es\u2026 \ud83c\udfc6 <a href=\"https:\/\/twitter.com\/hashtag\/HastaLaFinal?src=hash&amp;ref_src=twsrc%5Etfw\" rel=\"nofollow noopener\" target=\"_blank\">#HastaLaFinal<\/a> <a href=\"https:\/\/t.co\/gp5PByP4TD\" rel=\"nofollow\">pic.twitter.com\/gp5PByP4TD<\/a><\/p>\n<p>\u2014 La 1 (@La1_tve) <a href=\"https:\/\/twitter.com\/La1_tve\/status\/2011965228330729916?ref_src=twsrc%5Etfw\" rel=\"nofollow noopener\" target=\"_blank\">January 16, 2026<\/a><\/p><\/blockquote>\n<p> \u00ab<strong>Estamos en shock, cansadas y emocionadas. Pero muy felices y orgullosas<\/strong> porque no nos lo esper\u00e1bamos. Ha sido muy guay\u00bb, han sido las primeras palabras de las ya ganadoras de la primera edici\u00f3n de este formato de aventura de la cadena p\u00fablica. <\/p>\n<p>              <img decoding=\"async\" class=\"inTextNews__img\" alt=\"Foto: jedet-hasta-el-fin-del-mundo-declaraciones-tve\" src=\"https:\/\/www.europesays.com\/es\/wp-content\/uploads\/2026\/01\/f.elconfidencial.com\/original\/355\/520\/633\/355520633cdea323c6fcea0fbd04fe55.jpg\"  \/>     <\/p>\n<p>TE PUEDE INTERESAR<\/p>\n<p>      <a class=\"inTextNews__title\" href=\"https:\/\/www.elconfidencial.com\/television\/programas-tv\/2025-12-23\/jedet-hasta-el-fin-del-mundo-declaraciones-tve_4274156\/\" onclick=\"window.ECCO.emit(&#039;amplitude&#039;, { dataEventName: &#039;click_related_article_module&#039;, data: { related_article_url: &#039;https:\/\/www.elconfidencial.com\/television\/programas-tv\/2025-12-23\/jedet-hasta-el-fin-del-mundo-declaraciones-tve_4274156\/&#039;, related_article_author: &#039;Alvaro Rold\u00e1n&#039;, related_article_section: &#039;programas-tv&#039; } })\" rel=\"nofollow noopener\" target=\"_blank\"> Jedet, concursante de &#8216;Hasta el fin del mundo&#8217; (TVE): \u00abEs un formato exigente, pero honesto. Muestra a las personas tal y como son\u00bb  <\/a>   <\/p>\n<p>    \u00c1lvaro Rold\u00e1n   <\/p>\n<p> \u00ab<strong>Esta victoria me ha demostrado que soy capaz de todo lo que me proponga en esta vida <\/strong>y me ha recordado de lo afortunada que soy de estar rodeada de amor\u00bb, dijo Jedet como despedida. Ella y su pareja fueron las primeras en liderar la etapa bautismal desde Costa Rica, adem\u00e1s de la novena y la m\u00e1s importante, la final. <\/p>\n<p> Televisi\u00f3n Espa\u00f1ola echa el cierre a Hasta el fin del mundo con la proclamaci\u00f3n de su primera pareja de ganadores:<strong> Andrea y Jedet conquistan la \u00faltima etapa<\/strong>. Jos\u00e9 Lamu\u00f1o y Aldo casi lo consiguen, pero se han tenido que conformar con la medalla de subcampeones. <\/p>\n<p>              <script async src=\"https:\/\/platform.twitter.com\/widgets.js\" charset=\"utf-8\"><\/script><\/p>\n","protected":false},"excerpt":{"rendered":"Televisi\u00f3n Espa\u00f1ola echa el cierre a Hasta el fin del mundo con la proclamaci\u00f3n de su primera pareja&hellip;\n","protected":false},"author":2,"featured_media":344121,"comment_status":"","ping_status":"","sticky":false,"template":"","format":"standard","meta":{"footnotes":""},"categories":[91],"tags":[146,147,25,24,23],"class_list":{"0":"post-344120","1":"post","2":"type-post","3":"status-publish","4":"format-standard","5":"has-post-thumbnail","7":"category-entretenimiento","8":"tag-entertainment","9":"tag-entretenimiento","10":"tag-es","11":"tag-espana","12":"tag-spain"},"share_on_mastodon":{"url":"https:\/\/pubeurope.com\/@es\/115905253204350884","error":""},"_links":{"self":[{"href":"https:\/\/www.europesays.com\/es\/wp-json\/wp\/v2\/posts\/344120","targetHints":{"allow":["GET"]}}],"collection":[{"href":"https:\/\/www.europesays.com\/es\/wp-json\/wp\/v2\/posts"}],"about":[{"href":"https:\/\/www.europesays.com\/es\/wp-json\/wp\/v2\/types\/post"}],"author":[{"embeddable":true,"href":"https:\/\/www.europesays.com\/es\/wp-json\/wp\/v2\/users\/2"}],"replies":[{"embeddable":true,"href":"https:\/\/www.europesays.com\/es\/wp-json\/wp\/v2\/comments?post=344120"}],"version-history":[{"count":0,"href":"https:\/\/www.europesays.com\/es\/wp-json\/wp\/v2\/posts\/344120\/revisions"}],"wp:featuredmedia":[{"embeddable":true,"href":"https:\/\/www.europesays.com\/es\/wp-json\/wp\/v2\/media\/344121"}],"wp:attachment":[{"href":"https:\/\/www.europesays.com\/es\/wp-json\/wp\/v2\/media?parent=344120"}],"wp:term":[{"taxonomy":"category","embeddable":true,"href":"https:\/\/www.europesays.com\/es\/wp-json\/wp\/v2\/categories?post=344120"},{"taxonomy":"post_tag","embeddable":true,"href":"https:\/\/www.europesays.com\/es\/wp-json\/wp\/v2\/tags?post=344120"}],"curies":[{"name":"wp","href":"https:\/\/api.w.org\/{rel}","templated":true}]}}