{"id":344126,"date":"2026-01-16T14:31:07","date_gmt":"2026-01-16T14:31:07","guid":{"rendered":"https:\/\/www.europesays.com\/es\/344126\/"},"modified":"2026-01-16T14:31:07","modified_gmt":"2026-01-16T14:31:07","slug":"no-puede-revocarse-compartirse-ni-transferirse","status":"publish","type":"post","link":"https:\/\/www.europesays.com\/es\/344126\/","title":{"rendered":"No puede revocarse, compartirse ni transferirse"},"content":{"rendered":"<p class=\"L6-news-detail__text\"><b>Mar\u00eda Corina Machado<\/b>, l\u00edder de la oposici\u00f3n venezolana y reciente ganadora del Premio Nobel de la Paz, <b><a title=\"le entreg\u00f3 este jueves la medalla que le acredita como ganadora de este galard\u00f3n a Donald Trump\" href=\"https:\/\/www.lasexta.com\/noticias\/internacional\/machado-confia-trump-libertad-venezuela-reunion-que-entregado-nobel-paz-pese-respaldo-eeuu-delcy_202601156969680c384d9f038d8c0df4.html\" target=\"_blank\" rel=\"nofollow noopener\">le entreg\u00f3 este jueves la medalla que le acredita como ganadora de este galard\u00f3n a Donald Trump<\/a><\/b>. Una entrega que llega d\u00edas despu\u00e9s de que varios de los periodistas m\u00e1s cercanos al presidente estadounidense asegurasen que este<b><a title=\" eligi\u00f3 a Delcy Rodr\u00edguez y no a Machado como presidenta interina porque la l\u00edder conservadora no renunci\u00f3 al Nobel\" href=\"https:\/\/www.lasexta.com\/noticias\/internacional\/machado-confia-trump-libertad-venezuela-reunion-que-entregado-nobel-paz-pese-respaldo-eeuu-delcy_202601156969680c384d9f038d8c0df4.html\" target=\"_blank\" rel=\"nofollow noopener\"> eligi\u00f3 a Delcy Rodr\u00edguez y no a Machado como presidenta interina porque la l\u00edder conservadora no renunci\u00f3 al Nobel<\/a><\/b>.<\/p>\n<p class=\"L6-news-detail__text\">Acto seguido, Machado asegur\u00f3 estar dispuesta a \u00abcompartir\u00bb su premio con Trump como gesto de buena voluntad. Un gesto que se plasm\u00f3 con el traspaso de la medalla en la Casa Blanca. No obstante, no ha servido para que Trump cambie de opini\u00f3n y siga considerando que Machado \u00abno tiene apoyo\u00bb de los venezolanos para liderar la transici\u00f3n.<\/p>\n<p class=\"L6-news-detail__text\">Ante esta decisi\u00f3n de Mar\u00eda Corina Machado, el Instituto del Nobel ha recordado que \u00ab<b>una vez anunciado un Premio Nobel, no puede revocarse, compartirse ni transferirse a otros<\/b>\u00ab. \u00abLa decisi\u00f3n es definitiva y perdura para siempre\u00bb, ha apostillado.<\/p>\n<p class=\"L6-news-detail__text\">De hecho, en una indirecta lanzada hacia Machado y Trump, recuerda que, por mucho que el magnate ostente ahora la medalla,<b> no es el ganador leg\u00edtimo del galard\u00f3n<\/b>. \u00abUna medalla<b> puede cambiar de due\u00f1o, pero el t\u00edtulo de Premio Nobel de la Paz, no<\/b>\u00ab, ha zanjado el organismo rector de este galard\u00f3n en su cuenta en la red social X.<\/p>\n<p>\u00abLa gente de Bol\u00edvar le est\u00e1 devolviendo a Washington una medalla\u00bb<\/p>\n<p class=\"L6-news-detail__text\">Tras su reuni\u00f3n con Trump,<b> Mar\u00eda Corina Machado asegur\u00f3 que se trat\u00f3 de un gesto para demostrar la fraternidad entre el los pueblos estadounidense y venezolano<\/b> y que, por ello, se lo \u00abpresent\u00f3\u00bb a Trump como hizo el general Lafayette a Sim\u00f3n Bol\u00edvar.<\/p>\n<p class=\"L6-news-detail__text\">\u00abHace 200 a\u00f1os, el general Lafayette le entreg\u00f3 al presidente una medalla con la cara de George Washington a Sim\u00f3n Bol\u00edvar, que siempre atesor\u00f3. Justo <b>200 a\u00f1os despu\u00e9s, la gente de Bol\u00edvar le est\u00e1 devolviendo a Washington una medalla en reconocimiento<\/b>\u00ab, declar\u00f3 Machado.<\/p>\n<p class=\"L6-news-detail__text\"><b><a title=\"*Sigue a laSexta en Google. Toda la actualidad y el mejor contenido aqu\u00ed.\" href=\"https:\/\/profile.google.com\/cp\/CgkvbS8wZG5xejA\" target=\"_blank\" rel=\"nofollow noopener\">*Sigue a laSexta en Google. Toda la actualidad y el mejor contenido aqu\u00ed.<\/a><\/b><\/p>\n<p class=\"L6-support-news-video__title\">Conflicto internacional  <\/p>\n<p>            <a href=\"https:\/\/www.lasexta.com\/noticias\/nacional\/albares-aplaza-decision-envio-tropas-espanolas-groenlandia-tener-composicion-lugar_202601166969fc625b0f02269967dfcf.html\" class=\"L6-news__link\" rel=\"nofollow noopener\" target=\"_blank\"><br \/>\n                Espa\u00f1a espera a tener \u00abtodos los elementos\u00bb para decidir si apoya una misi\u00f3n de vigilancia<\/p>\n<p class=\"recirculation-video-desc\">Los detalles Moncloa asegura que no hay a\u00fan ninguna decisi\u00f3n tomada y que cualquiera que se tome ir\u00e1 siempre de la mano de sus socios europeos. En cualquier caso, insisten en que ser\u00eda una \u00abmisi\u00f3n europea de vigilancia\u00bb y no de disuasi\u00f3n.<\/p>\n<p>            <\/a><\/p>\n","protected":false},"excerpt":{"rendered":"Mar\u00eda Corina Machado, l\u00edder de la oposici\u00f3n venezolana y reciente ganadora del Premio Nobel de la Paz, le&hellip;\n","protected":false},"author":2,"featured_media":344127,"comment_status":"","ping_status":"","sticky":false,"template":"","format":"standard","meta":{"footnotes":""},"categories":[42],"tags":[17,18,13,14,11,61,62,63,64,19,20,9,10,15,16,12,21,22,65,66,67],"class_list":{"0":"post-344126","1":"post","2":"type-post","3":"status-publish","4":"format-standard","5":"has-post-thumbnail","7":"category-internacional","8":"tag-breaking-news","9":"tag-breakingnews","10":"tag-featured-news","11":"tag-featurednews","12":"tag-headlines","13":"tag-internacional","14":"tag-international","15":"tag-international-news","16":"tag-internationalnews","17":"tag-latest-news","18":"tag-latestnews","19":"tag-news","20":"tag-noticias","21":"tag-noticias-destacadas","22":"tag-noticiasdestacadas","23":"tag-titulares","24":"tag-ultimas-noticias","25":"tag-ultimasnoticias","26":"tag-world","27":"tag-world-news","28":"tag-worldnews"},"share_on_mastodon":{"url":"https:\/\/pubeurope.com\/@es\/115905264649497994","error":""},"_links":{"self":[{"href":"https:\/\/www.europesays.com\/es\/wp-json\/wp\/v2\/posts\/344126","targetHints":{"allow":["GET"]}}],"collection":[{"href":"https:\/\/www.europesays.com\/es\/wp-json\/wp\/v2\/posts"}],"about":[{"href":"https:\/\/www.europesays.com\/es\/wp-json\/wp\/v2\/types\/post"}],"author":[{"embeddable":true,"href":"https:\/\/www.europesays.com\/es\/wp-json\/wp\/v2\/users\/2"}],"replies":[{"embeddable":true,"href":"https:\/\/www.europesays.com\/es\/wp-json\/wp\/v2\/comments?post=344126"}],"version-history":[{"count":0,"href":"https:\/\/www.europesays.com\/es\/wp-json\/wp\/v2\/posts\/344126\/revisions"}],"wp:featuredmedia":[{"embeddable":true,"href":"https:\/\/www.europesays.com\/es\/wp-json\/wp\/v2\/media\/344127"}],"wp:attachment":[{"href":"https:\/\/www.europesays.com\/es\/wp-json\/wp\/v2\/media?parent=344126"}],"wp:term":[{"taxonomy":"category","embeddable":true,"href":"https:\/\/www.europesays.com\/es\/wp-json\/wp\/v2\/categories?post=344126"},{"taxonomy":"post_tag","embeddable":true,"href":"https:\/\/www.europesays.com\/es\/wp-json\/wp\/v2\/tags?post=344126"}],"curies":[{"name":"wp","href":"https:\/\/api.w.org\/{rel}","templated":true}]}}