{"id":344128,"date":"2026-01-16T14:32:06","date_gmt":"2026-01-16T14:32:06","guid":{"rendered":"https:\/\/www.europesays.com\/es\/344128\/"},"modified":"2026-01-16T14:32:06","modified_gmt":"2026-01-16T14:32:06","slug":"television-canaria-y-television-espanola-emitiran-la-gala-de-la-reina-del-carnaval-2026-ayuntamiento-de-santa-cruz-de-tenerife","status":"publish","type":"post","link":"https:\/\/www.europesays.com\/es\/344128\/","title":{"rendered":"Televisi\u00f3n Canaria y Televisi\u00f3n Espa\u00f1ola emitir\u00e1n la Gala de la Reina del Carnaval 2026 &#8211; Ayuntamiento de Santa Cruz de Tenerife"},"content":{"rendered":"<ol>\n<li><a href=\"https:\/\/news.google.com\/rss\/articles\/CBMi_gFBVV95cUxPYnRhV3gtcm5ZWGYtUGlLNEVtZTFkcGpvN2FQZVlKRldXNTNPa1NvMzZ2bHJNSlJUVWFnQjNoN091RlBXNWtvQ3FMLWJ6TXJGUDdabldWVHJ6cGpmQjFydjRiREh4NjBJMEhkTEVJMDJ0V24tREZ4MTdhY2lLVWVFRDRmTkRuWDFYYndnVkRGQmo3NmdxTmhXVVA0b01vTzNFWU9rcTNBdlJ2enVLUWZJQzdZMkI0VVJ0U3pYdnFYQ1R1N0Vac1ZhbzJzWWMxc2VKU19OcnJjUVhoUDVWUTBuaS15T2U0ejBfTFNTQ1E0RXFsMm81NmRkWFZGaUxJQQ?oc=5\" target=\"_blank\" rel=\"nofollow noopener\">Televisi\u00f3n Canaria y Televisi\u00f3n Espa\u00f1ola emitir\u00e1n la Gala de la Reina del Carnaval 2026<\/a>&nbsp;&nbsp;Ayuntamiento de Santa Cruz de Tenerife<\/li>\n<li><a href=\"https:\/\/news.google.com\/rss\/articles\/CBMiswFBVV95cUxQQzFQOGktYzQ2VE9vaWFRQnloLS11SWJzSGM3THJ0aDZBbnBROEpINEMtSkRyX0w1MkxTcFdBamNYRWM0dUdMT1F1XzRGX2E1bmJiS2NuRmV2VWlaSG1mR0V0S0dOU2ptUWhYcmFGbExJWUthaVdlR0YySVZxVWNQMXpTQzVaZzY0Ukx5eDNYcjlxdkFVV3dybm55alVOLVdRRUpRYUkwbkplVllUMi03SFFXcw?oc=5\" target=\"_blank\" rel=\"nofollow noopener\">Televisi\u00f3n Canaria prende la fiesta del \u00abCarnaval de los Ritmos Latinos\u00bb<\/a>&nbsp;&nbsp;Canarias7<\/li>\n<li><a href=\"https:\/\/news.google.com\/rss\/articles\/CBMiogFBVV95cUxQMHRzWmpzajRGN2VXcmhPUGthLU1EMHVmUnJZV2p3YkJGVS1KVEVKQ3UyNnBlcnVaVFVLR2tsNVdVSkJLcHMzSjJaNGpUUERCdDc4MFFpMXgzX1QwSUo0WDF5TWNWMUppZm4wMFlxUFN5LURpNWhSWnJYWWFVWklrN1o5eGV5TVJSSlM0NWFselczcV95U1pMamUzaUNVekI1b3c?oc=5\" target=\"_blank\" rel=\"nofollow noopener\">Los 4, primeros artistas confirmados para el Carnaval de Santa Cruz de Tenerife 2026<\/a>&nbsp;&nbsp;Radio Televisi\u00f3n Canaria<\/li>\n<li><a href=\"https:\/\/news.google.com\/rss\/articles\/CBMiwgFBVV95cUxNekd3Vk14YllLTVdDeGliTk4tcm1FUTU5bkN3LWVLM1RfcG1paWJ2dk1RZ180cS1jSTFyX0ZqRGFob3huamJ2anFZSVp4aUhkSXUxQlgzUm5HZ2VUMGI2YnJkWDZHUFloYndvTjFHZkYyZlBnMzBHN1QxbHpJVXVVOVhnZVo0NGJPWmdxRF9od1VieWI2QWx3UWNQaDVGX3QxN1ZYWm9xMFhnblZCdkpubWs5ZjFqTF9CU3ZRT01RM1RfZw?oc=5\" target=\"_blank\" rel=\"nofollow noopener\">RTVC recibe al Carnaval con su plataforma streaming y RTVE ofrecer\u00e1 su archivo hist\u00f3rico<\/a>&nbsp;&nbsp;EFE &#8211; Agencia de noticias<\/li>\n<li><a href=\"https:\/\/news.google.com\/rss\/articles\/CBMirgFBVV95cUxPRTJ4MFIxNmlPcHhxb2hDX1NJaXlTMkc3eXlxcjIzNTEwdzdiU1BrOGVzYVN1ODdzOVJwVnlrdTM4YUdPU3FmaHVLbU9jUnMta2RQNjNyd3dJUG9lRjdkRlRnTUZFbHRHN1dOeW9ESFIwcXhNdjhPRjZ6NkgtWjF4VVZ4VlhMSWVWcC1pMzZZMWN5UmcyblZLTVJfZ1hRQnhUOEV4aDZ2OUlHb0dJMUHSAbMBQVVfeXFMTW1mRTNvVmE2Y3BqTmYwcldqcHlWR0VqY2RPYmJHUTNDbkd4andZaFhLcngxb3NxRTJ6aWxnbEktSTNFSFlRMDlJc2hPM1ptS0FNSVJ6ZHVrWU1rNlQ1OHRrdWI1Tl9VNDlYSzI5bGlfaXctZDZ6TmNzeTJsV3NjTkU3Qmg5dHVzTHMyRU1iNjI4MUtfMGl3SktPTjc4TkM0UE1wWEtvdzlFWDlpNHhDT1hiQkU?oc=5\" target=\"_blank\" rel=\"nofollow noopener\">El Carnaval de Santa Cruz de Tenerife arranca esta noche en la plaza de Espa\u00f1a<\/a>&nbsp;&nbsp;El D\u00eda<\/li>\n<\/ol>\n","protected":false},"excerpt":{"rendered":"Televisi\u00f3n Canaria y Televisi\u00f3n Espa\u00f1ola emitir\u00e1n la Gala de la Reina del Carnaval 2026&nbsp;&nbsp;Ayuntamiento de Santa Cruz de&hellip;\n","protected":false},"author":2,"featured_media":338026,"comment_status":"","ping_status":"","sticky":false,"template":"","format":"standard","meta":{"footnotes":""},"categories":[8],"tags":[17,18,25,24,13,14,11,19,20,9,10,15,16,23,12,21,22],"class_list":{"0":"post-344128","1":"post","2":"type-post","3":"status-publish","4":"format-standard","5":"has-post-thumbnail","7":"category-espana","8":"tag-breaking-news","9":"tag-breakingnews","10":"tag-es","11":"tag-espana","12":"tag-featured-news","13":"tag-featurednews","14":"tag-headlines","15":"tag-latest-news","16":"tag-latestnews","17":"tag-news","18":"tag-noticias","19":"tag-noticias-destacadas","20":"tag-noticiasdestacadas","21":"tag-spain","22":"tag-titulares","23":"tag-ultimas-noticias","24":"tag-ultimasnoticias"},"share_on_mastodon":{"url":"https:\/\/pubeurope.com\/@es\/115905268521861714","error":""},"_links":{"self":[{"href":"https:\/\/www.europesays.com\/es\/wp-json\/wp\/v2\/posts\/344128","targetHints":{"allow":["GET"]}}],"collection":[{"href":"https:\/\/www.europesays.com\/es\/wp-json\/wp\/v2\/posts"}],"about":[{"href":"https:\/\/www.europesays.com\/es\/wp-json\/wp\/v2\/types\/post"}],"author":[{"embeddable":true,"href":"https:\/\/www.europesays.com\/es\/wp-json\/wp\/v2\/users\/2"}],"replies":[{"embeddable":true,"href":"https:\/\/www.europesays.com\/es\/wp-json\/wp\/v2\/comments?post=344128"}],"version-history":[{"count":0,"href":"https:\/\/www.europesays.com\/es\/wp-json\/wp\/v2\/posts\/344128\/revisions"}],"wp:featuredmedia":[{"embeddable":true,"href":"https:\/\/www.europesays.com\/es\/wp-json\/wp\/v2\/media\/338026"}],"wp:attachment":[{"href":"https:\/\/www.europesays.com\/es\/wp-json\/wp\/v2\/media?parent=344128"}],"wp:term":[{"taxonomy":"category","embeddable":true,"href":"https:\/\/www.europesays.com\/es\/wp-json\/wp\/v2\/categories?post=344128"},{"taxonomy":"post_tag","embeddable":true,"href":"https:\/\/www.europesays.com\/es\/wp-json\/wp\/v2\/tags?post=344128"}],"curies":[{"name":"wp","href":"https:\/\/api.w.org\/{rel}","templated":true}]}}