{"id":344157,"date":"2026-01-16T14:54:09","date_gmt":"2026-01-16T14:54:09","guid":{"rendered":"https:\/\/www.europesays.com\/es\/344157\/"},"modified":"2026-01-16T14:54:09","modified_gmt":"2026-01-16T14:54:09","slug":"el-ex-presidente-de-corea-del-sur-yoon-suk-yeol-recibio-una-condena-de-5-anos-por-obstruccion-a-la-justicia","status":"publish","type":"post","link":"https:\/\/www.europesays.com\/es\/344157\/","title":{"rendered":"El ex presidente de Corea del Sur Yoon Suk Yeol recibi\u00f3 una condena de 5 a\u00f1os por obstrucci\u00f3n a la justicia"},"content":{"rendered":"<p><img alt=\"El ex presidente surcoreano fue\" class=\"global-image\" decoding=\"async\" fetchpriority=\"high\" height=\"2456\" loading=\"eager\" src=\"https:\/\/www.europesays.com\/es\/wp-content\/uploads\/2026\/01\/QE5PGUFL7UPFRSW6ZRYXQE7PXQ.jpg\" width=\"3675\"\/>El ex presidente surcoreano fue condenado a 5 a\u00f1os en su primer veredicto de ley marcial (REUTERS\/Kim Hong-ji\/Archivo)<\/p>\n<p class=\"paragraph\"><b>Un juez surcoreano conden\u00f3 este viernes al ex presidente Yoon Suk Yeol<\/b> a <b>cinco a\u00f1os de prisi\u00f3n<\/b> por obstrucci\u00f3n a la justicia y otros delitos relacionados con la declaraci\u00f3n de la ley marcial y sus consecuencias en diciembre de <b>2024<\/b>.<\/p>\n<p class=\"paragraph\">Se trata del primer veredicto en una serie de juicios contra el ex mandatario, cuya ley marcial en Corea del Sur desencaden\u00f3 protestas masivas y un enfrentamiento en el parlamento.<\/p>\n<p class=\"paragraph\">El juez <b>Baek Dae-hyun<\/b>, del Tribunal del Distrito Central de Se\u00fal, declar\u00f3 a Yoon culpable de obstruir la justicia al impedir que los investigadores lo detuvieran y de excluir a miembros del gabinete de una reuni\u00f3n clave para la planificaci\u00f3n de la ley marcial.<\/p>\n<p class=\"paragraph\">\u201cA pesar de tener el deber, por encima de todos los dem\u00e1s, de defender la Constituci\u00f3n y observar el estado de derecho como presidente, <b>el acusado mostr\u00f3 en cambio una actitud que ignoraba la Constituci\u00f3n<\/b>\u201d, afirm\u00f3 Baek. \u201c<b>La culpabilidad del acusado es extremadamente grave<\/b>\u201d, a\u00f1adi\u00f3.<\/p>\n<p class=\"paragraph\">Yoon fue absuelto del cargo de falsificaci\u00f3n de documentos oficiales por falta de pruebas. El ex mandatario, ahora expulsado del poder, enfrenta m\u00faltiples juicios por sus acciones durante la crisis y la agitaci\u00f3n posterior. Los fiscales hab\u00edan solicitado una pena de 10 a\u00f1os de prisi\u00f3n, mientras que Yoon sostuvo que no se viol\u00f3 ninguna ley.<\/p>\n<p><img alt=\"El fiscal especial surcoreano Cho\" class=\"global-image\" decoding=\"async\" fetchpriority=\"low\" height=\"5024\" loading=\"lazy\" src=\"https:\/\/www.europesays.com\/es\/wp-content\/uploads\/2026\/01\/6HTIUJQUJFGYLKICA6TBN2VXLU.JPG\" width=\"6816\"\/>El fiscal especial surcoreano Cho Eun-seok habla mientras anuncia los resultados de su investigaci\u00f3n sobre los cargos de insurrecci\u00f3n relacionados con el ex presidente Yoon Suk Yeol (Jung Yeon-je\/REUTERS)<\/p>\n<p class=\"paragraph\">Los letrados a cargo de la defensa ante la Justicia del reciente condenado disponen de siete d\u00edas para apelar la sentencia.<\/p>\n<p class=\"paragraph\">Esto ocurre pocos d\u00edas despu\u00e9s de que los <b>fiscales<\/b>, en un caso aparte, solicitaran la <b>pena de muerte<\/b> para <b>Yoon Suk Yeol<\/b> por su papel como \u201c<b>cabecilla de una insurrecci\u00f3n<\/b>\u201d al orquestar la imposici\u00f3n de la suspensi\u00f3n del gobierno civil. Los fiscales argumentaron que el ex presidente merec\u00eda el castigo m\u00e1s severo posible, ya que <b>no mostr\u00f3 \u201cning\u00fan remordimiento\u201d por acciones que pusieron en peligro \u201cel orden constitucional y la democracia\u201d<\/b>.<\/p>\n<p class=\"paragraph\">Si bien la pena capital sigue vigente en Corea del Sur, es poco probable que se ejecute, ya que el pa\u00eds mantiene una <b>moratoria no oficial sobre las ejecuciones desde 1997<\/b>.<\/p>\n<p class=\"paragraph\">Durante la audiencia, Yoon fue visto sonriendo en la corte mientras los fiscales exig\u00edan la m\u00e1xima condena. El ex mandatario y anterior fiscal general se mostr\u00f3 desafiante, sosteniendo que la declaraci\u00f3n de ley marcial fue un <b>ejercicio legal de su autoridad presidencial<\/b>.<\/p>\n<p><img alt=\"Fiscales de Corea del Sur\" class=\"global-image\" decoding=\"async\" fetchpriority=\"low\" height=\"1339\" loading=\"lazy\" src=\"https:\/\/www.europesays.com\/es\/wp-content\/uploads\/2026\/01\/3R2EKHPRJFCSHJPEGZGDOHKC34.jpg\" width=\"1920\"\/>Fiscales de Corea del Sur solicitaron la pena de muerte para Yoon Suk Yeol por la ley marcial (Europa Press)<\/p>\n<p class=\"paragraph\">En sus comentarios finales del martes, <b>Yoon Suk Yeol<\/b> sostuvo que \u201cel ejercicio de los poderes de emergencia constitucional de un presidente para proteger a la naci\u00f3n y defender el orden constitucional no puede considerarse un acto de insurrecci\u00f3n\u201d. <\/p>\n<p class=\"paragraph\">Adem\u00e1s, acus\u00f3 al entonces partido de oposici\u00f3n de imponer una \u201cdictadura inconstitucional\u201d mediante su control de la legislatura y afirm\u00f3: \u201cNo hab\u00eda otra opci\u00f3n que despertar al pueblo, que es el soberano\u201d.<\/p>\n<p class=\"paragraph\">El tribunal tiene previsto pronunciarse sobre los <b>cargos de insurrecci\u00f3n<\/b> el pr\u00f3ximo <b>19 de febrero<\/b>. Yoon tambi\u00e9n enfrenta un juicio separado por <b>cargos de ayudar al enemigo<\/b>, por acusaciones de que orden\u00f3 vuelos con drones sobre Corea del Norte para reforzar su caso para declarar la ley marcial<\/p>\n<p class=\"paragraph\">(Con informaci\u00f3n de AFP)<\/p>\n","protected":false},"excerpt":{"rendered":"El ex presidente surcoreano fue condenado a 5 a\u00f1os en su primer veredicto de ley marcial (REUTERS\/Kim Hong-ji\/Archivo)&hellip;\n","protected":false},"author":2,"featured_media":344158,"comment_status":"","ping_status":"","sticky":false,"template":"","format":"standard","meta":{"footnotes":""},"categories":[42],"tags":[4820,17,18,11892,13,14,11,61,62,63,64,19,20,17067,9,10,15,16,12,21,22,65,66,67],"class_list":{"0":"post-344157","1":"post","2":"type-post","3":"status-publish","4":"format-standard","5":"has-post-thumbnail","7":"category-internacional","8":"tag-asia-pacific","9":"tag-breaking-news","10":"tag-breakingnews","11":"tag-crime","12":"tag-featured-news","13":"tag-featurednews","14":"tag-headlines","15":"tag-internacional","16":"tag-international","17":"tag-international-news","18":"tag-internationalnews","19":"tag-latest-news","20":"tag-latestnews","21":"tag-law-enforcement","22":"tag-news","23":"tag-noticias","24":"tag-noticias-destacadas","25":"tag-noticiasdestacadas","26":"tag-titulares","27":"tag-ultimas-noticias","28":"tag-ultimasnoticias","29":"tag-world","30":"tag-world-news","31":"tag-worldnews"},"share_on_mastodon":{"url":"https:\/\/pubeurope.com\/@es\/115905355146086921","error":""},"_links":{"self":[{"href":"https:\/\/www.europesays.com\/es\/wp-json\/wp\/v2\/posts\/344157","targetHints":{"allow":["GET"]}}],"collection":[{"href":"https:\/\/www.europesays.com\/es\/wp-json\/wp\/v2\/posts"}],"about":[{"href":"https:\/\/www.europesays.com\/es\/wp-json\/wp\/v2\/types\/post"}],"author":[{"embeddable":true,"href":"https:\/\/www.europesays.com\/es\/wp-json\/wp\/v2\/users\/2"}],"replies":[{"embeddable":true,"href":"https:\/\/www.europesays.com\/es\/wp-json\/wp\/v2\/comments?post=344157"}],"version-history":[{"count":0,"href":"https:\/\/www.europesays.com\/es\/wp-json\/wp\/v2\/posts\/344157\/revisions"}],"wp:featuredmedia":[{"embeddable":true,"href":"https:\/\/www.europesays.com\/es\/wp-json\/wp\/v2\/media\/344158"}],"wp:attachment":[{"href":"https:\/\/www.europesays.com\/es\/wp-json\/wp\/v2\/media?parent=344157"}],"wp:term":[{"taxonomy":"category","embeddable":true,"href":"https:\/\/www.europesays.com\/es\/wp-json\/wp\/v2\/categories?post=344157"},{"taxonomy":"post_tag","embeddable":true,"href":"https:\/\/www.europesays.com\/es\/wp-json\/wp\/v2\/tags?post=344157"}],"curies":[{"name":"wp","href":"https:\/\/api.w.org\/{rel}","templated":true}]}}