{"id":344176,"date":"2026-01-16T15:09:07","date_gmt":"2026-01-16T15:09:07","guid":{"rendered":"https:\/\/www.europesays.com\/es\/344176\/"},"modified":"2026-01-16T15:09:07","modified_gmt":"2026-01-16T15:09:07","slug":"tve-sustituye-el-programa-de-cintora-miro-y-flich-por-una-pelicula-de-hace-15-anos-tras-sus-malos-datos","status":"publish","type":"post","link":"https:\/\/www.europesays.com\/es\/344176\/","title":{"rendered":"\u200bTVE sustituye el programa de Cintora, Mir\u00f3 y Flich por una pel\u00edcula de hace 15 a\u00f1os tras sus malos datos"},"content":{"rendered":"<p class=\"paragraph\">La 1 de TVE premi\u00f3 la semana pasada a <b>Jes\u00fas Cintora<\/b>, <b>Gonzalo Mir\u00f3 <\/b>y <b>Marta Flich <\/b>con un programa en horario de m\u00e1xima audiencia que combinaba los dos que conducen en la sobremesa: <b>Directo al grano<\/b> y <b>Malas lenguas<\/b>. Bajo el nombre de <b>Directo a la gente<\/b>, el formato fue presentador por la cadena como un ejercicio de \u00abrigor, contexto y pluralidad\u00bb.<\/p>\n<p class=\"paragraph\">Sin embargo, sindicatos afines a la corporaci\u00f3n y trabajadores de la misma no han dejado de emitir declaraciones en contra durante toda la semana por su falta de neutralidad informativa. Es \u00ab<b>un enga\u00f1o deliberado <\/b>a la audiencia y una traici\u00f3n al mandato de servicio p\u00fablico\u00bb. El primero en alzar la voz fue el <b>Consejo de Informativos de TVE<\/b>, que acus\u00f3 al programa de <b>no cumplir con los criterios de rigor period\u00edstico exigible<\/b> a una cadena p\u00fablica y m\u00e1s cuando el especial se realizaba con el objetivo de profundizar en la situaci\u00f3n de Venezuela.<\/p>\n<p class=\"paragraph\">\u00abEsta vez, los programas de producci\u00f3n externa, que ya demuestran d\u00eda a d\u00eda no cumplir con los criterios de rigor period\u00edstico necesarios en la televisi\u00f3n p\u00fablica, ser\u00e1n los encargados de profundizar en el delicado contexto internacional con el que ha empezado 2026. No se nos pasan por alto las implicaciones que todo esto tiene en el panorama pol\u00edtico nacional y el r\u00e9dito electoral que se puede sacar\u00bb, dec\u00eda su comunicado.<\/p>\n<p class=\"paragraph\">\u00ab<b>Directo a la Gente<\/b> pretende salvar el imperativo legal bajo el alegal traje de &#8216;colaboraci\u00f3n con RTVE&#8217;. Pero esta externalizaci\u00f3n afecta a la credibilidad, al rol de la televisi\u00f3n p\u00fablica y alimenta el negocio de productoras afines\u00bb, escribi\u00f3 poco despu\u00e9s en un comunicado <b>CGT RTVE<\/b>.<\/p>\n<p class=\"paragraph\">A las cr\u00edticas tambi\u00e9n se uni\u00f3 <b>CCOO RTVE <\/b>asegurando que \u00abse trata de una decisi\u00f3n grave, dif\u00edcil de justificar y contraria a la legalidad vigente&#8230;\u00bb y que \u00abresulta especialmente sorprendente que, tras haber reconocido y aplaudido p\u00fablicamente el trabajo de los Servicios Informativos, como ocurri\u00f3 recientemente con el especial sobre la detenci\u00f3n de Maduro&#8230;\u00bb.<\/p>\n<p class=\"paragraph\"><b>USO RTVE <\/b>tambi\u00e9n alzaba la voz en su contra \u00abdenuncia <b>Directo a la Gente<\/b> por suponer un nuevo incumplimiento del mandato de servicio p\u00fablico y un enga\u00f1o deliberado a la audiencia\u00bb. Adem\u00e1s, acusa al ente p\u00fablico de volver \u00aba externalizar contenidos de naturaleza informativa, vaciando de funciones a los Servicios Informativos y eludiendo los controles profesionales, editoriales y deontol\u00f3gicos que exige la normativa vigente\u00bb.<\/p>\n<p class=\"paragraph\">A estas cr\u00edticas se sumaron otras de antiguos profesionales del ente como <b>Mar\u00eda Escario<\/b>, que no dud\u00f3 en calificar el programa de <b>\u00abengendro informativo\u00bb<\/b>. Adem\u00e1s arremet\u00eda contra la baja audiencia conseguida \u2013tan solo un 6,9 % de share y poco m\u00e1s de 600.000 espectadores en total\u2013.<\/p>\n<p class=\"paragraph\">De momento, RTVE ha tomado medidas y ha quitado de la parrilla televisiva el programa. As\u00ed, este viernes 16 de enero, la programaci\u00f3n de La 1 estar\u00e1 compuesta por Viaje al centro de la tierra, el programa que recopila v\u00eddeos con voz en off de <b>Santiago Segura<\/b>, seguida de una doble sesi\u00f3n de cine con dos pel\u00edculas de la <b>saga de<\/b><b> Misi\u00f3n Imposible<\/b>,<b> <\/b>protagonizada por <b>Tom Cruise. <\/b>A las 22:10h dar\u00e1 comienzo la cuarta entrega <b>\u2013 <\/b>Misi\u00f3n imposible: Protocolo fantasma, estrenada hace quince a\u00f1os\u2013, y dos horas despu\u00e9s la primera de ellas (de 00:10h a 01:55h), de 1996.<\/p>\n","protected":false},"excerpt":{"rendered":"La 1 de TVE premi\u00f3 la semana pasada a Jes\u00fas Cintora, Gonzalo Mir\u00f3 y Marta Flich con un&hellip;\n","protected":false},"author":2,"featured_media":344177,"comment_status":"","ping_status":"","sticky":false,"template":"","format":"standard","meta":{"footnotes":""},"categories":[171],"tags":[146,147,25,24,23,214],"class_list":{"0":"post-344176","1":"post","2":"type-post","3":"status-publish","4":"format-standard","5":"has-post-thumbnail","7":"category-tv","8":"tag-entertainment","9":"tag-entretenimiento","10":"tag-es","11":"tag-espana","12":"tag-spain","13":"tag-tv"},"share_on_mastodon":{"url":"https:\/\/pubeurope.com\/@es\/115905414125755856","error":""},"_links":{"self":[{"href":"https:\/\/www.europesays.com\/es\/wp-json\/wp\/v2\/posts\/344176","targetHints":{"allow":["GET"]}}],"collection":[{"href":"https:\/\/www.europesays.com\/es\/wp-json\/wp\/v2\/posts"}],"about":[{"href":"https:\/\/www.europesays.com\/es\/wp-json\/wp\/v2\/types\/post"}],"author":[{"embeddable":true,"href":"https:\/\/www.europesays.com\/es\/wp-json\/wp\/v2\/users\/2"}],"replies":[{"embeddable":true,"href":"https:\/\/www.europesays.com\/es\/wp-json\/wp\/v2\/comments?post=344176"}],"version-history":[{"count":0,"href":"https:\/\/www.europesays.com\/es\/wp-json\/wp\/v2\/posts\/344176\/revisions"}],"wp:featuredmedia":[{"embeddable":true,"href":"https:\/\/www.europesays.com\/es\/wp-json\/wp\/v2\/media\/344177"}],"wp:attachment":[{"href":"https:\/\/www.europesays.com\/es\/wp-json\/wp\/v2\/media?parent=344176"}],"wp:term":[{"taxonomy":"category","embeddable":true,"href":"https:\/\/www.europesays.com\/es\/wp-json\/wp\/v2\/categories?post=344176"},{"taxonomy":"post_tag","embeddable":true,"href":"https:\/\/www.europesays.com\/es\/wp-json\/wp\/v2\/tags?post=344176"}],"curies":[{"name":"wp","href":"https:\/\/api.w.org\/{rel}","templated":true}]}}