{"id":344189,"date":"2026-01-16T15:17:08","date_gmt":"2026-01-16T15:17:08","guid":{"rendered":"https:\/\/www.europesays.com\/es\/344189\/"},"modified":"2026-01-16T15:17:08","modified_gmt":"2026-01-16T15:17:08","slug":"maria-corina-machado-una-figura-heroica-en-espera","status":"publish","type":"post","link":"https:\/\/www.europesays.com\/es\/344189\/","title":{"rendered":"Mar\u00eda Corina Machado, una figura heroica (en espera)"},"content":{"rendered":"<p><img data-format=\"MASTER_LANDSCAPE\" data-id=\"75530191\" data-url=\"https:\/\/static.dw.com\/image\/75530191_${formatId}.jpg\" data-aspect-ratio=\"16\/9\" alt=\" Donald Trump mostrando el Premio Nobel de Maria Corina Machado. A su lado, la opositora venezolana. \" style=\"padding-bottom: 56.25%; height: 0; max-height: 0;\"\/>Casa Blanca, 15 de enero de 2026: Mar\u00eda Corina Machado hace entrega a Donald Trump de la medalla recibida por el Premio Nobel de la Paz.Imagen: Daniel Torok\/White House\/dpa\/picture alliance<\/p>\n<p>Durante su <a class=\"internal-link\" href=\"https:\/\/www.dw.com\/es\/trump-recibe-en-la-casa-blanca-a-la-l\u00edder-opositora-venezolana-mar\u00eda-corina-machado\/a-75529073\" rel=\"nofollow noopener\" target=\"_blank\">visita a la Casa Blanca<\/a>, la l\u00edder de la oposici\u00f3n, <a class=\"internal-link\" href=\"https:\/\/www.dw.com\/es\/machado-mar\u00eda-corina\/t-42526133\" rel=\"nofollow noopener\" target=\"_blank\">Mar\u00eda Corina Machado<\/a>, le <a class=\"internal-link\" href=\"https:\/\/www.dw.com\/es\/machado-entreg\u00f3-la-medalla-del-nobel-a-trump\/a-75529945\" rel=\"nofollow noopener\" target=\"_blank\">entreg\u00f3 al presidente<\/a>\u00a0<a class=\"internal-link\" href=\"https:\/\/www.dw.com\/es\/donald-trump\/t-19445010\" rel=\"nofollow noopener\" target=\"_blank\">Donald Trump<\/a> la medalla del Premio Nobel de la Paz que recibi\u00f3 en diciembre pasado en Oslo, con una inscripci\u00f3n especial: \u00abPresentado como un <a class=\"internal-link\" href=\"https:\/\/www.dw.com\/es\/trump-machado-y-el-nuevo-papel-de-la-opositora-en-venezuela\/a-75495284\" rel=\"nofollow noopener\" target=\"_blank\">s\u00edmbolo personal de gratitud<\/a> en nombre del pueblo venezolano, en reconocimiento a la acci\u00f3n decisiva del presidente Trump para conseguir una <a class=\"internal-link\" href=\"https:\/\/www.dw.com\/es\/venezuela\/t-17410652\" rel=\"nofollow noopener\" target=\"_blank\">Venezuela<\/a> libre. El coraje de <a class=\"internal-link\" href=\"https:\/\/www.dw.com\/es\/estados-unidos\/t-17411942\" rel=\"nofollow noopener\" target=\"_blank\">Estados Unidos<\/a> y de su presidente, Donald J. Trump, jam\u00e1s ser\u00e1 olvidado por el pueblo venezolano\u00bb.<\/p>\n<p>Aunque la presea se la entreg\u00f3 como \u00abun s\u00edmbolo personal de gratitud\u00bb, qued\u00f3 claro el inter\u00e9s de Machado por recuperar el terreno pol\u00edtico perdido tras el acuerdo que Trump alcanz\u00f3 con la ahora presidenta <a class=\"internal-link\" href=\"https:\/\/www.dw.com\/es\/rodr\u00edguez-delcy\/t-19555557\" rel=\"nofollow noopener\" target=\"_blank\">Delcy Rodr\u00edguez<\/a> tras la captura de <a class=\"internal-link\" href=\"https:\/\/www.dw.com\/es\/nicol\u00e1s-maduro\/t-17409336\" rel=\"nofollow noopener\" target=\"_blank\">Nicol\u00e1s Maduro<\/a>.<\/p>\n<p>Sin embargo, los comentarios de la <a class=\"internal-link\" href=\"https:\/\/www.dw.com\/es\/casa-blanca\/t-36684155\" rel=\"nofollow noopener\" target=\"_blank\">Casa Blanca<\/a> y de la propia visitante en el centro del poder estadounidense no han dejado claro qu\u00e9 papel estar\u00eda dispuesto a cederle Trump a Machado en el complejo entramado que ha ido configurando en un escenario pol\u00edtico venezolano, que no refleja ni libertad ni democracia para la poblaci\u00f3n, y mucho menos una pronta mejora de sus precarias condiciones de vida.<\/p>\n<p>El hero\u00edsmo de Mar\u00eda Corina Machado<\/p>\n<p>Aunque los h\u00e9roes parecen haber desaparecido de la historia pol\u00edtica contempor\u00e1nea, siempre surgen figuras que, con su personalidad, logran dar ejemplo a la sociedad por su valent\u00eda y su capacidad para articular la voluntad popular.<\/p>\n<p>No cabe duda de que Mar\u00eda Corina Machado es una de esas figuras, no solo por su esp\u00edritu de sacrificio en favor de la democracia de su pa\u00eds, su <a class=\"internal-link\" href=\"https:\/\/www.dw.com\/es\/mar\u00eda-corina-machado-es-el-logro-de-toda-una-sociedad\/a-74312924\" rel=\"nofollow noopener\" target=\"_blank\">ejemplaridad en la lucha pol\u00edtica<\/a> y la eficacia de su acci\u00f3n, sino tambi\u00e9n por la polarizaci\u00f3n que ha logrado imprimir a la sociedad venezolana.<\/p>\n<p>En reconocimiento a su <a class=\"internal-link\" href=\"https:\/\/www.dw.com\/es\/mar\u00eda-corina-machado-el-nobel-de-la-perseverancia\/a-74313727\" rel=\"nofollow noopener\" target=\"_blank\">incansable compromiso<\/a> con las elecciones libres y los derechos democr\u00e1ticos en Venezuela, recibi\u00f3 el Premio Nobel de la Paz en 2025, tras haber sido galardonada con el Premio S\u00e1jarov en 2024.<\/p>\n<p>Tras haber pasado casi un a\u00f1o en la clandestinidad para escapar de la persecuci\u00f3n del Gobierno de Nicol\u00e1s Maduro, logr\u00f3 llegar \u2014aunque tarde\u2014 a Oslo para recibir el <a class=\"internal-link\" href=\"https:\/\/www.dw.com\/es\/premio-nobel\/t-17409573\" rel=\"nofollow noopener\" target=\"_blank\">Premio Nobel<\/a> de la Paz, en un viaje peligroso y aventurado que aument\u00f3 todav\u00eda m\u00e1s el respeto ganado por su decisi\u00f3n de asumir riesgos personales.<\/p>\n<p><img data-format=\"MASTER_LANDSCAPE\" data-id=\"75108461\" data-url=\"https:\/\/static.dw.com\/image\/75108461_${formatId}.jpg\" data-aspect-ratio=\"16\/9\" alt=\" Mar\u00eda Corina Machado saluda desde el balc\u00f3n de un hotel. Detr\u00e1s, fot\u00f3grafos.\" style=\"padding-bottom: 56.25%; height: 0; max-height: 0;\"\/>Perseguida por el chavismo, Machado tuvo que escapar clandestinamente de Venezuela para ir a Oslo a recibir el Premio Nobel de la Paz. No lleg\u00f3 a la ceremonia a tiempo, pero un d\u00eda despu\u00e9s sali\u00f3 a saludar a sus seguidores desde el balc\u00f3n del Grand Hotel de la capital noruega.Imagen: Leonhard Foeger\/REUTERS<\/p>\n<p>La manera en que la di\u00e1spora venezolana festeja a esta persona contrasta con la gran cautela con la que la poblaci\u00f3n de Venezuela observa el devenir de la relaci\u00f3n entre el r\u00e9gimen chavista y sus protagonistas, que siguen controlando la situaci\u00f3n del pa\u00eds, y la Administraci\u00f3n Trump, que parece confiar mucho m\u00e1s en el poder establecido que en un cambio de las condiciones de represi\u00f3n y vigilancia del r\u00e9gimen, que muchos pensaban superado. No queda claro en qu\u00e9 condiciones Machado podr\u00e1 volver a su pa\u00eds, donde sigue considerada \u00abfugitiva\u00bb, ni cu\u00e1les ser\u00edan, en su caso, las posibilidades de su acci\u00f3n pol\u00edtica en territorio nacional.<\/p>\n<p>Machado vs. Ch\u00e1vez<\/p>\n<p>Los h\u00e9roes son aut\u00f3nomos y buscan la confrontaci\u00f3n; demuestran m\u00e1s valent\u00eda que los dem\u00e1s. De este modo, van acumulando atenci\u00f3n social y creando seguidores, gracias a su poder de influencia.<\/p>\n<p>El 13 de enero de 2012, Mar\u00eda Corina Machado protagoniz\u00f3 un momento ic\u00f3nico al enfrentarse directamente a <a class=\"internal-link\" href=\"https:\/\/www.dw.com\/es\/hugo-ch\u00e1vez\/t-17411727\" rel=\"nofollow noopener\" target=\"_blank\">Hugo Ch\u00e1vez<\/a> en la Asamblea Nacional de Venezuela. Machado interrumpi\u00f3 el discurso de Ch\u00e1vez para cuestionar su gesti\u00f3n, especialmente en lo referente a las expropiaciones. La opositora\u00a0critic\u00f3 las pol\u00edticas de nacionalizaci\u00f3n del Gobierno y afirm\u00f3 que \u00abexpropiar es robar\u00bb, en referencia a las propiedades de empresarios y comerciantes que hab\u00edan sido tomadas sin una compensaci\u00f3n justa.<\/p>\n<p>Ya en aquel entonces, llam\u00f3 mucho la atenci\u00f3n la respuesta ir\u00f3nica de Ch\u00e1vez cuando trat\u00f3 de minimizarla con la frase: \u00ab\u00c1guila no caza moscas\u00bb. Ch\u00e1vez afirm\u00f3 que Machado estaba \u00abfuera de ranking\u00bb\u00a0para debatir con \u00e9l y le sugiri\u00f3 que primero ganara unas elecciones primarias. Esta confrontaci\u00f3n con el antih\u00e9roe le otorg\u00f3 un primer impulso en su carrera pol\u00edtica, que culmin\u00f3 con su papel central en las elecciones de 2024, tras haber destituido antes a Juan Guaid\u00f3 como l\u00edder de la oposici\u00f3n.<\/p>\n<p>Rodr\u00edguez contra Machado<\/p>\n<p>Aunque se conf\u00eda al h\u00e9roe o a la hero\u00edna un papel central para superar situaciones de cambio o peligro, a Machado le parece que se le ha vetado el papel hist\u00f3rico que aspira a cumplir.<\/p>\n<p>A pesar de la salida forzada de Maduro del poder, se ve obligada a enfrentarse de nuevo a su r\u00e9gimen en la\u00a0<a class=\"internal-link\" href=\"https:\/\/www.dw.com\/es\/trump-y-rodr\u00edguez-dan-detalles-de-larga-llamada-telef\u00f3nica\/a-75511366\" rel=\"nofollow noopener\" target=\"_blank\">figura de Delcy Rodr\u00edguez<\/a>, que ha sido nombrada recientemente presidenta del pa\u00eds. Considerada por la poblaci\u00f3n como la gran referente de su pa\u00eds, Machado puede construir sobre su legitimidad democr\u00e1tica.<\/p>\n<p>Se enfrentan dos mujeres con altos niveles de radicalidad: Machado, conservadora y liberal en materia econ\u00f3mica, perteneciente al ala derecha de la oposici\u00f3n y con Margaret Thatcher como modelo a seguir, acus\u00f3 de inmediato a Rodr\u00edguez: \u00abSabemos que es la principal art\u00edfice de las torturas y los tr\u00e1ficos de personas; es aliada de Rusia, Ir\u00e1n y China. Es <a class=\"internal-link\" href=\"https:\/\/www.dw.com\/es\/qui\u00e9n-es-delcy-rodr\u00edguez-la-tigresa-presidenta-interina-de-venezuela\/a-75400891\" rel=\"nofollow noopener\" target=\"_blank\">muy rechazada<\/a>\u00a0por el pueblo venezolano\u00bb, dejando claro que no est\u00e1 pensando en ning\u00fan modelo de cooperaci\u00f3n con ella.<\/p>\n<p>M\u00e1s bien, ve la funci\u00f3n de Rodr\u00edguez como una fase transitoria corta para poder llegar a nuevas elecciones, en las que, seg\u00fan las nuevas encuestas, podr\u00eda ganarle por un margen abrumador. Rodr\u00edguez, una multifuncionaria en el sistema chavista convencida socialista, se convirti\u00f3 en 2017 en presidenta de la Asamblea Constituyente, destituyendo al Parlamento elegido, y fue la art\u00edfice de la consolidaci\u00f3n del poder de Maduro, allanando definitivamente el camino hacia un sistema autoritario.<\/p>\n<p>Trump y Machado<\/p>\n<p>La frase que pronunci\u00f3 Trump tras la captura de Maduro sobre Machado \u2014\u00bbNo tiene ni el apoyo ni el respeto en el pa\u00eds\u00bb\u2014, y su a\u00f1adido de que era \u00abuna mujer agradable\u00bb, fue demoledora para la l\u00edder opositora, ya que pon\u00eda en duda su papel como <a class=\"internal-link\" href=\"https:\/\/www.dw.com\/es\/la-transici\u00f3n-venezolana-negocios-antes-que-democracia\/a-75476943\" rel=\"nofollow noopener\" target=\"_blank\">soluci\u00f3n\u00a0democr\u00e1tica<\/a> a la crisis venezolana.<\/p>\n<p>La reiterada referencia de Trump a su relaci\u00f3n con la <a class=\"internal-link\" href=\"https:\/\/www.dw.com\/es\/delcy-rodr\u00edguez-afirma-gobernar-venezuela-sin-presi\u00f3n\/a-75414549\" rel=\"nofollow noopener\" target=\"_blank\">\u00abfant\u00e1stica\u00bb\u00a0Delcy Rodr\u00edguez<\/a>, no solo pone de manifiesto sus profundas reservas sobre la capacidad de liderazgo de Machado, sino que, de momento, deja en el aire su papel pol\u00edtico.<\/p>\n<p>A pesar de la amena conversaci\u00f3n en la Casa Blanca, sigue habiendo una confrontaci\u00f3n entre el hombre fuerte de Washington y la figura heroica con un fuerte carisma que tendr\u00e1 que esperar su momento pol\u00edtico en la transici\u00f3n democr\u00e1tica de Venezuela.<\/p>\n<p>(ms)<\/p>\n<p>\u00a0<\/p>\n<p>\u00a0<\/p>\n","protected":false},"excerpt":{"rendered":"Casa Blanca, 15 de enero de 2026: Mar\u00eda Corina Machado hace entrega a Donald Trump de la medalla&hellip;\n","protected":false},"author":2,"featured_media":344190,"comment_status":"","ping_status":"","sticky":false,"template":"","format":"standard","meta":{"footnotes":""},"categories":[42],"tags":[17,18,13,14,11,61,62,63,64,19,20,9,10,15,16,12,21,22,65,66,67],"class_list":{"0":"post-344189","1":"post","2":"type-post","3":"status-publish","4":"format-standard","5":"has-post-thumbnail","7":"category-internacional","8":"tag-breaking-news","9":"tag-breakingnews","10":"tag-featured-news","11":"tag-featurednews","12":"tag-headlines","13":"tag-internacional","14":"tag-international","15":"tag-international-news","16":"tag-internationalnews","17":"tag-latest-news","18":"tag-latestnews","19":"tag-news","20":"tag-noticias","21":"tag-noticias-destacadas","22":"tag-noticiasdestacadas","23":"tag-titulares","24":"tag-ultimas-noticias","25":"tag-ultimasnoticias","26":"tag-world","27":"tag-world-news","28":"tag-worldnews"},"share_on_mastodon":{"url":"https:\/\/pubeurope.com\/@es\/115905445513834856","error":""},"_links":{"self":[{"href":"https:\/\/www.europesays.com\/es\/wp-json\/wp\/v2\/posts\/344189","targetHints":{"allow":["GET"]}}],"collection":[{"href":"https:\/\/www.europesays.com\/es\/wp-json\/wp\/v2\/posts"}],"about":[{"href":"https:\/\/www.europesays.com\/es\/wp-json\/wp\/v2\/types\/post"}],"author":[{"embeddable":true,"href":"https:\/\/www.europesays.com\/es\/wp-json\/wp\/v2\/users\/2"}],"replies":[{"embeddable":true,"href":"https:\/\/www.europesays.com\/es\/wp-json\/wp\/v2\/comments?post=344189"}],"version-history":[{"count":0,"href":"https:\/\/www.europesays.com\/es\/wp-json\/wp\/v2\/posts\/344189\/revisions"}],"wp:featuredmedia":[{"embeddable":true,"href":"https:\/\/www.europesays.com\/es\/wp-json\/wp\/v2\/media\/344190"}],"wp:attachment":[{"href":"https:\/\/www.europesays.com\/es\/wp-json\/wp\/v2\/media?parent=344189"}],"wp:term":[{"taxonomy":"category","embeddable":true,"href":"https:\/\/www.europesays.com\/es\/wp-json\/wp\/v2\/categories?post=344189"},{"taxonomy":"post_tag","embeddable":true,"href":"https:\/\/www.europesays.com\/es\/wp-json\/wp\/v2\/tags?post=344189"}],"curies":[{"name":"wp","href":"https:\/\/api.w.org\/{rel}","templated":true}]}}