{"id":344211,"date":"2026-01-16T15:34:08","date_gmt":"2026-01-16T15:34:08","guid":{"rendered":"https:\/\/www.europesays.com\/es\/344211\/"},"modified":"2026-01-16T15:34:08","modified_gmt":"2026-01-16T15:34:08","slug":"la-semana-en-llamas-documental-de-los-disturbios-de-urquinaona-que-olvida-a-mossos","status":"publish","type":"post","link":"https:\/\/www.europesays.com\/es\/344211\/","title":{"rendered":"la semana en llamas&#8217;, documental de los disturbios de Urquinaona que olvida a Mossos"},"content":{"rendered":"<p>El <a data-external=\"0\" data-intl-links-ca=\"https:\/\/www.elnacional.cat\/ca\/politica\/sentencia-judici-proces-condemnes_429587_102.html\" data-intl-links-es=\"https:\/\/www.elnacional.cat\/es\/politica\/sentencia-juicio-proces-condenas_429587_102.html\" href=\"https:\/\/www.elnacional.cat\/es\/politica\/sentencia-juicio-proces-condenas_429587_102.html\" rel=\"follow nofollow noopener\" target=\"_self\" title=\"La sent\u00e8ncia al proc\u00e9s: dura condemna per sedici\u00f3 amb pres\u00f3 de 9 a 13 anys\">14 de octubre de 2019<\/a> el Tribunal Supremo conden\u00f3 a prisi\u00f3n a varios pol\u00edticos catalanes que hab\u00edan participado en la preparaci\u00f3n del refer\u00e9ndum del <strong>1 de Octubre de 2017<\/strong>. De los doce juzgados, consejeros del Govern del president\u00a0<strong>Carles<\/strong> <strong>Puigdemont<\/strong> y los dos Jordis, <strong>S\u00e0nchez<\/strong> y <strong>Cuixart<\/strong>, presidentes de la ANC y \u00d2mnium, nueve fueron condenados a penas de prisi\u00f3n. Los consejeros Mund\u00f3, Borr\u00e0s y Vila, en cambio, fueron inhabilitados pero no tuvieron que ingresar en prisi\u00f3n. Aquel d\u00eda, a primera hora de la ma\u00f1ana, despu\u00e9s de conocerse la sentencia, miles de ciudadanos, en todo el pa\u00eds, salieron a la calle para mostrarse en contra de una decisi\u00f3n judicial que confirmaba la prisi\u00f3n para los l\u00edderes de lo que se hab\u00eda bautizado como el Proc\u00e9s \u2014m\u00e1s tarde se supo que, m\u00e1s all\u00e1 del refer\u00e9ndum del 1 de octubre, no hab\u00eda nada preparado. Las protestas, que se concentraron el primer d\u00eda en el aeropuerto de El Prat, con horas de bloqueo, y tambi\u00e9n en Via Laietana y en Urquinaona, en el centro de Barcelona, acabaron con<strong> graves disturbios <\/strong>que hicieron necesaria la intervenci\u00f3n, durante varios d\u00edas, de unidades antidisturbios de los <strong>Mossos<\/strong> <strong>d&#8217;Esquadra<\/strong> y tambi\u00e9n de la <strong>Polic\u00eda<\/strong> <strong>Nacional<\/strong>.<\/p>\n<p>Ahora, m\u00e1s de seis a\u00f1os despu\u00e9s, <strong>Filmin<\/strong> ha estrenado un documental, <strong><a data-external=\"1\" href=\"https:\/\/www.filmin.es\/pelicula\/icaro-la-semana-en-llamas#extras\" rel=\"nofollow noopener\" target=\"_blank\" title=\"\u00cdcaro: la semana en llamas\">\u00cdcaro: la semana en llamas<\/a><\/strong>, que narra c\u00f3mo lo vivieron diversos grupos de la <strong>Unidad de Intervenci\u00f3n Policial (UIP) <\/strong>de la polic\u00eda espa\u00f1ola, llegados de diversos puntos del Estado. El documental, dirigido por <strong>Elena G. Cedillo y Susana Alonso<\/strong>, incluye im\u00e1genes in\u00e9ditas hasta ahora de los incidentes, grabadas por agentes de estas unidades y tambi\u00e9n por helic\u00f3pteros policiales, adem\u00e1s de im\u00e1genes grabadas por los medios de comunicaci\u00f3n que siguieron las protestas \u2014si bien no se referencian. Se acab\u00f3 de editar en 2022, pero hasta ahora no se ha publicado en ninguna plataforma, pasando fuera del radar de la opini\u00f3n p\u00fablica hasta ahora.<\/p>\n<p>Durante la hora y diez minutos que dura el reportaje se entrevista a varios mandos y operadores de la UIP que aquellos d\u00edas estuvieron desplegados en Catalunya. Entre ellos, dos de los que resultaron heridos graves en los enfrentamientos y lanzamientos en la zona de Urquinaona, ambos retirados de la carrera policial por las lesiones sufridas. Uno de ellos, el que result\u00f3 herido m\u00e1s grave en una de las noches de incidentes, estuvo varios d\u00edas en la UCI del hospital, hasta que se despert\u00f3. Se entrevista tambi\u00e9n a la conductora que traslad\u00f3 a uno de los heridos y a otros miembros del equipo del herido, entre otros.<\/p>\n<p>&#13;<br \/>\n&#13;<br \/>\n&#13;<br \/>\nImagen promocional del documental\u00a0\u00cdcaro: la semana en llamas de Filmin&#13;<\/p>\n<p><strong>\u00abEra una guerra, quer\u00edan causar bajas\u00bb, \u00abno hab\u00edamos visto nunca nada parecido\u00bb, \u00abera peor que Kabul\u00bb, \u00abpens\u00e1bamos que no saldr\u00edamos vivos\u00bb<\/strong> son algunas, entre otras, de las frases que los agentes de la UIP narran en el documental estrenado en Filmin y que aporta una visi\u00f3n nueva de los incidentes, m\u00e1s personal, que aporta muy poco m\u00e1s all\u00e1 de \u00abun caf\u00e9 para cafeteros\u00bb. Un documental-homenaje que podr\u00eda servir para pasar en una fiesta de fin de curso de la UIP, epid\u00e9rmico y que no hace justicia de los hechos, muy graves, que se vivieron, por la frivolidad del relato subjetivo de los polic\u00edas.<strong> Si era el objetivo, bien conseguido<\/strong>. Si se quer\u00eda explicar algo, un documental prescindible.<\/p>\n<p>Deshonesto con los Mossos<\/p>\n<p>El documental no aporta ninguna novedad a los hechos, m\u00e1s all\u00e1 de dar voz a los polic\u00edas que trabajaron all\u00ed, desde la vertiente m\u00e1s personal u opinativa, en ning\u00fan caso sobre la operativa. El resultado, sin embargo, aparte de ofrecer im\u00e1genes in\u00e9ditas, es <strong>un trabajo poco honesto<\/strong> con la realidad que se vivi\u00f3 aquellos d\u00edas en la capital de Catalunya. <strong>\u00ab\u00cdcaro\u00bb<\/strong> es como se bautiz\u00f3 la operativa de despliegue de unidades de la UIP de todo el Estado en Catalunya durante aquellos d\u00edas, en un escenario que, por la presencia de <strong><a data-external=\"0\" data-intl-links-ca=\"https:\/\/www.elnacional.cat\/ca\/politica\/suprem-arxiva-definitivament-causa-tsunami-democratic-puigdemont-wagensberg_1315336_102.html\" data-intl-links-es=\"https:\/\/www.elnacional.cat\/es\/politica\/supremo-archiva-definitivamente-causa-tsunami-democratic-puigdemont-wagensberg_1315336_102.html\" href=\"https:\/\/www.elnacional.cat\/es\/politica\/supremo-archiva-definitivamente-causa-tsunami-democratic-puigdemont-wagensberg_1315336_102.html\" rel=\"follow nofollow noopener\" target=\"_self\" title=\"El Suprem arxiva definitivament la causa del Tsunami Democr\u00e0tic contra Puigdemont i Wagensberg\">Tsunami Democr\u00e0tic<\/a><\/strong>, ya se hab\u00eda previsto, junto con los <strong>Mossos d&#8217;Esquadra<\/strong>, que, como marca la ley y as\u00ed fue en todo momento, fue quien lider\u00f3 la contenci\u00f3n de los disturbios y la coordinaci\u00f3n, por todo el pa\u00eds, de la respuesta a los incidentes, que fueron generalizados, no solo en Barcelona.<\/p>\n<p>En las im\u00e1genes de este documental aparecen agentes de los Mossos, de las unidades de orden p\u00fablico de la polic\u00eda catalana, la <strong>Brigada M\u00f3vil (Brimo)<\/strong> y <strong>ARRO<\/strong>, pero ninguno de los agentes entrevistados se acuerda de nombrarlos. Por la falta de conocimiento de las calles de la ciudad de Barcelona, donde ocurrieron los incidentes m\u00e1s graves, muchas veces las unidades de la <strong>UIP<\/strong> tuvieron que ser rescatadas por equipos de los Mossos, que tambi\u00e9n fueron los que, desplegando un <a data-external=\"0\" data-intl-links-ca=\"https:\/\/www.elnacional.cat\/ca\/societat\/tanqueta-aigua-unimog-mossos-prejubilada-mes-problemes-averies-servei_1521637_102.html\" data-intl-links-es=\"https:\/\/www.elnacional.cat\/es\/sociedad\/tanqueta-agua-unimog-mossos-prejubilada-con-mas-problemas-averias-servicio_1521637_102.html\" href=\"https:\/\/www.elnacional.cat\/es\/sociedad\/tanqueta-agua-unimog-mossos-prejubilada-con-mas-problemas-averias-servicio_1521637_102.html\" rel=\"follow nofollow noopener\" target=\"_self\" title=\"La tanqueta d&#039;aigua Unimog dels Mossos, prejubilada i amb m\u00e9s problemes i avaries que servei\">tanque de agua<\/a>, abrieron paso despu\u00e9s de horas de incidentes en la plaza de Urquinaona, el 19 de octubre. Tambi\u00e9n fueron los Mossos, con mucho trabajo, tal como recuerdan los jefes de la <strong>Brimo<\/strong>, los que pudieron desencallar la situaci\u00f3n en el aeropuerto, cuando los manifestantes se fueron retirando al anochecer, momento en que las unidades de orden p\u00fablico pudieron recuperar el espacio.<\/p>\n<p>&#13;<br \/>\n&#13;<br \/>\n&#13;<br \/>\nDurante m\u00e1s de una hora repasa la versi\u00f3n subjetiva de los polic\u00edas de la UIP\u00a0&#13;<\/p>\n<p>Todas las maniobras policiales de aquellos d\u00edas se decidieron desde un centro de mando que lideraban los Mossos, titulares del orden p\u00fablico en Catalunya, y eran quienes daban las \u00f3rdenes a las unidades de la <strong>UIP<\/strong> de la polic\u00eda espa\u00f1ola y al <strong>Grupo de Reserva y Seguridad (GRS)<\/strong> de la <strong>Guardia<\/strong> <strong>Civil<\/strong>, que tambi\u00e9n se despleg\u00f3 en algunos puntos, sobre todo en la zona del Puerto de Barcelona y otras infraestructuras cr\u00edticas. Un hecho que el documental pasa por alto. En las secuencias de im\u00e1genes se pueden detectar cortes de v\u00eddeo de protestas en la ciudad de Tarragona, frente a la delegaci\u00f3n del gobierno espa\u00f1ol, en la plaza Imperial Tarraco, si bien no se referencian.<\/p>\n<p>Armas de fuego largas en Prefectura<\/p>\n<p>De la escasa informaci\u00f3n operativa que se descubre es que en uno de los d\u00edas los agentes recibieron el encargo de dejar las armas largas de fuego real en el interior de la Jefatura de la polic\u00eda en V\u00eda Layetana; seg\u00fan uno de los agentes, por si los manifestantes violentos los superaban y era necesario defender el edificio. Sin decirlo expl\u00edcitamente, cala la idea de que los mandos no descartaron tener que hacer uso de munici\u00f3n real contra los manifestantes si se lograba tomar alg\u00fan edificio oficial, fuera la delegaci\u00f3n espa\u00f1ola, en la calle de Mallorca, o la Jefatura de la polic\u00eda espa\u00f1ola, en V\u00eda Layetana.<\/p>\n<p>Rechazos con banderas en su casa<\/p>\n<p>\u00ab\u00cdcaro: la semana en llamas\u00bb cierra con el regreso, a sus ciudades, de los agentes desplegados en Catalunya. Estas no son im\u00e1genes nuevas, pero presentan a los agentes que estuvieron en Barcelona aquella semana como, casi, los que salvaron la \u00abunidad\u00bb de Espa\u00f1a, recibidos por familiares y seguidores en las comisar\u00edas con flores y, claro, banderas espa\u00f1olas. El colof\u00f3n perfecto para un <strong>documental extempor\u00e1neo <\/strong>que no aporta ninguna novedad m\u00e1s all\u00e1 de ordenar \u2014con algunos errores\u2014 las im\u00e1genes de los graves incidentes de aquellos d\u00edas y poner voz a una parte de la historia y que ahora Filmin, por razones que se desconocen, ha querido promocionar.<\/p>\n","protected":false},"excerpt":{"rendered":"El 14 de octubre de 2019 el Tribunal Supremo conden\u00f3 a prisi\u00f3n a varios pol\u00edticos catalanes que hab\u00edan&hellip;\n","protected":false},"author":2,"featured_media":344212,"comment_status":"","ping_status":"","sticky":false,"template":"","format":"standard","meta":{"footnotes":""},"categories":[169],"tags":[177,146,147,25,24,176,175,23],"class_list":{"0":"post-344211","1":"post","2":"type-post","3":"status-publish","4":"format-standard","5":"has-post-thumbnail","7":"category-cine","8":"tag-cine","9":"tag-entertainment","10":"tag-entretenimiento","11":"tag-es","12":"tag-espana","13":"tag-film","14":"tag-movies","15":"tag-spain"},"share_on_mastodon":{"url":"","error":""},"_links":{"self":[{"href":"https:\/\/www.europesays.com\/es\/wp-json\/wp\/v2\/posts\/344211","targetHints":{"allow":["GET"]}}],"collection":[{"href":"https:\/\/www.europesays.com\/es\/wp-json\/wp\/v2\/posts"}],"about":[{"href":"https:\/\/www.europesays.com\/es\/wp-json\/wp\/v2\/types\/post"}],"author":[{"embeddable":true,"href":"https:\/\/www.europesays.com\/es\/wp-json\/wp\/v2\/users\/2"}],"replies":[{"embeddable":true,"href":"https:\/\/www.europesays.com\/es\/wp-json\/wp\/v2\/comments?post=344211"}],"version-history":[{"count":0,"href":"https:\/\/www.europesays.com\/es\/wp-json\/wp\/v2\/posts\/344211\/revisions"}],"wp:featuredmedia":[{"embeddable":true,"href":"https:\/\/www.europesays.com\/es\/wp-json\/wp\/v2\/media\/344212"}],"wp:attachment":[{"href":"https:\/\/www.europesays.com\/es\/wp-json\/wp\/v2\/media?parent=344211"}],"wp:term":[{"taxonomy":"category","embeddable":true,"href":"https:\/\/www.europesays.com\/es\/wp-json\/wp\/v2\/categories?post=344211"},{"taxonomy":"post_tag","embeddable":true,"href":"https:\/\/www.europesays.com\/es\/wp-json\/wp\/v2\/tags?post=344211"}],"curies":[{"name":"wp","href":"https:\/\/api.w.org\/{rel}","templated":true}]}}