{"id":344217,"date":"2026-01-16T15:37:10","date_gmt":"2026-01-16T15:37:10","guid":{"rendered":"https:\/\/www.europesays.com\/es\/344217\/"},"modified":"2026-01-16T15:37:10","modified_gmt":"2026-01-16T15:37:10","slug":"ten-dice-adios-a-no-somos-nadie-se-cancela-el-programa-de-maria-patino-y-carlota-corredera","status":"publish","type":"post","link":"https:\/\/www.europesays.com\/es\/344217\/","title":{"rendered":"TEN dice adi\u00f3s a \u2018No somos nadie\u2019: se cancela el programa de Mar\u00eda Pati\u00f1o y Carlota Corredera"},"content":{"rendered":"<p class=\"\">Adi\u00f3s a \u2018No somos nadie\u2019, el programa que naci\u00f3 en TEN despu\u00e9s del fracaso de \u2018La familia de la tele\u2019 en RTVE y que devolvi\u00f3 a Mar\u00eda Pati\u00f1o, Carlota Corredera, Bel\u00e9n Esteban, Kiko Matamoros y compa\u00f1\u00eda a la peque\u00f1a pantalla. El programa producido por La Osa Producciones Audiovisuales<b> llegar\u00e1 a su fin el pr\u00f3ximo viernes 30 de enero<\/b>, tal y como ellos mismos han anunciado hace escasos minutos.<\/p>\n<p class=\"\">\u201cTEN TV y La Osa Producciones cierran una etapa con \u2018No somos nadie\u2019 y abren un periodo de colaboraci\u00f3n creativa (..) Cadena y productora han acordado de forma conjunta finalizar la trayectoria del programa el pr\u00f3ximo 30 de enero. <b>Este cierre de ciclo responde a la voluntad de ambas partes a evolucionar hacia nuevos proyectos\u201d<\/b>, se puede leer en el comunicado.<\/p>\n<p>El fin de una era<\/p>\n<p class=\"\">Por su parte, Adri\u00e1n Madrid y \u00d3scar Cornejo, m\u00e1ximos responsables de \u2018No somos nadie\u2019 reconocen que el formato \u201cha sido una pieza clave en el proceso de transici\u00f3n de La Osa\u201d. \u201cEl final del programa responde a <b>una decisi\u00f3n consciente de cerrar un ciclo para consolidarse<\/b>, sin ataduras ni inercias pasadas, como una productora responsable que hoy trabaja desde la libertad empresarial y en plena autonom\u00eda creativa\u201d, alegan.<\/p>\n<p class=\"\">\u201cAgradecimos infinitamente a TEN TV el respaldo brindado y emprendemos juntos un proceso de trabajo en el que <b>estudiaremos diferentes opciones de contenidos <\/b>para su antena\u201d, concluyen.<\/p>\n<p>Noticias relacionadas<a href=\"https:\/\/as.com\/tikitakas\/television\/kiko-matamoros-y-kiko-hernandez-obligados-a-cambiar-el-nombre-de-su-nuevo-programa-ya-nos-han-jodido-f202601-n\/\" class=\"s_m_w\" title=\"Los excolaboradores de \u2018S\u00e1lvame\u2019 anuncian proyecto en YouTube y destapan las complicaciones que est\u00e1n atravesando antes de su estreno.\" data-tb-link=\"\" rel=\"nofollow noopener\" target=\"_blank\"><img decoding=\"async\" src=\"https:\/\/www.europesays.com\/es\/wp-content\/uploads\/2026\/01\/I2JDSHLKTRCIXKQHJ2763Q2O5A.png\" alt=\"Kiko Matamoros y Kiko Hern\u00e1ndez, obligados a cambiar el nombre de su nuevo programa: \u201cYa nos han jodido\u201d\" class=\"\" height=\"9\" width=\"16\"   loading=\"lazy\" data-tb-thumbnail=\"\"\/><\/a><a href=\"https:\/\/as.com\/tikitakas\/television\/belen-esteban-dice-adios-a-la-television-quiero-dedicar-tiempo-para-mi-f202601-n\/\" class=\"s_m_w\" title=\"En una entrevista con \u2018El Televisero\u2019, la colaboradora ha hablado sobre su presencia en \u2018Top Chef: dulces y famosos\u2019 y ha revelado que se tomar\u00e1 un a\u00f1o sab\u00e1tico.\" data-tb-link=\"\" rel=\"nofollow noopener\" target=\"_blank\"><img decoding=\"async\" src=\"https:\/\/www.europesays.com\/es\/wp-content\/uploads\/2026\/01\/1768577830_774_ITPJE5NOKVC3JGK3MTKUNACVGU.png\" alt=\"Bel\u00e9n Esteban dice \u2018adi\u00f3s\u2019 a la televisi\u00f3n: \u201cQuiero dedicar tiempo para m\u00ed\u201d\" class=\"\" height=\"9\" width=\"16\"   loading=\"lazy\" data-tb-thumbnail=\"\"\/><\/a><\/p>\n<p class=\"\">El abrupto final de \u2018No somos nadie\u2019 llega a las pocas semanas de que<b> algunos de sus colaboradores m\u00e1s medi\u00e1ticos decidieran abandonar el espacio <\/b>para afrontar nuevos retos profesionales. La primera en hacerlo fue Bel\u00e9n Esteban para poner rumbo a RTVE y participar en \u2018Top Chef\u2019 y m\u00e1s recientemente Kiko Matamoros, que ya prepara su propio programa con Kiko Hern\u00e1ndez en YouTube.<\/p>\n<p class=\"\"><b>\u00a1Tus opiniones importan!<\/b> Comenta en los art\u00edculos y suscr\u00edbete gratis a nuestra <a href=\"https:\/\/asfan.as.com\/newsletters\/\" target=\"_blank\" rel=\"nofollow noopener\" title=\"https:\/\/asfan.as.com\/newsletters\/\">newsletter<\/a> y a las alertas informativas en la <a href=\"https:\/\/as.com\/aplicacion-de-as-n\/\" target=\"_blank\" rel=\"nofollow noopener\" title=\"https:\/\/as.com\/aplicacion-de-as-n\/\">App<\/a> o el canal de <a href=\"https:\/\/www.whatsapp.com\/channel\/0029VaAasdA7j6g745nz9M10\" target=\"_blank\" rel=\"nofollow noopener\" title=\"https:\/\/www.whatsapp.com\/channel\/0029VaAasdA7j6g745nz9M10\">WhatsApp<\/a>. \u00bfBuscas licenciar contenido? Haz clic <a href=\"https:\/\/profesional.elpais.com\/landing-sindicacion?utm_medium=interno&amp;utm_source=crosslinking&amp;utm_campaign=sindicacion_as_pie_articulos\" target=\"_blank\" rel=\"nofollow noopener\" title=\"https:\/\/profesional.elpais.com\/landing-sindicacion?utm_medium=interno&amp;utm_source=crosslinking&amp;utm_campaign=sindicacion_as_pie_articulos\">aqu\u00ed<\/a><\/p>\n","protected":false},"excerpt":{"rendered":"Adi\u00f3s a \u2018No somos nadie\u2019, el programa que naci\u00f3 en TEN despu\u00e9s del fracaso de \u2018La familia de&hellip;\n","protected":false},"author":2,"featured_media":344218,"comment_status":"","ping_status":"","sticky":false,"template":"","format":"standard","meta":{"footnotes":""},"categories":[91],"tags":[146,147,25,24,23],"class_list":{"0":"post-344217","1":"post","2":"type-post","3":"status-publish","4":"format-standard","5":"has-post-thumbnail","7":"category-entretenimiento","8":"tag-entertainment","9":"tag-entretenimiento","10":"tag-es","11":"tag-espana","12":"tag-spain"},"share_on_mastodon":{"url":"https:\/\/pubeurope.com\/@es\/115905524374131310","error":""},"_links":{"self":[{"href":"https:\/\/www.europesays.com\/es\/wp-json\/wp\/v2\/posts\/344217","targetHints":{"allow":["GET"]}}],"collection":[{"href":"https:\/\/www.europesays.com\/es\/wp-json\/wp\/v2\/posts"}],"about":[{"href":"https:\/\/www.europesays.com\/es\/wp-json\/wp\/v2\/types\/post"}],"author":[{"embeddable":true,"href":"https:\/\/www.europesays.com\/es\/wp-json\/wp\/v2\/users\/2"}],"replies":[{"embeddable":true,"href":"https:\/\/www.europesays.com\/es\/wp-json\/wp\/v2\/comments?post=344217"}],"version-history":[{"count":0,"href":"https:\/\/www.europesays.com\/es\/wp-json\/wp\/v2\/posts\/344217\/revisions"}],"wp:featuredmedia":[{"embeddable":true,"href":"https:\/\/www.europesays.com\/es\/wp-json\/wp\/v2\/media\/344218"}],"wp:attachment":[{"href":"https:\/\/www.europesays.com\/es\/wp-json\/wp\/v2\/media?parent=344217"}],"wp:term":[{"taxonomy":"category","embeddable":true,"href":"https:\/\/www.europesays.com\/es\/wp-json\/wp\/v2\/categories?post=344217"},{"taxonomy":"post_tag","embeddable":true,"href":"https:\/\/www.europesays.com\/es\/wp-json\/wp\/v2\/tags?post=344217"}],"curies":[{"name":"wp","href":"https:\/\/api.w.org\/{rel}","templated":true}]}}