{"id":344223,"date":"2026-01-16T15:40:09","date_gmt":"2026-01-16T15:40:09","guid":{"rendered":"https:\/\/www.europesays.com\/es\/344223\/"},"modified":"2026-01-16T15:40:09","modified_gmt":"2026-01-16T15:40:09","slug":"el-movimiento-de-protesta-en-iran-amaina-frente-a-la-brutal-represion","status":"publish","type":"post","link":"https:\/\/www.europesays.com\/es\/344223\/","title":{"rendered":"El movimiento de protesta en Ir\u00e1n amaina frente a la \u00abbrutal\u00bb represi\u00f3n"},"content":{"rendered":"<p>    <img src=\"https:\/\/www.europesays.com\/es\/wp-content\/uploads\/2026\/01\/2026-01-16T123A583A09Z-90788794.jpg\" width=\"1024\" height=\"682\" alt=\"\" loading=\"eager\" decoding=\"sync\" fetchpriority=\"high\"\/><\/p>\n<p>            afp_tickers        <\/p>\n<p>        Este contenido fue publicado en    <\/p>\n<p>        16 enero 2026 &#8211; 15:38\n<\/p>\n<p>La intensidad de las protestas en Ir\u00e1n contra el sistema teocr\u00e1tico de la rep\u00fablica isl\u00e1mica ha disminuido tras una brutal represi\u00f3n con miles de muertos y en medio de un apag\u00f3n de internet, afirman este viernes organismos de monitoreo.\u00a0<\/p>\n<p>La amenaza de un ataque de Estados Unidos a Ir\u00e1n tambi\u00e9n parece haber mermado.<\/p>\n<p>Seg\u00fan un funcionario saud\u00ed, los aliados del Golfo han convencido al presidente estadounidense Donald Trump para que d\u00e9 una \u00aboportunidad\u00bb a Teher\u00e1n.\u00a0<\/p>\n<p>La movilizaci\u00f3n comenz\u00f3 el 28 de diciembre en Teher\u00e1n para protestar contra el costo de la vida, pero se extendi\u00f3 a otras ciudades para reclamar la ca\u00edda del sistema clerical que ha gobernado Ir\u00e1n desde la revoluci\u00f3n de 1979.\u00a0<\/p>\n<p>Las autoridades cortaron internet para, seg\u00fan las organizaciones de defensa de los derechos humanos, ocultar la amplitud de la represi\u00f3n.<\/p>\n<p>El jueves por la noche, al comienzo de un puente festivo de tres d\u00edas, las fuerzas de seguridad estaban muy presentes en las calles de Teher\u00e1n, constat\u00f3 un periodista de la AFP.<\/p>\n<p>La represi\u00f3n ha \u00abprobablemente sofocado el movimiento de protesta por ahora\u00bb, estima el Instituto para el Estudio de la Guerra, con sede en Estados Unidos, que ha monitoreado las manifestaciones.\u00a0<\/p>\n<p>\u00abSin embargo, la movilizaci\u00f3n generalizada de las fuerzas de seguridad (\u2026) es insostenible, lo que hace posible que las protestas puedan reanudarse\u00bb, a\u00f1adi\u00f3.<\/p>\n<p>El grupo de derechos humanos Iran Human Rights (IHR), con sede en Noruega, contabiliza al menos 3.428 manifestantes muertos a manos de las fuerzas de seguridad. Pero podr\u00edan ser muchos m\u00e1s.<\/p>\n<p>Seg\u00fan su director Mahmood Amiry-Moghaddam, las autoridades dirigidas por el l\u00edder supremo, el ayatol\u00e1 Al\u00ed Jamenei, han \u00abcometido uno de los cr\u00edmenes m\u00e1s graves de nuestra \u00e9poca\u00bb.\u00a0<\/p>\n<p>Cit\u00f3 \u00abrelatos horripilantes de testigos presenciales\u00bb sobre \u00abmanifestantes muertos a tiros mientras intentaban huir, el uso de armas de guerra y la ejecuci\u00f3n en plena calle de manifestantes heridos\u00bb.<\/p>\n<p>Funcionarios de seguridad locales citados este viernes por la agencia de noticias Tasnim afirmaron que unas 3.000 personas fueron detenidas durante las protestas.<\/p>\n<p>Esta cifra incluye a \u00abindividuos armados y alborotadores\u00bb y \u00abmiembros de organizaciones terroristas\u00bb, seg\u00fan Tasnim, considerada cercana a las fuerzas de seguridad. Los grupos defensores de los derechos humanos contabilizan unos 20.000 arrestos.\u00a0<\/p>\n<p>Los iran\u00edes llevan sin internet m\u00e1s de 180 horas, m\u00e1s que durante las manifestaciones multitudinarias de 2019, subray\u00f3 la oeneg\u00e9 de vigilancia de ciberseguridad Netblocks.\u00a0<\/p>\n<p>En nuevos videos grabados en el apogeo de las manifestaciones se ven cuerpos alineados en la morgue de Kahrizak, al sur de Teher\u00e1n, y familiares desconsolados en busca de sus seres queridos. La AFP verific\u00f3 que han sido filmados en esos lugares.<\/p>\n<p>\u2013 Dar \u00abuna oportunidad\u00bb a Ir\u00e1n \u2013\u00a0<\/p>\n<p>Ir\u00e1n y Estados Unidos parecen haber bajado el tono.\u00a0<\/p>\n<p>El presidente ruso, Vladimir Putin, habl\u00f3 por tel\u00e9fono el viernes con el primer ministro israel\u00ed, Benjam\u00edn Netanyahu, y prev\u00e9 hacerlo con su hom\u00f3logo iran\u00ed, Masud Pezeshkian, anunci\u00f3 el Kremlin. El objetivo es reducir la tensi\u00f3n en un pa\u00eds aliado de Mosc\u00fa.<\/p>\n<p>La Casa Blanca tambi\u00e9n confirm\u00f3 que el presidente estadounidense habl\u00f3 con Netanyahu, quien, seg\u00fan el New York Times, le pidi\u00f3 que no interviniera militarmente.\u00a0<\/p>\n<p>Un alto cargo saud\u00ed declar\u00f3 el jueves a la AFP que Arabia Saudita, Catar y Om\u00e1n han advertido a Trump del riesgo de \u00abgraves repercusiones para la regi\u00f3n\u00bb.\u00a0<\/p>\n<p>Los tres pa\u00edses \u00abhicieron intensos esfuerzos diplom\u00e1ticos de \u00faltima hora para convencer al presidente Trump que d\u00e9 a Ir\u00e1n la oportunidad de demostrar sus buenas intenciones\u00bb, dijo este funcionario que pidi\u00f3 el anonimato.\u00a0<\/p>\n<p>\u00abTodas las opciones siguen sobre la mesa\u00bb, especific\u00f3 el jueves la portavoz de la Casa Blanca, Karoline Leavitt.\u00a0<\/p>\n<p>\u2013 Ir\u00e1n acusa a EEUU de sacar provecho de las protestas \u2013\u00a0<\/p>\n<p>La Casa Blanca asegur\u00f3 que Ir\u00e1n suspendi\u00f3 800 ejecuciones de manifestantes previstas la v\u00edspera, una cifra no mencionada por las autoridades iran\u00edes ni por los activistas de derechos humanos.\u00a0<\/p>\n<p>El gobierno estadounidense tambi\u00e9n anunci\u00f3 sanciones econ\u00f3micas contra funcionarios acusados de coordinar la represi\u00f3n, incluido Ali Larijani, a la cabeza del m\u00e1ximo organismo de seguridad de Ir\u00e1n.<\/p>\n<p>En el Consejo de Seguridad de la ONU en Nueva York, la periodista iran\u00ed-estadounidense Masih Alinejad, afirm\u00f3 que \u00abtodos los iran\u00edes est\u00e1n unidos\u00bb contra el sistema clerical en Ir\u00e1n.\u00a0<\/p>\n<p>El representante de Ir\u00e1n en la reuni\u00f3n, Gholamhosein Darzi, acus\u00f3 a Estados Unidos de \u00abaprovechar las protestas pac\u00edficas con fines geopol\u00edticos\u00bb.<\/p>\n<p>sjw\/ah\/jfx\/cm\/erl-sag\/an<\/p>\n","protected":false},"excerpt":{"rendered":"afp_tickers Este contenido fue publicado en 16 enero 2026 &#8211; 15:38 La intensidad de las protestas en Ir\u00e1n&hellip;\n","protected":false},"author":2,"featured_media":344224,"comment_status":"","ping_status":"","sticky":false,"template":"","format":"standard","meta":{"footnotes":""},"categories":[42],"tags":[17,18,82,3675,636,18680,13,14,11,61,62,63,64,11895,19,20,7657,9,10,15,16,88,90,12,21,22,65,66,67],"class_list":{"0":"post-344223","1":"post","2":"type-post","3":"status-publish","4":"format-standard","5":"has-post-thumbnail","7":"category-internacional","8":"tag-breaking-news","9":"tag-breakingnews","10":"tag-business","11":"tag-civil-unrest","12":"tag-conflict","13":"tag-demonstration","14":"tag-featured-news","15":"tag-featurednews","16":"tag-headlines","17":"tag-internacional","18":"tag-international","19":"tag-international-news","20":"tag-internationalnews","21":"tag-justice-and-rights","22":"tag-latest-news","23":"tag-latestnews","24":"tag-law-and-order","25":"tag-news","26":"tag-noticias","27":"tag-noticias-destacadas","28":"tag-noticiasdestacadas","29":"tag-politics","30":"tag-ticker","31":"tag-titulares","32":"tag-ultimas-noticias","33":"tag-ultimasnoticias","34":"tag-world","35":"tag-world-news","36":"tag-worldnews"},"share_on_mastodon":{"url":"https:\/\/pubeurope.com\/@es\/115905535984444954","error":""},"_links":{"self":[{"href":"https:\/\/www.europesays.com\/es\/wp-json\/wp\/v2\/posts\/344223","targetHints":{"allow":["GET"]}}],"collection":[{"href":"https:\/\/www.europesays.com\/es\/wp-json\/wp\/v2\/posts"}],"about":[{"href":"https:\/\/www.europesays.com\/es\/wp-json\/wp\/v2\/types\/post"}],"author":[{"embeddable":true,"href":"https:\/\/www.europesays.com\/es\/wp-json\/wp\/v2\/users\/2"}],"replies":[{"embeddable":true,"href":"https:\/\/www.europesays.com\/es\/wp-json\/wp\/v2\/comments?post=344223"}],"version-history":[{"count":0,"href":"https:\/\/www.europesays.com\/es\/wp-json\/wp\/v2\/posts\/344223\/revisions"}],"wp:featuredmedia":[{"embeddable":true,"href":"https:\/\/www.europesays.com\/es\/wp-json\/wp\/v2\/media\/344224"}],"wp:attachment":[{"href":"https:\/\/www.europesays.com\/es\/wp-json\/wp\/v2\/media?parent=344223"}],"wp:term":[{"taxonomy":"category","embeddable":true,"href":"https:\/\/www.europesays.com\/es\/wp-json\/wp\/v2\/categories?post=344223"},{"taxonomy":"post_tag","embeddable":true,"href":"https:\/\/www.europesays.com\/es\/wp-json\/wp\/v2\/tags?post=344223"}],"curies":[{"name":"wp","href":"https:\/\/api.w.org\/{rel}","templated":true}]}}