{"id":344225,"date":"2026-01-16T15:41:12","date_gmt":"2026-01-16T15:41:12","guid":{"rendered":"https:\/\/www.europesays.com\/es\/344225\/"},"modified":"2026-01-16T15:41:12","modified_gmt":"2026-01-16T15:41:12","slug":"toni-perez-afirma-que-colaboracion-formacion-innovacion-y-recursos-son-esenciales-para-afianzar-la-seguridad-de-los-destinos","status":"publish","type":"post","link":"https:\/\/www.europesays.com\/es\/344225\/","title":{"rendered":"Toni P\u00e9rez afirma que \u201ccolaboraci\u00f3n, formaci\u00f3n, innovaci\u00f3n y recursos\u201d son \u201cesenciales\u201d para afianzar la seguridad de los destinos"},"content":{"rendered":"<p>El alcalde de Benidorm, Toni P\u00e9rez, ha asegurado hoy que \u201ccolaboraci\u00f3n, formaci\u00f3n, innovaci\u00f3n y recursos\u201d son \u201cesenciales\u201d para afianzar la seguridad de los destinos tur\u00edsticos y c\u00f3mo se percibe la misma. Toni P\u00e9rez ha abordado esta idea durante el I Foro de Polic\u00eda Local y Turismo celebrado hoy en l\u2019Alf\u00e0s del Pi y al que ha sido invitado en su doble condici\u00f3n de alcalde y presidente de la Diputaci\u00f3n.\u00a0<\/p>\n<p>Un foro en el que ha compartido mesa de debate con el conseller de Emergencia e Interior, Juan Carlos Valderrama, y con el director general de Turismo, Israel Mart\u00ednez; as\u00ed como tambi\u00e9n el presidente de la patronal hotelera Hosbec, Fede Fuster; la catedr\u00e1tica de Sociolog\u00eda e investigadora del Instituto Universitario de Investigaciones Tur\u00edsticas de la Universidad de Alicante (UA), Raquel Huete; los ediles de Turismo y Seguridad Ciudadana de l\u2019Alf\u00e0s, Toni Such y Luis Miguel Morant; y el intendente jefe de la Polic\u00eda Local de Pe\u00f1\u00edscola, Antonio Andr\u00e9s Morej\u00f3n de Gir\u00f3n.<\/p>\n<p>El alcalde ha incidido en que \u201cla percepci\u00f3n de seguridad en Benidorm supera muchas veces la del clima\u201d y ha destacado el trabajo coordinado que despliegan a diario Polic\u00eda Local y Cuerpo Nacional de Polic\u00eda.\u00a0<\/p>\n<p>Toni P\u00e9rez ha reconocido la complejidad de la gesti\u00f3n de la seguridad en una ciudad con una poblaci\u00f3n flotante tan importante como la de Benidorm, que cuenta con una plantilla de Polic\u00eda Local que \u201cmultiplica por dos lo que nos corresponder\u00eda por poblaci\u00f3n empadronada\u201d. \u201cLos recursos deben ponerse a disposici\u00f3n de quienes deben garantizar la seguridad y est\u00e1n en conexi\u00f3n directa con los turistas\u201d, ha subrayado el alcalde, tras se\u00f1alar que ser reconocido legalmente como municipio tur\u00edstico favorecer\u00eda que Benidorm contara con m\u00e1s recursos econ\u00f3micos y humanos al servicio de la seguridad.\u00a0<br \/>\u00a0<\/p>\n","protected":false},"excerpt":{"rendered":"El alcalde de Benidorm, Toni P\u00e9rez, ha asegurado hoy que \u201ccolaboraci\u00f3n, formaci\u00f3n, innovaci\u00f3n y recursos\u201d son \u201cesenciales\u201d para&hellip;\n","protected":false},"author":2,"featured_media":344226,"comment_status":"","ping_status":"","sticky":false,"template":"","format":"standard","meta":{"footnotes":""},"categories":[8],"tags":[17,18,25,24,13,14,50473,11,19,20,9,10,15,16,1251,20046,23,12,2506,4664,21,22],"class_list":{"0":"post-344225","1":"post","2":"type-post","3":"status-publish","4":"format-standard","5":"has-post-thumbnail","7":"category-espana","8":"tag-breaking-news","9":"tag-breakingnews","10":"tag-es","11":"tag-espana","12":"tag-featured-news","13":"tag-featurednews","14":"tag-foro","15":"tag-headlines","16":"tag-latest-news","17":"tag-latestnews","18":"tag-news","19":"tag-noticias","20":"tag-noticias-destacadas","21":"tag-noticiasdestacadas","22":"tag-policia-local","23":"tag-seguridad-ciudadana","24":"tag-spain","25":"tag-titulares","26":"tag-toni-perez","27":"tag-turismo","28":"tag-ultimas-noticias","29":"tag-ultimasnoticias"},"share_on_mastodon":{"url":"https:\/\/pubeurope.com\/@es\/115905539988290983","error":""},"_links":{"self":[{"href":"https:\/\/www.europesays.com\/es\/wp-json\/wp\/v2\/posts\/344225","targetHints":{"allow":["GET"]}}],"collection":[{"href":"https:\/\/www.europesays.com\/es\/wp-json\/wp\/v2\/posts"}],"about":[{"href":"https:\/\/www.europesays.com\/es\/wp-json\/wp\/v2\/types\/post"}],"author":[{"embeddable":true,"href":"https:\/\/www.europesays.com\/es\/wp-json\/wp\/v2\/users\/2"}],"replies":[{"embeddable":true,"href":"https:\/\/www.europesays.com\/es\/wp-json\/wp\/v2\/comments?post=344225"}],"version-history":[{"count":0,"href":"https:\/\/www.europesays.com\/es\/wp-json\/wp\/v2\/posts\/344225\/revisions"}],"wp:featuredmedia":[{"embeddable":true,"href":"https:\/\/www.europesays.com\/es\/wp-json\/wp\/v2\/media\/344226"}],"wp:attachment":[{"href":"https:\/\/www.europesays.com\/es\/wp-json\/wp\/v2\/media?parent=344225"}],"wp:term":[{"taxonomy":"category","embeddable":true,"href":"https:\/\/www.europesays.com\/es\/wp-json\/wp\/v2\/categories?post=344225"},{"taxonomy":"post_tag","embeddable":true,"href":"https:\/\/www.europesays.com\/es\/wp-json\/wp\/v2\/tags?post=344225"}],"curies":[{"name":"wp","href":"https:\/\/api.w.org\/{rel}","templated":true}]}}