{"id":344276,"date":"2026-01-16T16:16:22","date_gmt":"2026-01-16T16:16:22","guid":{"rendered":"https:\/\/www.europesays.com\/es\/344276\/"},"modified":"2026-01-16T16:16:22","modified_gmt":"2026-01-16T16:16:22","slug":"la-principal-tendencia-en-bienestar-para-2026-no-hacer-nada","status":"publish","type":"post","link":"https:\/\/www.europesays.com\/es\/344276\/","title":{"rendered":"La principal tendencia en bienestar para 2026: no hacer NADA"},"content":{"rendered":"<p><strong>La principal tendencia en bienestar para 2026 consistir\u00e1 en no hacer NADA<\/strong><\/p>\n<p><a href=\"https:\/\/www.revistaad.es\/galerias\/casas-de-revista-llenas-de-buenas-ideas\" rel=\"nofollow noopener\" target=\"_blank\">Para los superricos,<\/a> <strong>crear un hogar perfecto no consiste simplemente en disfrutar de amplias habitaciones amuebladas<\/strong> con la \u00faltima tecnolog\u00eda y las piezas de dise\u00f1o m\u00e1s codiciadas. En un mundo de distracciones las 24 horas del d\u00eda, <strong>el <a href=\"https:\/\/www.revistaad.es\/articulos\/casa-tracy-anderson\" rel=\"nofollow noopener\" target=\"_blank\">lujo supremo en 2026<\/a> es disponer de una habitaci\u00f3n donde poder desconectar, relajarse<\/strong> y escapar del mundanal ruido.<\/p>\n<p>La dise\u00f1adora de interiores <a data-offer-url=\"https:\/\/www.alessiamainardi.com\/\" class=\"external-link\" data-event-click=\"{&quot;element&quot;:&quot;ExternalLink&quot;,&quot;outgoingURL&quot;:&quot;https:\/\/www.alessiamainardi.com\/&quot;}\" href=\"https:\/\/www.alessiamainardi.com\/\" rel=\"nofollow noopener\" target=\"_blank\">Alessia Mainardi<\/a> ha observado un aumento de la demanda entre sus clientes de alto poder adquisitivo de espacios dedicados a la relajaci\u00f3n, lo que, seg\u00fan ella, \u201crefleja una <strong>creciente necesidad de desconectar de una vida ajetreada, dar prioridad a la salud mental y crear un santuario para la espiritualidad<\/strong> y la atenci\u00f3n plena\u201d. Adem\u00e1s de <a href=\"https:\/\/www.revistaad.es\/galerias\/gimnasio-en-casa-trucos-de-experto\" rel=\"nofollow noopener\" target=\"_blank\">gimnasios y espacios de fitness<\/a> m\u00e1s convencionales, aparecen estas estancias. \u201cDe esta manera, en las casas hay fitness para el cuerpo y meditaci\u00f3n para la mente\u201d.<\/p>\n<p><img decoding=\"async\" alt=\"Bienestar Muebles interiores cama dormitorio habitaci\u00f3n libro publicaci\u00f3n lmpara cama con dosel decoraci\u00f3n del hogar...\" loading=\"lazy\" class=\"ResponsiveImageContainer-eNxvmU cfBbTk responsive-image__image\"   src=\"https:\/\/www.europesays.com\/es\/wp-content\/uploads\/2026\/01\/Alessia%20Mainardi%20Tuscany%202.jpg\"\/><\/p>\n<p>Para la casa de un cliente en la Toscana, Alessia Mainardi dise\u00f1\u00f3 una sala de meditaci\u00f3n con un sof\u00e1-cama de estilo japon\u00e9s colgado con cortinas transparentes con vistas a una chimenea.@ Cortes\u00eda de Alessia Mainardi<\/p>\n<p>En uno de sus \u00faltimos proyectos ha sido una <a href=\"https:\/\/www.revistaad.es\/articulos\/de-casa-de-campo-anodina-a-casa-de-vacaciones-a-medida-villa-riparbella-redefine-el-concepto-de-verano\" rel=\"nofollow noopener\" target=\"_blank\">casa en la Toscana<\/a> cuyos propietarios deseaban bienestar, espec\u00edficamente, zonas donde poder meditar y conectar con la naturaleza. Mainardi incorpor\u00f3 una <strong>sala de meditaci\u00f3n y relajaci\u00f3n con un gran <a href=\"https:\/\/www.revistaad.es\/articulos\/estilo-decorativo-japandi\" rel=\"nofollow noopener\" target=\"_blank\">sof\u00e1-cama de estilo japon\u00e9s<\/a><\/strong> colgado con cortinas transparentes, amueblado con sobriedad y con una sencilla chimenea abierta: <strong>el polo opuesto a un espacio de gimnasio de alta tecnolog\u00eda equipado con maquinaria y pesas.<\/strong><\/p>\n<p>\u201cLos componentes de dise\u00f1o esenciales de una habitaci\u00f3n dedicada al bienestar incluyen tonos neutros, bordes suaves y <strong>elementos que evoquen espiritualidad\u201d<\/strong><\/p>\n<p>Alessia Mainardi, dise\u00f1adora<\/p>\n<p>Para ella, los componentes de dise\u00f1o esenciales de una habitaci\u00f3n dedicada al bienestar incluyen tonos neutros, bordes suaves y <strong>\u201cobjetos que evoquen espiritualidad, como texturas naturales e iluminaci\u00f3n relajante\u201d.<\/strong><\/p>\n","protected":false},"excerpt":{"rendered":"La principal tendencia en bienestar para 2026 consistir\u00e1 en no hacer NADA Para los superricos, crear un hogar&hellip;\n","protected":false},"author":2,"featured_media":344277,"comment_status":"","ping_status":"","sticky":false,"template":"","format":"standard","meta":{"footnotes":""},"categories":[173],"tags":[229,233,231,230,4251,232,234,146,147,25,24,23],"class_list":{"0":"post-344276","1":"post","2":"type-post","3":"status-publish","4":"format-standard","5":"has-post-thumbnail","7":"category-arte-y-diseno","8":"tag-arte","9":"tag-arte-y-diseno","10":"tag-arts","11":"tag-arts-and-design","12":"tag-bienestar","13":"tag-design","14":"tag-diseno","15":"tag-entertainment","16":"tag-entretenimiento","17":"tag-es","18":"tag-espana","19":"tag-spain"},"share_on_mastodon":{"url":"https:\/\/pubeurope.com\/@es\/115905677394257262","error":""},"_links":{"self":[{"href":"https:\/\/www.europesays.com\/es\/wp-json\/wp\/v2\/posts\/344276","targetHints":{"allow":["GET"]}}],"collection":[{"href":"https:\/\/www.europesays.com\/es\/wp-json\/wp\/v2\/posts"}],"about":[{"href":"https:\/\/www.europesays.com\/es\/wp-json\/wp\/v2\/types\/post"}],"author":[{"embeddable":true,"href":"https:\/\/www.europesays.com\/es\/wp-json\/wp\/v2\/users\/2"}],"replies":[{"embeddable":true,"href":"https:\/\/www.europesays.com\/es\/wp-json\/wp\/v2\/comments?post=344276"}],"version-history":[{"count":0,"href":"https:\/\/www.europesays.com\/es\/wp-json\/wp\/v2\/posts\/344276\/revisions"}],"wp:featuredmedia":[{"embeddable":true,"href":"https:\/\/www.europesays.com\/es\/wp-json\/wp\/v2\/media\/344277"}],"wp:attachment":[{"href":"https:\/\/www.europesays.com\/es\/wp-json\/wp\/v2\/media?parent=344276"}],"wp:term":[{"taxonomy":"category","embeddable":true,"href":"https:\/\/www.europesays.com\/es\/wp-json\/wp\/v2\/categories?post=344276"},{"taxonomy":"post_tag","embeddable":true,"href":"https:\/\/www.europesays.com\/es\/wp-json\/wp\/v2\/tags?post=344276"}],"curies":[{"name":"wp","href":"https:\/\/api.w.org\/{rel}","templated":true}]}}