{"id":344298,"date":"2026-01-16T16:28:21","date_gmt":"2026-01-16T16:28:21","guid":{"rendered":"https:\/\/www.europesays.com\/es\/344298\/"},"modified":"2026-01-16T16:28:21","modified_gmt":"2026-01-16T16:28:21","slug":"la-comision-permanente-del-foro-economico-y-social-celebra-su-primera-reunion-de-2026","status":"publish","type":"post","link":"https:\/\/www.europesays.com\/es\/344298\/","title":{"rendered":"La Comisi\u00f3n Permanente del Foro Econ\u00f3mico y Social celebra su primera reuni\u00f3n de 2026"},"content":{"rendered":"<p>La Comisi\u00f3n Permanente del Foro Econ\u00f3mico y Social del Ayuntamiento de La Laguna ha celebr\u00f3 en la ma\u00f1ana de hoy la primera reuni\u00f3n del a\u00f1o 2026, en la que se ha procedido al an\u00e1lisis de las 124 propuestas\u00a0presentadas por personas a t\u00edtulo individual, colectivos e instituciones para su posible inclusi\u00f3n en la programaci\u00f3n anual del Foro.<\/p>\n<p>Estas propuestas se recibieron durante el plazo de participaci\u00f3n abierto entre el 3 de diciembre de 2025 y el 15 de enero de 2026, habilitado con el objetivo de fomentar la implicaci\u00f3n activa de la ciudadan\u00eda y de los distintos agentes sociales, econ\u00f3micos e institucionales del municipio en la definici\u00f3n de los contenidos y l\u00edneas de trabajo del Foro.<\/p>\n<p>Durante la sesi\u00f3n, la Comisi\u00f3n Permanente evalu\u00f3 las iniciativas recibidas, valorando su adecuaci\u00f3n a los objetivos del Foro Econ\u00f3mico y Social, su viabilidad y su contribuci\u00f3n al desarrollo econ\u00f3mico, social y sostenible del municipio de San Crist\u00f3bal de La Laguna.<\/p>\n<p>La Comisi\u00f3n Permanente del Foro Econ\u00f3mico y Social continuar\u00e1 estudiando y analizando las propuestas recibidas, con el objetivo de elevar una propuesta definitiva para su aprobaci\u00f3n en el I Pleno del FES 2026, que tendr\u00e1 lugar el pr\u00f3ximo 29 de enero en el Ex Convento de Santo Domingo.<\/p>\n<p>El Ayuntamiento de La Laguna destaca la alta participaci\u00f3n registrada, que refleja el inter\u00e9s y el compromiso de la sociedad lagunera con este espacio de di\u00e1logo, reflexi\u00f3n y propuesta, consolidado como una herramienta clave para el an\u00e1lisis y la generaci\u00f3n de iniciativas en beneficio del municipio.<\/p>\n","protected":false},"excerpt":{"rendered":"La Comisi\u00f3n Permanente del Foro Econ\u00f3mico y Social del Ayuntamiento de La Laguna ha celebr\u00f3 en la ma\u00f1ana&hellip;\n","protected":false},"author":2,"featured_media":344299,"comment_status":"","ping_status":"","sticky":false,"template":"","format":"standard","meta":{"footnotes":""},"categories":[5],"tags":[17,18,25,24,13,14,11,19,20,9,10,15,16,23,12,21,22],"class_list":{"0":"post-344298","1":"post","2":"type-post","3":"status-publish","4":"format-standard","5":"has-post-thumbnail","7":"category-titulares","8":"tag-breaking-news","9":"tag-breakingnews","10":"tag-es","11":"tag-espana","12":"tag-featured-news","13":"tag-featurednews","14":"tag-headlines","15":"tag-latest-news","16":"tag-latestnews","17":"tag-news","18":"tag-noticias","19":"tag-noticias-destacadas","20":"tag-noticiasdestacadas","21":"tag-spain","22":"tag-titulares","23":"tag-ultimas-noticias","24":"tag-ultimasnoticias"},"share_on_mastodon":{"url":"https:\/\/pubeurope.com\/@es\/115905724588178409","error":""},"_links":{"self":[{"href":"https:\/\/www.europesays.com\/es\/wp-json\/wp\/v2\/posts\/344298","targetHints":{"allow":["GET"]}}],"collection":[{"href":"https:\/\/www.europesays.com\/es\/wp-json\/wp\/v2\/posts"}],"about":[{"href":"https:\/\/www.europesays.com\/es\/wp-json\/wp\/v2\/types\/post"}],"author":[{"embeddable":true,"href":"https:\/\/www.europesays.com\/es\/wp-json\/wp\/v2\/users\/2"}],"replies":[{"embeddable":true,"href":"https:\/\/www.europesays.com\/es\/wp-json\/wp\/v2\/comments?post=344298"}],"version-history":[{"count":0,"href":"https:\/\/www.europesays.com\/es\/wp-json\/wp\/v2\/posts\/344298\/revisions"}],"wp:featuredmedia":[{"embeddable":true,"href":"https:\/\/www.europesays.com\/es\/wp-json\/wp\/v2\/media\/344299"}],"wp:attachment":[{"href":"https:\/\/www.europesays.com\/es\/wp-json\/wp\/v2\/media?parent=344298"}],"wp:term":[{"taxonomy":"category","embeddable":true,"href":"https:\/\/www.europesays.com\/es\/wp-json\/wp\/v2\/categories?post=344298"},{"taxonomy":"post_tag","embeddable":true,"href":"https:\/\/www.europesays.com\/es\/wp-json\/wp\/v2\/tags?post=344298"}],"curies":[{"name":"wp","href":"https:\/\/api.w.org\/{rel}","templated":true}]}}