{"id":344310,"date":"2026-01-16T16:42:12","date_gmt":"2026-01-16T16:42:12","guid":{"rendered":"https:\/\/www.europesays.com\/es\/344310\/"},"modified":"2026-01-16T16:42:12","modified_gmt":"2026-01-16T16:42:12","slug":"arirang-nuevo-album-de-bts-que-significa-cuando-sale-cuantas-canciones-tendra-y-todo-lo-que-debes-saber","status":"publish","type":"post","link":"https:\/\/www.europesays.com\/es\/344310\/","title":{"rendered":"Arirang, Nuevo \u00c1lbum de BTS: Qu\u00e9 Significa, Cu\u00e1ndo Sale, Cu\u00e1ntas Canciones Tendr\u00e1 y Todo lo que Debes Saber"},"content":{"rendered":"<p>El regreso es oficial:\u00a0<strong>BTS<\/strong> anunci\u00f3 que su pr\u00f3ximo \u00e1lbum llevar\u00e1 por t\u00edtulo <strong>ARIRANG<\/strong>, un lanzamiento que marca una nueva etapa para la banda tras completar el <strong>servicio militar obligatorio<\/strong> en <strong>Corea del Sur<\/strong>.<\/p>\n<p>        \u00bfQu\u00e9 significa ARIRANG?<\/p>\n<p>La palabra ARIRANG (\uc544\ub9ac\ub791) hace referencia a una de las canciones folcl\u00f3ricas m\u00e1s queridas de Corea. A menudo se considera el himno nacional no oficial del pa\u00eds y representa la herencia cultural, la perseverancia y la memoria colectiva del pueblo coreano.<\/p>\n<p>La elecci\u00f3n del t\u00edtulo apunta a un proyecto con fuerte carga simb\u00f3lica, en el que BTS vuelve a conectar con sus ra\u00edces y con la identidad que ha definido su trayectoria global.<\/p>\n<p>ARIRANG se convierte en el primer \u00e1lbum de BTS desde que todos sus integrantes concluyeron el servicio militar, un momento que los fans esperaban desde hace a\u00f1os. El anuncio ha generado conversaci\u00f3n inmediata en redes sociales, donde ARMY interpreta el t\u00edtulo como una declaraci\u00f3n de<strong> regreso, madurez y continuidad<\/strong>.<\/p>\n<p>Fecha de estreno<\/p>\n<p>El \u00e1lbum estar\u00e1 disponible el <strong>20 de marzo<\/strong>, y ya comenz\u00f3 a circular como uno de los lanzamientos musicales m\u00e1s importantes del a\u00f1o. Aunque la banda no ha revelado el tracklist ni el concepto visual completo, la expectativa crece ante la promesa de un proyecto que combina tradici\u00f3n, narrativa y evoluci\u00f3n art\u00edstica.<\/p>\n<p>El regreso de BTS con ARIRANG no solo marca el fin de una pausa obligatoria, sino que tambi\u00e9n redefine su narrativa como grupo. El t\u00edtulo sugiere un \u00e1lbum con peso cultural y emocional, alineado con el momento hist\u00f3rico que atraviesa la banda y con la relaci\u00f3n profunda que mantiene con su pa\u00eds de origen.<\/p>\n","protected":false},"excerpt":{"rendered":"El regreso es oficial:\u00a0BTS anunci\u00f3 que su pr\u00f3ximo \u00e1lbum llevar\u00e1 por t\u00edtulo ARIRANG, un lanzamiento que marca una&hellip;\n","protected":false},"author":2,"featured_media":344311,"comment_status":"","ping_status":"","sticky":false,"template":"","format":"standard","meta":{"footnotes":""},"categories":[170],"tags":[146,147,25,24,78161,78160,1906,3013,184,185,58102,78163,78155,78157,78154,10,66822,78153,78159,78158,78156,78162,78152,21407,23,16750,1529,21],"class_list":{"0":"post-344310","1":"post","2":"type-post","3":"status-publish","4":"format-standard","5":"has-post-thumbnail","7":"category-musica","8":"tag-entertainment","9":"tag-entretenimiento","10":"tag-es","11":"tag-espana","12":"tag-foro-en-vivo","13":"tag-forotv-en-vivo","14":"tag-mexico","15":"tag-mundo","16":"tag-music","17":"tag-musica","18":"tag-n","19":"tag-n-mas","20":"tag-n-en-vivo","21":"tag-n-noticias","22":"tag-nmas","23":"tag-noticias","24":"tag-noticias-de-mexico","25":"tag-noticias-en-vivo","26":"tag-noticias-en-vivo-de-mexico-y-el-mundo-n","27":"tag-noticias-n","28":"tag-noticieros","29":"tag-noticieros-en-vivo","30":"tag-noticieros-televisa","31":"tag-reacciones","32":"tag-spain","33":"tag-televisa","34":"tag-ultima-hora","35":"tag-ultimas-noticias"},"share_on_mastodon":{"url":"https:\/\/pubeurope.com\/@es\/115905779760196190","error":""},"_links":{"self":[{"href":"https:\/\/www.europesays.com\/es\/wp-json\/wp\/v2\/posts\/344310","targetHints":{"allow":["GET"]}}],"collection":[{"href":"https:\/\/www.europesays.com\/es\/wp-json\/wp\/v2\/posts"}],"about":[{"href":"https:\/\/www.europesays.com\/es\/wp-json\/wp\/v2\/types\/post"}],"author":[{"embeddable":true,"href":"https:\/\/www.europesays.com\/es\/wp-json\/wp\/v2\/users\/2"}],"replies":[{"embeddable":true,"href":"https:\/\/www.europesays.com\/es\/wp-json\/wp\/v2\/comments?post=344310"}],"version-history":[{"count":0,"href":"https:\/\/www.europesays.com\/es\/wp-json\/wp\/v2\/posts\/344310\/revisions"}],"wp:featuredmedia":[{"embeddable":true,"href":"https:\/\/www.europesays.com\/es\/wp-json\/wp\/v2\/media\/344311"}],"wp:attachment":[{"href":"https:\/\/www.europesays.com\/es\/wp-json\/wp\/v2\/media?parent=344310"}],"wp:term":[{"taxonomy":"category","embeddable":true,"href":"https:\/\/www.europesays.com\/es\/wp-json\/wp\/v2\/categories?post=344310"},{"taxonomy":"post_tag","embeddable":true,"href":"https:\/\/www.europesays.com\/es\/wp-json\/wp\/v2\/tags?post=344310"}],"curies":[{"name":"wp","href":"https:\/\/api.w.org\/{rel}","templated":true}]}}