{"id":344312,"date":"2026-01-16T16:43:10","date_gmt":"2026-01-16T16:43:10","guid":{"rendered":"https:\/\/www.europesays.com\/es\/344312\/"},"modified":"2026-01-16T16:43:10","modified_gmt":"2026-01-16T16:43:10","slug":"la-pelicula-con-emilia-clarke-que-adapta-un-bestseller","status":"publish","type":"post","link":"https:\/\/www.europesays.com\/es\/344312\/","title":{"rendered":"la pel\u00edcula con Emilia Clarke que adapta un &#8216;bestseller&#8217;"},"content":{"rendered":"\n<ul class=\"bodyList bodyList--unordered\">\n<li class=\"bodyList__item\"><strong><a href=\"https:\/\/www.elconfidencial.com\/cultura\/cine\/2026-01-15\/primera-pelicula-ja-bayona-netflix-belen-rueda-1qrt_4284282\/\" target=\"_self\" rel=\"nofollow noopener\">Gan\u00f3 7 Goyas y est\u00e1 en Netflix: la primera pel\u00edcula de uno de los directores espa\u00f1oles m\u00e1s importantes<\/a><\/strong><\/li>\n<li class=\"bodyList__item\"><strong><a href=\"https:\/\/www.elconfidencial.com\/cultura\/cine\/2026-01-11\/pelicula-epoca-netflix-fans-bridgerton-1qrt_4279455\/\" target=\"_self\" rel=\"nofollow noopener\">Est\u00e1 en Netflix y se basa en el siglo XIX: la pel\u00edcula para amantes de la \u00e9poca, que recuerda a Los Bridgerton<\/a><\/strong><\/li>\n<\/ul>\n<p> Convertida con el paso de los a\u00f1os en una referencia habitual dentro del cat\u00e1logo de <a href=\"https:\/\/www.elconfidencial.com\/tags\/temas\/peliculas-de-netflix-19496\/\" target=\"_self\" rel=\"nofollow noopener\">Netflix<\/a>, esta pel\u00edcula rom\u00e1ntica con Emilia Clarke <strong>cumplir\u00e1 10 a\u00f1os<\/strong> desde su estreno este 2026, y sigue acumulando visualizaciones gracias a una historia emocionalmente intensa, el respaldo de un superventas literario y un \u00e9xito comercial que la ha mantenido viva en el streaming. <\/p>\n<p> Estrenada en 2016, Antes de ti es la adaptaci\u00f3n cinematogr\u00e1fica de la novela Yo antes de ti, publicada en 2012 por Jojo Moyes, quien tambi\u00e9n firm\u00f3 el guion. Dirigida por Thea Sharrock en su debut en el largometraje, la pel\u00edcula cuenta con <a href=\"https:\/\/www.elconfidencial.com\/television\/series-tv\/2024-06-13\/dura-confesion-emilia-clarke-aneurismas-cerebrales-juego-de-tronos-2mpa_3902175\/\" target=\"_self\" rel=\"nofollow noopener\">Emilia Clarke<\/a> y <a href=\"https:\/\/www.elconfidencial.com\/cultura\/2024-08-10\/conde-montecristo-peliculas-version-2024_3939269\/\" target=\"_self\" rel=\"nofollow noopener\">Sam Claflin<\/a> como protagonistas, y se apoya en un reparto secundario s\u00f3lido que incluye a <strong>Janet McTeer, Charles Dance y Brendan Coyle<\/strong>. <\/p>\n<p> Su recorrido en salas fue notable: con un presupuesto ajustado de 20 millones de d\u00f3lares, la cinta alcanz\u00f3 una recaudaci\u00f3n mundial <strong>superior a los 208 millones<\/strong>, consolid\u00e1ndose como uno de los dramas rom\u00e1nticos m\u00e1s rentables de su a\u00f1o. La historia sigue a Louisa Clark, una joven sin grandes expectativas profesionales que acepta trabajar como cuidadora de Will Traynor, un antiguo banquero cuya vida cambi\u00f3 de forma radical tras quedar <a href=\"https:\/\/www.elconfidencial.com\/tecnologia\/ciencia\/2019-10-04\/tetraplejico-camina-exoesqueleto-maneja-cerebro_2269356\/\" target=\"_self\" rel=\"nofollow noopener\">tetrapl\u00e9jico<\/a> a causa de un accidente. <\/p>\n<p>            Una cuesti\u00f3n moral           <\/p>\n<p> A partir del encuentro de los protagonistas, Antes de ti articula un relato centrado en el choque de mundos, la construcci\u00f3n de una relaci\u00f3n afectiva inesperada y <strong>un conflicto moral de gran peso<\/strong>: la decisi\u00f3n de Will de recurrir al <a href=\"https:\/\/www.elconfidencial.com\/mundo\/2016-07-05\/eutanasia-suiza-turismo-muerte_1227670\/\" target=\"_self\" rel=\"nofollow noopener\">suicidio asistido<\/a>. El planteamiento marc\u00f3 tanto la recepci\u00f3n cr\u00edtica como el debate p\u00fablico en torno a la obra, especialmente por su representaci\u00f3n de la discapacidad y la eutanasia. <\/p>\n<p>               Emilia Clarke y Sam Claffin, en &#8216;Antes de ti&#8217;. (Netflix)             <\/p>\n<p> La qu\u00edmica entre Clarke y Claflin fue uno de los aspectos m\u00e1s destacados por la cr\u00edtica, como subray\u00f3 <a href=\"https:\/\/ew.com\/article\/2016\/06\/05\/me-before-you-ending-director-responds\/\" target=\"_blank\" rel=\"nofollow noopener\">Entertainment Weekly<\/a> al valorar su eficacia como drama rom\u00e1ntico contempor\u00e1neo. La controversia y la emoci\u00f3n explican que, casi una d\u00e9cada despu\u00e9s de su estreno, Antes de ti siga siendo <strong>uno de los t\u00edtulos m\u00e1s vistos <\/strong>de Netflix (posicionado esta semana entre el Top 10 de <a href=\"https:\/\/www.netflix.com\/tudum\/top10\/es\" target=\"_blank\" rel=\"nofollow noopener\">Tudum<\/a>) y un ejemplo claro de c\u00f3mo un bestseller literario puede transformarse en un cl\u00e1sico moderno. <\/p>\n","protected":false},"excerpt":{"rendered":"Gan\u00f3 7 Goyas y est\u00e1 en Netflix: la primera pel\u00edcula de uno de los directores espa\u00f1oles m\u00e1s importantes&hellip;\n","protected":false},"author":2,"featured_media":344313,"comment_status":"","ping_status":"","sticky":false,"template":"","format":"standard","meta":{"footnotes":""},"categories":[169],"tags":[177,146,147,25,24,176,175,23],"class_list":{"0":"post-344312","1":"post","2":"type-post","3":"status-publish","4":"format-standard","5":"has-post-thumbnail","7":"category-cine","8":"tag-cine","9":"tag-entertainment","10":"tag-entretenimiento","11":"tag-es","12":"tag-espana","13":"tag-film","14":"tag-movies","15":"tag-spain"},"share_on_mastodon":{"url":"https:\/\/pubeurope.com\/@es\/115905783603594385","error":""},"_links":{"self":[{"href":"https:\/\/www.europesays.com\/es\/wp-json\/wp\/v2\/posts\/344312","targetHints":{"allow":["GET"]}}],"collection":[{"href":"https:\/\/www.europesays.com\/es\/wp-json\/wp\/v2\/posts"}],"about":[{"href":"https:\/\/www.europesays.com\/es\/wp-json\/wp\/v2\/types\/post"}],"author":[{"embeddable":true,"href":"https:\/\/www.europesays.com\/es\/wp-json\/wp\/v2\/users\/2"}],"replies":[{"embeddable":true,"href":"https:\/\/www.europesays.com\/es\/wp-json\/wp\/v2\/comments?post=344312"}],"version-history":[{"count":0,"href":"https:\/\/www.europesays.com\/es\/wp-json\/wp\/v2\/posts\/344312\/revisions"}],"wp:featuredmedia":[{"embeddable":true,"href":"https:\/\/www.europesays.com\/es\/wp-json\/wp\/v2\/media\/344313"}],"wp:attachment":[{"href":"https:\/\/www.europesays.com\/es\/wp-json\/wp\/v2\/media?parent=344312"}],"wp:term":[{"taxonomy":"category","embeddable":true,"href":"https:\/\/www.europesays.com\/es\/wp-json\/wp\/v2\/categories?post=344312"},{"taxonomy":"post_tag","embeddable":true,"href":"https:\/\/www.europesays.com\/es\/wp-json\/wp\/v2\/tags?post=344312"}],"curies":[{"name":"wp","href":"https:\/\/api.w.org\/{rel}","templated":true}]}}