{"id":344318,"date":"2026-01-16T16:46:09","date_gmt":"2026-01-16T16:46:09","guid":{"rendered":"https:\/\/www.europesays.com\/es\/344318\/"},"modified":"2026-01-16T16:46:09","modified_gmt":"2026-01-16T16:46:09","slug":"primeras-palabras-de-miranda-rijnsburger-mujer-de-julio-iglesias-tras-las-denuncias-de-malos-tratos-y-abusos-sexuales","status":"publish","type":"post","link":"https:\/\/www.europesays.com\/es\/344318\/","title":{"rendered":"Primeras palabras de Miranda Rijnsburger, mujer de Julio Iglesias, tras las denuncias de malos tratos y abusos sexuales"},"content":{"rendered":"<p class=\"\">Julio Iglesias ha vuelto a la primera l\u00ednea de actualidad despu\u00e9s de que salieran a la luz <b>dur\u00edsimos testimonios de dos exempleadas que acusan al cantante de supuesta agresi\u00f3n sexual y malos tratos.<\/b> Unos hechos muy delicados que ya est\u00e1n poniendo contra las cuerdas al m\u00edtico artista ya que la Fiscal\u00eda de la Audiencia Nacional de Espa\u00f1a se encuentra investig\u00e1ndolos, al igual que la Justicia de Rep\u00fablica Dominicana, pa\u00eds donde habr\u00eda sucedido todo.<\/p>\n<p class=\"\">El int\u00e9rprete ha publicado a trav\u00e9s de su perfil de Instagram un comunicado en el que niega \u201ccon profundo pesar\u201d las acusaciones de agresi\u00f3n sexual y maltrato difundidas en Eldiario.es y Univisi\u00f3n. \u201cNiego haber abusado, coaccionado o faltado al respeto a ninguna mujer. <b>Esas acusaciones son absolutamente falsas y me causan una gran tristeza <\/b>(&#8230;) Nunca hab\u00eda sentido tanta maldad, pero a\u00fan me quedan fuerzas para que la gente conozca toda la verdad y defender mi dignidad ante un agravio tan grave\u201d, expresa Julio Iglesias. <\/p>\n<p class=\"\">En su mensaje, Julio Iglesias tambi\u00e9n<b> agradece a todos los que no han dudado en apoyarle o defendido p\u00fablicamente <\/b>ante esta situaci\u00f3n tan delicada. \u201cNo puedo olvidarme de tantas y tantas personas querid\u00edsimas que me han mandado mensajes de cari\u00f1o y lealtad. He sentido mucho consuelo en ellas\u201d, a\u00f1ade. <\/p>\n<p>Miranda Rinjsburger, el m\u00e1ximo apoyo de Julio Iglesias<\/p>\n<p class=\"\">Entre las m\u00faltiples reacciones a la publicaci\u00f3n del cantante se encuentra la de un nombre tan popular como el de Nicol\u00e1s Vallejo-N\u00e1gera, conocido como \u2018Colate\u2019, que expresa: \u201cFuerza, Julio\u201d. Y, por supuesto, la de Miranda Rinjsburger, lo que supone<b> las primeras palabras p\u00fablicas de la mujer del cantante<\/b> desde que saltara todo este esc\u00e1ndalo a escala internacional. <\/p>\n<p>Noticias relacionadas<a href=\"https:\/\/as.com\/tikitakas\/famosos\/pilar-eyre-sorprende-con-una-bomba-sobre-julio-iglesias-su-verdadera-pareja-es-otra-f202601-n\/\" class=\"s_m_w\" title=\"La reconocida periodista recoge en la revista Lecturas las llamativas particularidades del matrimonio del cantante con Miranda Rijnsburger.\" data-tb-link=\"\" rel=\"nofollow noopener\" target=\"_blank\"><img decoding=\"async\" src=\"https:\/\/www.europesays.com\/es\/wp-content\/uploads\/2026\/01\/1768581968_944_3ADCGTS7BJGSDIDCOC6YKT5ZIU.png\" alt=\"Pilar Eyre sorprende con una \u2018bomba\u2019 sobre Julio Iglesias: \u201cSu verdadera pareja es otra\u201d\" class=\"\" height=\"9\" width=\"16\"   loading=\"lazy\" data-tb-thumbnail=\"\"\/><\/a><a href=\"https:\/\/as.com\/tikitakas\/famosos\/habla-julio-iglesias-tras-las-denuncias-de-malos-tratos-y-abusos-sexuales-todo-se-va-a-aclarar-f202601-n\/\" class=\"s_m_w\" title=\"El cantante rompe su silencio en la revista \u00a1Hola! explicando que est\u00e1 preparando su defensa ante la gravedad de los hechos que pesan sobre \u00e9l.\" data-tb-link=\"\" rel=\"nofollow noopener\" target=\"_blank\"><img decoding=\"async\" src=\"https:\/\/www.europesays.com\/es\/wp-content\/uploads\/2026\/01\/1768581969_765_73QD7EHF7F6TYBPB3MGHFQ5ISI.jpg\" alt=\"Habla Julio Iglesias tras las denuncias de malos tratos y abusos sexuales: \u201cTodo se va a aclarar\u201d\" class=\"\" height=\"9\" width=\"16\"   loading=\"lazy\" data-tb-thumbnail=\"\"\/><\/a><\/p>\n<p class=\"\"><b>\u201cA tu lado, siempre\u201d, escribe la exmodelo holandesa <\/b>junto con un emoticono de un coraz\u00f3n blanco evidenciando que cree en la postura de su marido y que se posiciona con \u00e9l en todo momento. Un mensaje de lo m\u00e1s significativo ya que en los \u00faltimos d\u00edas se especulo sobre que \u201cla vida matrimonial\u201d de Julio y Miranda \u201cno existe\u201d.<\/p>\n<p class=\"\"><b>\u00a1Tus opiniones importan!<\/b> Comenta en los art\u00edculos y suscr\u00edbete gratis a nuestra <a href=\"https:\/\/asfan.as.com\/newsletters\/\" target=\"_blank\" rel=\"nofollow noopener\" title=\"https:\/\/asfan.as.com\/newsletters\/\">newsletter<\/a> y a las alertas informativas en la <a href=\"https:\/\/as.com\/aplicacion-de-as-n\/\" target=\"_blank\" rel=\"nofollow noopener\" title=\"https:\/\/as.com\/aplicacion-de-as-n\/\">App<\/a> o el canal de <a href=\"https:\/\/www.whatsapp.com\/channel\/0029VaAasdA7j6g745nz9M10\" target=\"_blank\" rel=\"nofollow noopener\" title=\"https:\/\/www.whatsapp.com\/channel\/0029VaAasdA7j6g745nz9M10\">WhatsApp<\/a>. \u00bfBuscas licenciar contenido? Haz clic <a href=\"https:\/\/profesional.elpais.com\/soluciones-sindicacion?utm_medium=interno&amp;utm_source=crosslinking&amp;utm_campaign=sindicacion_as_pie_articulos\" target=\"_blank\" rel=\"nofollow noopener\" title=\"https:\/\/profesional.elpais.com\/soluciones-sindicacion?utm_medium=interno&amp;utm_source=crosslinking&amp;utm_campaign=sindicacion_as_pie_articulos\">aqu\u00ed<\/a><\/p>\n","protected":false},"excerpt":{"rendered":"Julio Iglesias ha vuelto a la primera l\u00ednea de actualidad despu\u00e9s de que salieran a la luz dur\u00edsimos&hellip;\n","protected":false},"author":2,"featured_media":344319,"comment_status":"","ping_status":"","sticky":false,"template":"","format":"standard","meta":{"footnotes":""},"categories":[91],"tags":[146,147,25,24,23],"class_list":{"0":"post-344318","1":"post","2":"type-post","3":"status-publish","4":"format-standard","5":"has-post-thumbnail","7":"category-entretenimiento","8":"tag-entertainment","9":"tag-entretenimiento","10":"tag-es","11":"tag-espana","12":"tag-spain"},"share_on_mastodon":{"url":"https:\/\/pubeurope.com\/@es\/115905795479020255","error":""},"_links":{"self":[{"href":"https:\/\/www.europesays.com\/es\/wp-json\/wp\/v2\/posts\/344318","targetHints":{"allow":["GET"]}}],"collection":[{"href":"https:\/\/www.europesays.com\/es\/wp-json\/wp\/v2\/posts"}],"about":[{"href":"https:\/\/www.europesays.com\/es\/wp-json\/wp\/v2\/types\/post"}],"author":[{"embeddable":true,"href":"https:\/\/www.europesays.com\/es\/wp-json\/wp\/v2\/users\/2"}],"replies":[{"embeddable":true,"href":"https:\/\/www.europesays.com\/es\/wp-json\/wp\/v2\/comments?post=344318"}],"version-history":[{"count":0,"href":"https:\/\/www.europesays.com\/es\/wp-json\/wp\/v2\/posts\/344318\/revisions"}],"wp:featuredmedia":[{"embeddable":true,"href":"https:\/\/www.europesays.com\/es\/wp-json\/wp\/v2\/media\/344319"}],"wp:attachment":[{"href":"https:\/\/www.europesays.com\/es\/wp-json\/wp\/v2\/media?parent=344318"}],"wp:term":[{"taxonomy":"category","embeddable":true,"href":"https:\/\/www.europesays.com\/es\/wp-json\/wp\/v2\/categories?post=344318"},{"taxonomy":"post_tag","embeddable":true,"href":"https:\/\/www.europesays.com\/es\/wp-json\/wp\/v2\/tags?post=344318"}],"curies":[{"name":"wp","href":"https:\/\/api.w.org\/{rel}","templated":true}]}}