{"id":344324,"date":"2026-01-16T16:50:07","date_gmt":"2026-01-16T16:50:07","guid":{"rendered":"https:\/\/www.europesays.com\/es\/344324\/"},"modified":"2026-01-16T16:50:07","modified_gmt":"2026-01-16T16:50:07","slug":"sanchez-iniciara-con-feijoo-la-ronda-de-contactos-para-hablar-sobre-ucrania","status":"publish","type":"post","link":"https:\/\/www.europesays.com\/es\/344324\/","title":{"rendered":"S\u00e1nchez iniciar\u00e1 con Feij\u00f3o la ronda de contactos para hablar sobre Ucrania"},"content":{"rendered":"<p>El presidente del Gobierno, Pedro <strong>S\u00e1nchez<\/strong>, iniciar\u00e1 este lunes por la tarde con el l\u00edder del PP, Alberto N\u00fa\u00f1ez Feij\u00f3o, una ronda de contactos para hablar sobre el posible env\u00edo de tropas a Ucrania, si se produce un alto el fuego, y tambi\u00e9n sobre la pol\u00edtica de defensa. <\/p>\n<p>Tras el l\u00edder del PP, la ronda seguir\u00e1 el martes con Sumar y ERC y con Bildu y el PNV el jueves. Feij\u00f3o, no obstante, ha dejado claro que quiere abordar m\u00e1s temas  y hablar de la pol\u00edtica exterior de Espa\u00f1a en su conjunto, de la  situaci\u00f3n en Venezuela y de las relaciones del Ejecutivo de S\u00e1nchez  con el r\u00e9gimen chavista. Este viernes Feij\u00f3o ha asegurado que <strong>la seguridad ha de ser la \u00abprioridad\u00bb de Europa<\/strong>, ante los momentos \u00abpeligrosos\u00bb y de \u00abincertidumbre\u00bb que vive el mundo y ha instado a la UE a \u00abprepararse para defenderse\u00bb y para hacer frente \u00aba todas las amenazas\u00bb que pueden afectar a \u00abla democracia\u00bb y \u00abestilo de vida\u00bb de los europeos.<\/p>\n<p>Despu\u00e9s de Feij\u00f3o llegar\u00e1 el turno del socio de Gobierno, Sumar. Un encuentro que se produce unos d\u00edas despu\u00e9s del \u00faltimo enfrentamiento entre ambos, tras el choque por la vivienda y la pol\u00edtica del PSOE en esta materia. La reuni\u00f3n ser\u00e1 a las 10 y una hora m\u00e1s tarde ser\u00e1 el momento de otro de los socios m\u00e1s cr\u00edticos con el Gobierno, ERC y su portavoz Gabriel Rufi\u00e1n. <\/p>\n<p>Junts no acudir\u00e1 a la ronda de contactos<\/p>\n<p>El mi\u00e9rcoles, est\u00e1 previsto que S\u00e1nchez participe en el Foro de Davos, por lo que dejar\u00e1 ese d\u00eda libre de reuniones, y el jueves continuar\u00e1n estas citas con el turno de EH Bildu y su portavoz, Mertxe Aizupura, a las 10 horas y posteriormente, a las 11 horas, ser\u00e1 el PNV con Maribel Vaquero a la cabeza quien acudir\u00e1 a La Moncloa para hablar sobre el posible env\u00edo de tropas espa\u00f1olas a Ucrania, si se produce un alto el fuego, para reconstruir el pa\u00eds. Adem\u00e1s, el presidente del Gobierno tiene previsto hablar con todos ellos sobre la pol\u00edtica de defensa, con asuntos de actualidad como Venezuela o Groenlandia.<\/p>\n<p>Sin embargo, <strong>la ronda de contactos no ser\u00e1 completa. Junts ha informado este viernes de que no acudir\u00e1 <\/strong>a las reuniones que el presidente del Gobierno mantendr\u00e1 con los distintos grupos parlamentarios, a excepci\u00f3n de Vox, para hablar sobre el env\u00edo de tropas a Ucrania al no ver necesaria \u00abuna fotograf\u00eda\u00bb. \u00abNo vemos necesaria una fotograf\u00eda\u00bb, han explicado fuentes del partido, se\u00f1alando que \u00abse dan por informados\u00bb sobre el tema que S\u00e1nchez quiere abordar con los grupos parlamentarios. Asimismo, dado que no se va a tratar otro tema, los de Carles Puigdemont no creen que sea necesario.<\/p>\n<p>Cabe recordar que el 27 de octubre Junts decidi\u00f3 romper su relaci\u00f3n con el PSOE debido a los \u00abincumplimientos\u00bb de este partido de los acuerdos alcanzados entre ambas formaciones. El Gobierno trat\u00f3 de acercar posturas con los de Puigdemont desbloqueando la ley sobre la multirreincidencia y con un decreto que incluye medidas reclamadas por ellos. Este jueves mismo, el secretario general de Junts, Jordi Turull, record\u00f3 que hasta que los socialistas no cumplan con lo acordado con su partido \u00abno tenemos nada que hablar\u00bb.<\/p>\n<p>Abascal critica al PP por acudir <\/p>\n<p>En el otro partido que estar\u00e1 ausente del encuentro, Vox, su l\u00edder, Santiago <strong>Abascal, ve \u00abincomprensible\u00bb y una \u00abcontradicci\u00f3n insoportable\u00bb que Feij\u00f3o <\/strong>diga que el Gobierno es \u00abuna mafia\u00bb pero <strong>acuda <\/strong>al Palacio de La Moncloa a <strong>\u00abestrecharle la mano al capo de la mafia\u00bb,<\/strong> refiri\u00e9ndose a Pedro S\u00e1nchez.<\/p>\n<p>Para Abascal el lunes \u00abtendremos\u00bb la foto \u00abm\u00e1s n\u00edtida de la estafa bipartidista en el b\u00fanker de La Moncloa donde se reunir\u00e1n Feij\u00f3o y S\u00e1nchez\u00bb y \u00abprobablemente coincidir\u00e1n con la polic\u00eda judicial llamando a la puerta y dici\u00e9ndole a la familia de S\u00e1nchez que se rinda y que entregue los pasaportes que est\u00e1 pidiendo el juez\u00bb.<\/p>\n","protected":false},"excerpt":{"rendered":"El presidente del Gobierno, Pedro S\u00e1nchez, iniciar\u00e1 este lunes por la tarde con el l\u00edder del PP, Alberto&hellip;\n","protected":false},"author":2,"featured_media":344325,"comment_status":"","ping_status":"","sticky":false,"template":"","format":"standard","meta":{"footnotes":""},"categories":[8],"tags":[17,18,25,24,13,14,11,19,20,9,10,15,16,23,12,21,22],"class_list":{"0":"post-344324","1":"post","2":"type-post","3":"status-publish","4":"format-standard","5":"has-post-thumbnail","7":"category-espana","8":"tag-breaking-news","9":"tag-breakingnews","10":"tag-es","11":"tag-espana","12":"tag-featured-news","13":"tag-featurednews","14":"tag-headlines","15":"tag-latest-news","16":"tag-latestnews","17":"tag-news","18":"tag-noticias","19":"tag-noticias-destacadas","20":"tag-noticiasdestacadas","21":"tag-spain","22":"tag-titulares","23":"tag-ultimas-noticias","24":"tag-ultimasnoticias"},"share_on_mastodon":{"url":"","error":""},"_links":{"self":[{"href":"https:\/\/www.europesays.com\/es\/wp-json\/wp\/v2\/posts\/344324","targetHints":{"allow":["GET"]}}],"collection":[{"href":"https:\/\/www.europesays.com\/es\/wp-json\/wp\/v2\/posts"}],"about":[{"href":"https:\/\/www.europesays.com\/es\/wp-json\/wp\/v2\/types\/post"}],"author":[{"embeddable":true,"href":"https:\/\/www.europesays.com\/es\/wp-json\/wp\/v2\/users\/2"}],"replies":[{"embeddable":true,"href":"https:\/\/www.europesays.com\/es\/wp-json\/wp\/v2\/comments?post=344324"}],"version-history":[{"count":0,"href":"https:\/\/www.europesays.com\/es\/wp-json\/wp\/v2\/posts\/344324\/revisions"}],"wp:featuredmedia":[{"embeddable":true,"href":"https:\/\/www.europesays.com\/es\/wp-json\/wp\/v2\/media\/344325"}],"wp:attachment":[{"href":"https:\/\/www.europesays.com\/es\/wp-json\/wp\/v2\/media?parent=344324"}],"wp:term":[{"taxonomy":"category","embeddable":true,"href":"https:\/\/www.europesays.com\/es\/wp-json\/wp\/v2\/categories?post=344324"},{"taxonomy":"post_tag","embeddable":true,"href":"https:\/\/www.europesays.com\/es\/wp-json\/wp\/v2\/tags?post=344324"}],"curies":[{"name":"wp","href":"https:\/\/api.w.org\/{rel}","templated":true}]}}