{"id":344326,"date":"2026-01-16T16:51:08","date_gmt":"2026-01-16T16:51:08","guid":{"rendered":"https:\/\/www.europesays.com\/es\/344326\/"},"modified":"2026-01-16T16:51:08","modified_gmt":"2026-01-16T16:51:08","slug":"entra-en-vigor-un-acuerdo-mundial-de-conservacion-de-los-oceanos","status":"publish","type":"post","link":"https:\/\/www.europesays.com\/es\/344326\/","title":{"rendered":"Entra en vigor un acuerdo mundial de conservaci\u00f3n de los oc\u00e9anos"},"content":{"rendered":"<p>Ma\u00f1ana se marcar\u00e1 un hito hist\u00f3rico para la conservaci\u00f3n de los oc\u00e9anos con la <strong>entrada en vigor del Acuerdo relativo a la Diversidad Biol\u00f3gica Marina de las Zonas Situadas Fuera de la Jurisdicci\u00f3n Nacional (Acuerdo BBNJ).<\/strong><\/p>\n<p>Este <a href=\"https:\/\/oceans-and-fisheries.ec.europa.eu\/news\/high-seas-treaty-enters-force-milestone-ocean-conservation-2026-01-16_en\" rel=\"nofollow noopener\" target=\"_blank\">acuerdo hist\u00f3rico<\/a>, resultado de m\u00e1s de una d\u00e9cada de colaboraci\u00f3n internacional, representa un paso decisivo hacia la salvaguardia de los <strong>ecosistemas marinos<\/strong> y la lucha contra las amenazas urgentes que plantean el <strong>cambio clim\u00e1tico<\/strong>, la <strong>contaminaci\u00f3n<\/strong> y la <strong>p\u00e9rdida de biodiversidad<\/strong>.<\/p>\n<p><strong>La Uni\u00f3n Europea y los Estados miembros<\/strong> han desempe\u00f1ado un <strong>papel central<\/strong> en la promoci\u00f3n de este acuerdo, liderando la <a href=\"https:\/\/oceans-and-fisheries.ec.europa.eu\/ocean\/international-ocean-governance\/protecting-ocean-time-action_en#:~:text=Launched%20at%20the%20One%20Ocean%20Summit%20on%2011%20February%202022,at%20the%20highest%20political%20level.\" rel=\"nofollow noopener\" target=\"_blank\"><strong>Coalici\u00f3n de Gran Ambici\u00f3n por el Acuerdo BBNJ<\/strong><\/a>, que re\u00fane a m\u00e1s de 40 naciones comprometidas con una protecci\u00f3n de los oc\u00e9anos audaz y basada en la ciencia. Esta alianza, impulsada por un compromiso pol\u00edtico de alto nivel, ha sido fundamental para negociar el Acuerdo y acelerar el proceso de ratificaci\u00f3n.<\/p>\n<p>Un avance significativo en la conservaci\u00f3n marina es la posibilidad de que las naciones establezcan <strong>zonas marinas protegidas a gran escala<\/strong> en alta mar, una medida cr\u00edtica para cumplir el objetivo del Marco Mundial de Biodiversidad de Kunming-Montreal de proteger el 30\u00a0% de los oc\u00e9anos de aqu\u00ed a 2030. El Acuerdo tambi\u00e9n prev\u00e9 <strong>evaluaciones de impacto ambiental\u00a0<\/strong>de las actividades econ\u00f3micas en aguas internacionales, garantizando pr\u00e1cticas sostenibles y minimizando los da\u00f1os a los ecosistemas marinos fr\u00e1giles.<\/p>\n<p>De manera significativa, el Acuerdo prioriza la equidad y la inclusi\u00f3n, <strong>con apoyo espec\u00edfico para los pa\u00edses en desarrollo<\/strong>. Estos pa\u00edses recibir\u00e1n apoyo para aplicar el acuerdo, a<strong>\u00a0<\/strong>trav\u00e9s de s\u00f3lidas iniciativas de desarrollo de capacidades y programas de transferencia de tecnolog\u00eda marina. Esta ayuda se financiar\u00e1 a trav\u00e9s de diversas fuentes p\u00fablicas y privadas. Un mecanismo innovador de participaci\u00f3n en los beneficios tambi\u00e9n garantizar\u00e1 <strong>un acceso equitativo a los recursos gen\u00e9ticos marinos<\/strong>.<\/p>\n","protected":false},"excerpt":{"rendered":"Ma\u00f1ana se marcar\u00e1 un hito hist\u00f3rico para la conservaci\u00f3n de los oc\u00e9anos con la entrada en vigor del&hellip;\n","protected":false},"author":2,"featured_media":344327,"comment_status":"","ping_status":"","sticky":false,"template":"","format":"standard","meta":{"footnotes":""},"categories":[5],"tags":[17,18,25,24,13,14,11,19,20,9,10,15,16,23,12,21,22,1617],"class_list":{"0":"post-344326","1":"post","2":"type-post","3":"status-publish","4":"format-standard","5":"has-post-thumbnail","7":"category-titulares","8":"tag-breaking-news","9":"tag-breakingnews","10":"tag-es","11":"tag-espana","12":"tag-featured-news","13":"tag-featurednews","14":"tag-headlines","15":"tag-latest-news","16":"tag-latestnews","17":"tag-news","18":"tag-noticias","19":"tag-noticias-destacadas","20":"tag-noticiasdestacadas","21":"tag-spain","22":"tag-titulares","23":"tag-ultimas-noticias","24":"tag-ultimasnoticias","25":"tag-union-europea"},"share_on_mastodon":{"url":"https:\/\/pubeurope.com\/@es\/115905815039779507","error":""},"_links":{"self":[{"href":"https:\/\/www.europesays.com\/es\/wp-json\/wp\/v2\/posts\/344326","targetHints":{"allow":["GET"]}}],"collection":[{"href":"https:\/\/www.europesays.com\/es\/wp-json\/wp\/v2\/posts"}],"about":[{"href":"https:\/\/www.europesays.com\/es\/wp-json\/wp\/v2\/types\/post"}],"author":[{"embeddable":true,"href":"https:\/\/www.europesays.com\/es\/wp-json\/wp\/v2\/users\/2"}],"replies":[{"embeddable":true,"href":"https:\/\/www.europesays.com\/es\/wp-json\/wp\/v2\/comments?post=344326"}],"version-history":[{"count":0,"href":"https:\/\/www.europesays.com\/es\/wp-json\/wp\/v2\/posts\/344326\/revisions"}],"wp:featuredmedia":[{"embeddable":true,"href":"https:\/\/www.europesays.com\/es\/wp-json\/wp\/v2\/media\/344327"}],"wp:attachment":[{"href":"https:\/\/www.europesays.com\/es\/wp-json\/wp\/v2\/media?parent=344326"}],"wp:term":[{"taxonomy":"category","embeddable":true,"href":"https:\/\/www.europesays.com\/es\/wp-json\/wp\/v2\/categories?post=344326"},{"taxonomy":"post_tag","embeddable":true,"href":"https:\/\/www.europesays.com\/es\/wp-json\/wp\/v2\/tags?post=344326"}],"curies":[{"name":"wp","href":"https:\/\/api.w.org\/{rel}","templated":true}]}}