{"id":344340,"date":"2026-01-16T17:04:14","date_gmt":"2026-01-16T17:04:14","guid":{"rendered":"https:\/\/www.europesays.com\/es\/344340\/"},"modified":"2026-01-16T17:04:14","modified_gmt":"2026-01-16T17:04:14","slug":"can-yaman-reta-a-pablo-motos-fuera-de-el-hormiguero-he-estado-a-punto-de-irme-a-mi-casa-a-llorar","status":"publish","type":"post","link":"https:\/\/www.europesays.com\/es\/344340\/","title":{"rendered":"Can Yaman reta a Pablo Motos fuera de \u2018El Hormiguero\u2019: \u201cHe estado a punto de irme a mi casa a llorar\u201d"},"content":{"rendered":"<p class=\"\">Este mismo jueves, <b>\u2018El Hormiguero\u2019<\/b> recibi\u00f3 en el plat\u00f3 a <b>Can Yaman<\/b> como invitado para promocionar su nueva serie, \u2018El Turco\u2019, de la mano de Movistar Plus+, aunque tambi\u00e9n ha sido noticia recientemente por su arresto en Turqu\u00eda.<\/p>\n<p class=\"\">Todo qued\u00f3 en un susto en una operaci\u00f3n rutinaria antidrogas, y el actor pudo viajar hasta Espa\u00f1a, donde ha vuelto a sorprender a todos, incluido <b>Pablo Motos<\/b>, con su f\u00edsico: \u201c<b>Cuando le he visto sin camiseta he estado a punto de irme a mi casa a llorar<\/b>\u201d, dec\u00eda en el arranque del programa.<\/p>\n<p class=\"\">Y es que el presentador se refiere al momento previo a la emisi\u00f3n de su entrevista, pues<b> tanto \u00e9l como Can Yaman se han sometido a un reto que le hab\u00eda propuesto el turco<\/b>.<\/p>\n<p class=\"\">En el exterior, y con la c\u00e1mara del m\u00f3vil de Pablo Motos grabando, el int\u00e9rprete le ha propuesto retarse f\u00edsicamente, aprovechando que ambos gozan de buen estado de forma: \u201cYo no quer\u00eda bailar, <b>quer\u00eda hacer algo de deporte, y t\u00fa haces mucho deporte. Si quieres hacemos flexiones o dominadas<\/b>\u201d, le dec\u00eda el actor, a lo que el presentador le respond\u00eda que \u201cdominadas\u201d: \u201c<b>Hacemos dominadas sin camiseta, m\u00e1s espect\u00e1culo<\/b>\u201d.<\/p>\n<p class=\"\">Entonces, y mientras Can Yaman se quitaba su camisa, Motos se sorprend\u00eda: \u201c<b>Me voy, adi\u00f3s. Qu\u00e9 barbaridad<\/b>\u201d, a lo que \u00e9ste le preguntaba por su edad, indicando el presentador que tiene 60 a\u00f1os. \u201cYa me gustar\u00eda tener 60 a\u00f1os y tener tu forma f\u00edsica\u201d, respond\u00eda el invitado.<\/p>\n<p>Noticias relacionadas<a href=\"https:\/\/as.com\/tikitakas\/famosos\/can-yaman-se-pronuncia-sobre-su-detencion-en-estambul-me-advirtieron-de-que-las-cosas-estaban-complicadas-f202601-n\/\" class=\"s_m_w\" title=\"El actor turco ha hablado ante \u201820minutos\u2019 sobre su arresto durante una redada antidroga.\" data-tb-link=\"\" rel=\"nofollow noopener\" target=\"_blank\"><img decoding=\"async\" src=\"https:\/\/www.europesays.com\/es\/wp-content\/uploads\/2026\/01\/1768583053_594_Y5E2PL24JVK3TFKEQN43AB43DM.jpg\" alt=\"Can Yaman se pronuncia sobre su detenci\u00f3n en Estambul: \u201cMe advirtieron de que las cosas estaban complicadas\u201d\" class=\"\" height=\"9\" width=\"16\"   loading=\"lazy\" data-tb-thumbnail=\"\"\/><\/a><a href=\"https:\/\/as.com\/tikitakas\/famosos\/el-entrenamiento-de-pablo-motos-a-sus-60-anos-por-navidad-ningun-tratamiento-es-mas-eficaz-f202512-n\/\" class=\"s_m_w\" title=\"El presentador de \u2018El Hormiguero\u2019 ha compartido su rutina de ejercicios durante una sesi\u00f3n de \u2018full body\u2019 en el gimnasio.\" data-tb-link=\"\" rel=\"nofollow noopener\" target=\"_blank\"><img decoding=\"async\" src=\"https:\/\/www.europesays.com\/es\/wp-content\/uploads\/2026\/01\/PWCB6W6JBNFFHAJXQT5CVX534I.png\" alt=\"El entrenamiento de Pablo Motos a sus 60 a\u00f1os por Navidad: \u201cNing\u00fan tratamiento es m\u00e1s eficaz\u201d\" class=\"\" height=\"9\" width=\"16\"   loading=\"lazy\" data-tb-thumbnail=\"\"\/><\/a><\/p>\n<p class=\"\">En ese momento, ambos se sub\u00edan a la barra para hacer dominadas, acabando de una forma muy igualada ambos, con el actor turco superando al presentador, pero en ambos casos <b>superando las 20 dominadas sin parar<\/b>.<\/p>\n<p class=\"\"><b>\u00a1Tus opiniones importan!<\/b> Comenta en los art\u00edculos y suscr\u00edbete gratis a nuestra <a href=\"https:\/\/asfan.as.com\/newsletters\/\" target=\"_blank\" rel=\"nofollow noopener\" title=\"https:\/\/asfan.as.com\/newsletters\/\">newsletter<\/a> y a las alertas informativas en la <a href=\"https:\/\/as.com\/aplicacion-de-as-n\/\" target=\"_blank\" rel=\"nofollow noopener\" title=\"https:\/\/as.com\/aplicacion-de-as-n\/\">App<\/a> o el canal de <a href=\"https:\/\/www.whatsapp.com\/channel\/0029VaAasdA7j6g745nz9M10\" target=\"_blank\" rel=\"nofollow noopener\" title=\"https:\/\/www.whatsapp.com\/channel\/0029VaAasdA7j6g745nz9M10\">WhatsApp<\/a>. \u00bfBuscas licenciar contenido? Haz clic <a href=\"https:\/\/profesional.elpais.com\/landing-sindicacion?utm_medium=interno&amp;utm_source=crosslinking&amp;utm_campaign=sindicacion_as_pie_articulos\" target=\"_blank\" rel=\"nofollow noopener\" title=\"https:\/\/profesional.elpais.com\/landing-sindicacion?utm_medium=interno&amp;utm_source=crosslinking&amp;utm_campaign=sindicacion_as_pie_articulos\">aqu\u00ed<\/a><\/p>\n","protected":false},"excerpt":{"rendered":"Este mismo jueves, \u2018El Hormiguero\u2019 recibi\u00f3 en el plat\u00f3 a Can Yaman como invitado para promocionar su nueva&hellip;\n","protected":false},"author":2,"featured_media":344341,"comment_status":"","ping_status":"","sticky":false,"template":"","format":"standard","meta":{"footnotes":""},"categories":[171],"tags":[146,147,25,24,23,214],"class_list":{"0":"post-344340","1":"post","2":"type-post","3":"status-publish","4":"format-standard","5":"has-post-thumbnail","7":"category-tv","8":"tag-entertainment","9":"tag-entretenimiento","10":"tag-es","11":"tag-espana","12":"tag-spain","13":"tag-tv"},"share_on_mastodon":{"url":"https:\/\/pubeurope.com\/@es\/115905866465516505","error":""},"_links":{"self":[{"href":"https:\/\/www.europesays.com\/es\/wp-json\/wp\/v2\/posts\/344340","targetHints":{"allow":["GET"]}}],"collection":[{"href":"https:\/\/www.europesays.com\/es\/wp-json\/wp\/v2\/posts"}],"about":[{"href":"https:\/\/www.europesays.com\/es\/wp-json\/wp\/v2\/types\/post"}],"author":[{"embeddable":true,"href":"https:\/\/www.europesays.com\/es\/wp-json\/wp\/v2\/users\/2"}],"replies":[{"embeddable":true,"href":"https:\/\/www.europesays.com\/es\/wp-json\/wp\/v2\/comments?post=344340"}],"version-history":[{"count":0,"href":"https:\/\/www.europesays.com\/es\/wp-json\/wp\/v2\/posts\/344340\/revisions"}],"wp:featuredmedia":[{"embeddable":true,"href":"https:\/\/www.europesays.com\/es\/wp-json\/wp\/v2\/media\/344341"}],"wp:attachment":[{"href":"https:\/\/www.europesays.com\/es\/wp-json\/wp\/v2\/media?parent=344340"}],"wp:term":[{"taxonomy":"category","embeddable":true,"href":"https:\/\/www.europesays.com\/es\/wp-json\/wp\/v2\/categories?post=344340"},{"taxonomy":"post_tag","embeddable":true,"href":"https:\/\/www.europesays.com\/es\/wp-json\/wp\/v2\/tags?post=344340"}],"curies":[{"name":"wp","href":"https:\/\/api.w.org\/{rel}","templated":true}]}}