{"id":344350,"date":"2026-01-16T17:09:09","date_gmt":"2026-01-16T17:09:09","guid":{"rendered":"https:\/\/www.europesays.com\/es\/344350\/"},"modified":"2026-01-16T17:09:09","modified_gmt":"2026-01-16T17:09:09","slug":"asi-es-el-corte-de-pelo-corto-super-rejuvenecedor-e-ideal-para-el-cabello-fino-que-se-lleva-en-2026-sobre-todo-a-los-40","status":"publish","type":"post","link":"https:\/\/www.europesays.com\/es\/344350\/","title":{"rendered":"As\u00ed es el corte de pelo corto s\u00faper rejuvenecedor e ideal para el cabello fino que se lleva en 2026 (sobre todo a los 40)"},"content":{"rendered":"<p data-journey-content=\"true\" data-node-id=\"2\" class=\"css-6wxqfj emevuu60\">El <a href=\"https:\/\/www.elle.com\/es\/belleza\/pelo\/g69974392\/cortes-pelo-bob-2026\/\" target=\"_blank\" data-vars-ga-outbound-link=\"https:\/\/www.elle.com\/es\/belleza\/pelo\/g69974392\/cortes-pelo-bob-2026\/\" data-vars-ga-ux-element=\"Hyperlink\" data-vars-ga-call-to-action=\"corte bob\" data-node-id=\"2.1\" class=\"body-link css-103hk4r emevuu60\" rel=\"nofollow noopener\">corte bob<\/a> vuelve a proclamarse el estilo m\u00e1s solicitado de la temporada, y eso que acaba de empezar. Pero ya se confirmaba en <a href=\"https:\/\/www.elle.com\/es\/star-style\/alfombra-roja\/g69971147\/alfombra-roja-globos-oro-2026-mejor-vestidas\/\" target=\"_blank\" data-vars-ga-outbound-link=\"https:\/\/www.elle.com\/es\/star-style\/alfombra-roja\/g69971147\/alfombra-roja-globos-oro-2026-mejor-vestidas\/\" data-vars-ga-ux-element=\"Hyperlink\" data-vars-ga-call-to-action=\"los Globos de Oro\" data-node-id=\"2.3\" class=\"body-link css-103hk4r emevuu60\" rel=\"nofollow noopener\">los Globos de Oro<\/a> con <strong data-node-id=\"2.5\">el bob texturizado de Emma Stone<\/strong>. Despu\u00e9s de la gala, no hubo quien no se cuestionara si cortar por lo sano. Pero antes de esto, este bob ya se hab\u00eda consolidado como una de las tendencias de cortes de pelo para este 2026, y muchos son los peluqueros que lo han incluido como sus propuestas para hacer a sus clientas m\u00e1s especiales este a\u00f1o. <\/p>\n<p><img draggable=\"true\" alt=\"emma stone en los globos de oro\" title=\"emma stone con bob texturizado\" loading=\"lazy\" width=\"3534\" height=\"2357\" decoding=\"async\" data-nimg=\"1\" style=\"color:transparent;width:100%;height:auto;\"   src=\"https:\/\/www.europesays.com\/es\/wp-content\/uploads\/2026\/01\/emma-stone-at-the-83rd-annual-golden-globes-held-at-the-news-photo-1768572297.pjpeg.jpeg\" class=\"css-0 e1g79fud0\"\/><a target=\"_blank\" rel=\"noopener nofollow\" data-theme-key=\"base-link\" href=\"https:\/\/pinterest.com\/pin\/create\/button\/?url=https:\/\/www.elle.com\/es\/belleza\/pelo\/a70019485\/corte-pelo-corto-rejuvenecedor-para-cabello-fino-tendencia-2026\/&amp;description=- ElleSpain&amp;media=https:\/\/hips.hearstapps.com\/hmg-prod\/images\/emma-stone-at-the-83rd-annual-golden-globes-held-at-the-news-photo-1768572297.pjpeg?resize=1600:*\" class=\"pinterest css-on9hn5 e1c1bym14\"><img decoding=\"async\" data-dynamic-svg=\"true\" src=\"https:\/\/www.elle.com\/_assets\/design-tokens\/fre\/static\/icons\/social\/pinterest.e8cf655.svg?primary=%2523ffffff\" loading=\"lazy\" data-testid=\"dynamic-svg-base\" height=\"auto\" width=\"auto\" alt=\"pinterest\" class=\"css-4lml0h e1mlxuuw1\"\/><\/a><\/p>\n<p>Jesse Grant\/2026GG\/\/Getty Images<\/p>\n<p data-journey-content=\"true\" data-node-id=\"6\" class=\"css-6wxqfj emevuu60\">As\u00ed lo confirma <strong data-node-id=\"6.1\">Mar\u00eda Baras, directora art\u00edstica de Sal\u00f3n Cheska<\/strong>, que se proclama como una de las amantes de este estilo de pelo corto: \u00abMe encanta este corte\u00bb, se\u00f1ala la experta. Es uno al que tambi\u00e9n se ha apuntado Gigi Hadid con su nuevo tinte negro o que lucen chicas de lo m\u00e1s internacionales en todos los rincones de Instagram. <\/p>\n<p>C\u00f3mo es el bob texturizado<\/p>\n<p data-journey-content=\"true\" data-node-id=\"11\" class=\"css-6wxqfj emevuu60\">Este bob se construye como una de las versiones m\u00e1s cortas del estilo. Cae a la altura de la mand\u00edbula encuadrando el rostro y aporta frescor, ligereza y dinamismo: \u00ab<strong data-node-id=\"11.1\">Es un bob de base recta, un pel\u00edn m\u00e1s corto en la parte trasera y que va haciendo un \u00e1ngulo hacia adelante m\u00e1s largo<\/strong>\u00ab, explica Baras.<\/p>\n<p data-journey-content=\"true\" data-node-id=\"14\" class=\"css-6wxqfj emevuu60\">\u00abSe construye con un capeado sutil, que le aporta movimiento y textura al pelo. Es decir, que no es s\u00faper recto sin nada de capas, como puede ser el de Lily Collins, que es un <a href=\"https:\/\/www.elle.com\/es\/belleza\/pelo\/a62801796\/corte-pelo-corto-tendencia-otono-estiloso-elegante-queda-bien-a-cualquier-edad\/\" target=\"_blank\" data-vars-ga-outbound-link=\"https:\/\/www.elle.com\/es\/belleza\/pelo\/a62801796\/corte-pelo-corto-tendencia-otono-estiloso-elegante-queda-bien-a-cualquier-edad\/\" data-vars-ga-ux-element=\"Hyperlink\" data-vars-ga-call-to-action=\"blunt bob\" data-node-id=\"14.1\" class=\"body-link css-103hk4r emevuu60\" rel=\"nofollow noopener\">blunt bob<\/a>. Se pueden hacer de mil formas dependiendo de tu tipo de pelo, tu rostro, es un corte personalizado\u00bb, cuenta la experta, y es por eso que le queda bien a todo el mundo, incluso a las melenas finas, que siempre tienen problemas de volumen con los cortes, especialmente cuando incluyen capas.<\/p>\n<p>C\u00f3mo se lleva<\/p>\n<p data-journey-content=\"true\" data-node-id=\"18\" class=\"css-6wxqfj emevuu60\">Cuando Mar\u00eda Baras habla de personalizarlo se refiere a cada detalle: \u00ab<strong data-node-id=\"18.1\">Podemos descargar un poco la punta, hacerlo lineal, recto, pero rompiendo la punta para que gire, para que gane movimiento<\/strong>. Tambi\u00e9n podemos hacer capas invisibles por encima para aportar como volumen y movimiento, y que no se quede pegado en la ra\u00edz. Depende de cada pelo, si tiene textura tu pelo, si es ondulado, si es rizado, si lo quieres con flequillos, si lo quieres m\u00e1s lineal\u00bb, a\u00f1ade la peluquera. <\/p>\n<p data-journey-content=\"true\" data-node-id=\"21\" class=\"css-6wxqfj emevuu60\">\u00abLa gente lo pide porque hay veces que el bob es muy lineal y muy recto sin capas, es como m\u00e1s pesado y te da menos opciones para peinarlo. <strong data-node-id=\"21.1\">Las capas, el movimiento, te dan esa forma de peinarlo m\u00e1s texturizado, con un poco de gesto, haciendo ondas con texturizador o con tus dedos<\/strong>. Es mucho m\u00e1s f\u00e1cil de peinar y la textura da mucho m\u00e1s juego\u00bb, a\u00f1ade. <\/p>\n<p data-journey-content=\"true\" data-node-id=\"24\" class=\"css-6wxqfj emevuu60\">Esta textura, aporta movimiento y cierto volumen a la vez que un punto de aire fresco y rock, que quita a\u00f1os de encima. Aunque lo hemos visto sobre todo a treinta\u00f1eras, realmente lo piden mujeres de 40 porque resta esa seriedad que se va cogiendo con el paso del tiempo aunque te sientas a\u00fan s\u00faper joven.<\/p>\n<p data-journey-content=\"true\" data-node-id=\"26\" class=\"css-6wxqfj emevuu60\">P\u00e9inalo con la raya en el medio para darle ese aspecto ligeramente despeinado y din\u00e1mico que da la personalidad al corte. Estiliza el rostro, aporta equilibrio y simetr\u00eda, y rejuvenece pues es el ingrediente que aporta frescura.<\/p>\n","protected":false},"excerpt":{"rendered":"El corte bob vuelve a proclamarse el estilo m\u00e1s solicitado de la temporada, y eso que acaba de&hellip;\n","protected":false},"author":2,"featured_media":344351,"comment_status":"","ping_status":"","sticky":false,"template":"","format":"standard","meta":{"footnotes":""},"categories":[91],"tags":[253,146,147,25,24,23],"class_list":{"0":"post-344350","1":"post","2":"type-post","3":"status-publish","4":"format-standard","5":"has-post-thumbnail","7":"category-entretenimiento","8":"tag-discover","9":"tag-entertainment","10":"tag-entretenimiento","11":"tag-es","12":"tag-espana","13":"tag-spain"},"share_on_mastodon":{"url":"https:\/\/pubeurope.com\/@es\/115905885870660922","error":""},"_links":{"self":[{"href":"https:\/\/www.europesays.com\/es\/wp-json\/wp\/v2\/posts\/344350","targetHints":{"allow":["GET"]}}],"collection":[{"href":"https:\/\/www.europesays.com\/es\/wp-json\/wp\/v2\/posts"}],"about":[{"href":"https:\/\/www.europesays.com\/es\/wp-json\/wp\/v2\/types\/post"}],"author":[{"embeddable":true,"href":"https:\/\/www.europesays.com\/es\/wp-json\/wp\/v2\/users\/2"}],"replies":[{"embeddable":true,"href":"https:\/\/www.europesays.com\/es\/wp-json\/wp\/v2\/comments?post=344350"}],"version-history":[{"count":0,"href":"https:\/\/www.europesays.com\/es\/wp-json\/wp\/v2\/posts\/344350\/revisions"}],"wp:featuredmedia":[{"embeddable":true,"href":"https:\/\/www.europesays.com\/es\/wp-json\/wp\/v2\/media\/344351"}],"wp:attachment":[{"href":"https:\/\/www.europesays.com\/es\/wp-json\/wp\/v2\/media?parent=344350"}],"wp:term":[{"taxonomy":"category","embeddable":true,"href":"https:\/\/www.europesays.com\/es\/wp-json\/wp\/v2\/categories?post=344350"},{"taxonomy":"post_tag","embeddable":true,"href":"https:\/\/www.europesays.com\/es\/wp-json\/wp\/v2\/tags?post=344350"}],"curies":[{"name":"wp","href":"https:\/\/api.w.org\/{rel}","templated":true}]}}