{"id":344369,"date":"2026-01-16T17:27:07","date_gmt":"2026-01-16T17:27:07","guid":{"rendered":"https:\/\/www.europesays.com\/es\/344369\/"},"modified":"2026-01-16T17:27:07","modified_gmt":"2026-01-16T17:27:07","slug":"la-nueva-cabecera-de-suenos-de-libertad-se-estrena-con-nueva-temporada-nuevos-personajes-y-la-sintonia-interpretada-por-malu","status":"publish","type":"post","link":"https:\/\/www.europesays.com\/es\/344369\/","title":{"rendered":"La nueva cabecera de Sue\u00f1os de libertad se estrena con nueva temporada, nuevos personajes\u2026 \u00a1y la sinton\u00eda interpretada por Mal\u00fa!"},"content":{"rendered":"<p>La <b>nueva temporada de Sue\u00f1os de libertad <\/b>viene llena de sorpresas y nuevas incorporaciones como <b>Fernando Andina, Itziar Atienza, Xenia Tostado, Marina Orta, Delia Brufau o Ana Carlota Fern\u00e1ndez,<\/b> entre otros. Adem\u00e1s, con el estreno de temporada, llega la nueva cabecera de la serie, con la nueva sinton\u00eda de Mal\u00fa.<\/p>\n<p>Con la nueva cabecera, aparecen ya las <b><a title=\"nuevas caras de esta temporada\" href=\"https:\/\/www.antena3.com\/series\/suenos-de-libertad\/nueva-temporada-estos-son-nuevos-actores-tramas-que-veremos-partir-viernes_202601146967819a384d9f038d884ba0.html\" target=\"_blank\" rel=\"nofollow noopener\">nuevas caras de esta temporada<\/a><\/b>, que dan muchas pistas sobre todo lo que se va a venir en los nuevos cap\u00edtulos\u2026 \u00a1nuevas tramas para poner <b>Perfumer\u00edas de la Reina<\/b> patas arriba!<\/p>\n<p><b>Pablo Salazar, Valentina, Beatriz, Nieves Doria, Mabel y Miguel Salazar<\/b>,<b> Salva<\/b> el cantinero\u2026 son algunos de los nuevos personajes que incorpora la serie l\u00edder en ficci\u00f3n de la televisi\u00f3n y que ya aparecen desde hoy en la cabecera de la serie. <\/p>\n<p>La nueva sinton\u00eda de Mal\u00fa<\/p>\n<p><b>Mal\u00fa<\/b> es una de las voces m\u00e1s relevantes y reputadas de la m\u00fasica en espa\u00f1ol. Sus exitosos \u00e1lbumes y giras han hecho de su carrera una de las m\u00e1s consolidadas y respetadas en nuestro pa\u00eds, con m\u00e1s de 2 millones y medio de discos vendidos y 16 multitudinarias giras entre 1998 y 2025.<\/p>\n<p>Y aunque la conocemos principalmente por su faceta musical\u2026 Mal\u00fa destaca tambi\u00e9n por la autenticad que desprende en todos los programas por lo que pasa. Ha participado como asesora a lo largo de los \u00faltimos a\u00f1os en las<\/p>\n<p>diferentes ediciones de <b>\u2018La Voz\u2019 <\/b>y <b>\u2018La Voz Kids\u2019<\/b>, adem\u00e1s de <b>\u2018La Voz All Stars\u2019<\/b>. Y como jurado en <b>\u2018Mask Singer: adivina qui\u00e9n canta\u2019<\/b>. Y ahora tambi\u00e9n podremos disfrutar de su magn\u00edfica interpretaci\u00f3n en la nueva cabecera de \u2018Sue\u00f1os de libertad\u2019, el tema introductorio de la ficci\u00f3n diaria de Antena 3. <\/p>\n<p>As\u00ed, Mal\u00fa ha impreso su sello de identidad a la banda sonora de la serie escrita por <b>Alejando Mart\u00ednez, Lu\u00eds Ramiro y Marw\u00e1n<\/b>. Con su inconfundible voz llena de personalidad, la cantante nos hace emocionarnos una vez m\u00e1s y transportarnos a la colonia de Sue\u00f1os de libertad.<\/p>\n<p>Hace unos meses sali\u00f3 el <b><a title=\"videoclip oficial de la nueva canci\u00f3n de Sue\u00f1os de libertad\" href=\"https:\/\/www.antena3.com\/series\/suenos-de-libertad\/descubre-videoclip-oficial-nueva-cancion-interpretada-malu_20251121691f451e39b3f1652bfb924f.html\" target=\"_blank\" rel=\"nofollow noopener\">videoclip oficial de la nueva canci\u00f3n de Sue\u00f1os de libertad<\/a><\/b>, y era la propia <b>Mal\u00fa<\/b> la que recorr\u00eda la casa de la Reina y el almac\u00e9n de la f\u00e1brica, cantando la nueva sinton\u00eda. \u00a1Si no lo has visto, corre a verlo!<\/p>\n<p>Su voz acompa\u00f1ar\u00e1 a los protagonistas de la nueva cabecera que ya se puede ver en emisi\u00f3n en <b>Antena 3<\/b>. <\/p>\n<p><b>Sue\u00f1os de libertad, cada tarde, de lunes a viernes a las 15:45h.<\/b><\/p>\n","protected":false},"excerpt":{"rendered":"La nueva temporada de Sue\u00f1os de libertad viene llena de sorpresas y nuevas incorporaciones como Fernando Andina, Itziar&hellip;\n","protected":false},"author":2,"featured_media":344370,"comment_status":"","ping_status":"","sticky":false,"template":"","format":"standard","meta":{"footnotes":""},"categories":[171],"tags":[146,147,25,24,23,214],"class_list":{"0":"post-344369","1":"post","2":"type-post","3":"status-publish","4":"format-standard","5":"has-post-thumbnail","7":"category-tv","8":"tag-entertainment","9":"tag-entretenimiento","10":"tag-es","11":"tag-espana","12":"tag-spain","13":"tag-tv"},"share_on_mastodon":{"url":"https:\/\/pubeurope.com\/@es\/115905956623649393","error":""},"_links":{"self":[{"href":"https:\/\/www.europesays.com\/es\/wp-json\/wp\/v2\/posts\/344369","targetHints":{"allow":["GET"]}}],"collection":[{"href":"https:\/\/www.europesays.com\/es\/wp-json\/wp\/v2\/posts"}],"about":[{"href":"https:\/\/www.europesays.com\/es\/wp-json\/wp\/v2\/types\/post"}],"author":[{"embeddable":true,"href":"https:\/\/www.europesays.com\/es\/wp-json\/wp\/v2\/users\/2"}],"replies":[{"embeddable":true,"href":"https:\/\/www.europesays.com\/es\/wp-json\/wp\/v2\/comments?post=344369"}],"version-history":[{"count":0,"href":"https:\/\/www.europesays.com\/es\/wp-json\/wp\/v2\/posts\/344369\/revisions"}],"wp:featuredmedia":[{"embeddable":true,"href":"https:\/\/www.europesays.com\/es\/wp-json\/wp\/v2\/media\/344370"}],"wp:attachment":[{"href":"https:\/\/www.europesays.com\/es\/wp-json\/wp\/v2\/media?parent=344369"}],"wp:term":[{"taxonomy":"category","embeddable":true,"href":"https:\/\/www.europesays.com\/es\/wp-json\/wp\/v2\/categories?post=344369"},{"taxonomy":"post_tag","embeddable":true,"href":"https:\/\/www.europesays.com\/es\/wp-json\/wp\/v2\/tags?post=344369"}],"curies":[{"name":"wp","href":"https:\/\/api.w.org\/{rel}","templated":true}]}}